{"id":3696,"date":"2025-03-12T11:00:00","date_gmt":"2025-03-12T11:00:00","guid":{"rendered":"https:\/\/masterful-artists.com\/?p=3696"},"modified":"2025-03-10T20:07:10","modified_gmt":"2025-03-10T20:07:10","slug":"carlo-carra-painter-2","status":"publish","type":"post","link":"https:\/\/masterful-artists.com\/fr\/carlo-carra-painter-2\/","title":{"rendered":"Carlo Carra Peintre : Ma\u00eetre futuriste de l'art italien"},"content":{"rendered":"<style>.kt-sc3696_1b0d96-2d .kt-sc-imgcol, .kt-sc3696_1b0d96-2d .kt-sc-textcol{min-height:450px;}.kt-sc3696_1b0d96-2d .kt-sc-imgcol{background-size:cover;background-image:url(https:\/\/masterful-artists.com\/wp-content\/uploads\/2025\/02\/08703cb2-8977-4723-9dce-e07f5dfa882f-e1739979477555.jpg);}.kt-sc3696_1b0d96-2d .kt-sc-textcol{padding-top:24px;padding-right:24px;padding-bottom:24px;padding-left:24px;margin-top:0px;margin-right:0px;margin-bottom:0px;margin-left:0px;}@media all and (max-width: 767px){.kt-sc3696_1b0d96-2d .kt-sc-imgcol, .kt-sc3696_1b0d96-2d .kt-sc-textcol{min-height:450px;}}<\/style>\n<div class=\"alignwide kt-sc3696_1b0d96-2d wp-block-kadence-splitcontent\"><div class=\"kt-split-content-wrap kt-sc-media-side-right\" style=\"grid-template-columns:auto 50%\"><div class=\"kt-sc-imgcol kt-sc-imgcol-bg-cover kt-sc-img-side-right\"><\/div><div class=\"kt-sc-textcol kt-sc-text-valign-center kt-sc-text-halign-left\" style=\"box-shadow:20px 15px 25px -8px rgba(0, 0, 0, 0.2)\"><div class=\"kt-sc-innter-col\">\n<p>N\u00e9 le : 11 f\u00e9vrier 1881, Quargnento, Italie<\/p>\n\n\n\n<p>D\u00e9c\u00e8s : 13 avril 1966, Milan, Italie<\/p>\n\n\n\n<p>Mouvement artistique : Futurisme, art m\u00e9taphysique<\/p>\n\n\n\n<p style=\"font-size:19px\">Nationalit\u00e9 : Italien<\/p>\n\n\n\n<p>Enseignant : Cesare Tallone<\/p>\n\n\n\n<p>Institution : Acad\u00e9mie de Brera (Accademia di Brera), Milan<\/p>\n<\/div><\/div><\/div><\/div>\n\n\n\n<p class=\"has-text-align-right has-small-font-size\"><em><sub>Carlo Carra Peintre : Ma\u00eetre futuriste de l'art italien<\/sub><\/em><\/p>\n\n\n<style>.kb-table-of-content-nav.kb-table-of-content-id3696_4a9b7d-1d .kb-table-of-content-wrap{padding-top:var(--global-kb-spacing-sm, 1.5rem);padding-right:var(--global-kb-spacing-sm, 1.5rem);padding-bottom:var(--global-kb-spacing-sm, 1.5rem);padding-left:var(--global-kb-spacing-sm, 1.5rem);background-color:var(--global-palette1, #3182CE);max-width:1001px;}.kb-table-of-content-nav.kb-table-of-content-id3696_4a9b7d-1d .kb-table-of-contents-title-wrap{padding-top:0px;padding-right:0px;padding-bottom:0px;padding-left:0px;}.kb-table-of-content-nav.kb-table-of-content-id3696_4a9b7d-1d .kb-table-of-contents-title-wrap{color:var(--global-palette3, #1A202C);}.kb-table-of-content-nav.kb-table-of-content-id3696_4a9b7d-1d .kb-table-of-contents-title{color:var(--global-palette3, #1A202C);letter-spacing:4.9px;font-weight:regular;font-style:normal;text-transform:uppercase;}.kb-table-of-content-nav.kb-table-of-content-id3696_4a9b7d-1d .kb-table-of-content-wrap .kb-table-of-content-list{color:var(--global-palette3, #1A202C);font-size:20px;letter-spacing:-0.1px;font-weight:bold;font-style:normal;text-transform:none;margin-top:var(--global-kb-spacing-sm, 1.5rem);margin-right:0px;margin-bottom:0px;margin-left:0px;}.kb-table-of-content-nav.kb-table-of-content-id3696_4a9b7d-1d .kb-table-of-content-wrap .kb-table-of-content-list .active > .kb-table-of-contents__entry{color:var(--global-palette7, #EDF2F7);}.kb-table-of-content-nav.kb-table-of-content-id3696_4a9b7d-1d .kb-toggle-icon-style-basiccircle .kb-table-of-contents-icon-trigger:after, .kb-table-of-content-nav.kb-table-of-content-id3696_4a9b7d-1d .kb-toggle-icon-style-basiccircle .kb-table-of-contents-icon-trigger:before, .kb-table-of-content-nav.kb-table-of-content-id3696_4a9b7d-1d .kb-toggle-icon-style-arrowcircle .kb-table-of-contents-icon-trigger:after, .kb-table-of-content-nav.kb-table-of-content-id3696_4a9b7d-1d .kb-toggle-icon-style-arrowcircle .kb-table-of-contents-icon-trigger:before, .kb-table-of-content-nav.kb-table-of-content-id3696_4a9b7d-1d .kb-toggle-icon-style-xclosecircle .kb-table-of-contents-icon-trigger:after, .kb-table-of-content-nav.kb-table-of-content-id3696_4a9b7d-1d .kb-toggle-icon-style-xclosecircle .kb-table-of-contents-icon-trigger:before{background-color:var(--global-palette1, #3182CE);}@media all and (max-width: 767px){.kb-table-of-content-nav.kb-table-of-content-id3696_4a9b7d-1d .kb-table-of-contents-title{font-size:var(--global-kb-font-size-md, 1.25rem);}.kb-table-of-content-nav.kb-table-of-content-id3696_4a9b7d-1d .kb-table-of-content-wrap .kb-table-of-content-list{font-size:var(--global-kb-font-size-md, 1.25rem);}}<\/style>\n\n\n<h2 class=\"wp-block-heading\">Vie et carri\u00e8re de Carlo Carr\u00e0<\/h2>\n\n\n\n<p>Carlo Carr\u00e0 \u00e9tait un peintre italien de premier plan qui a contribu\u00e9 de mani\u00e8re significative aux mouvements artistiques futuristes et m\u00e9taphysiques. Sa vie et sa carri\u00e8re ont \u00e9t\u00e9 marqu\u00e9es par des changements artistiques et politiques majeurs en Italie au d\u00e9but du XXe si\u00e8cle.<\/p>\n\n\n\n<h3 class=\"wp-block-heading\">Les d\u00e9buts \u00e0 Quargnento et \u00e0 Milan<\/h3>\n\n\n\n<p>Carlo Carr\u00e0 est n\u00e9 le 11 f\u00e9vrier 1881 \u00e0 Quargnento, une petite ville du Pi\u00e9mont, en Italie. \u00c0 l'\u00e2ge de 12 ans, il commence \u00e0 travailler comme d\u00e9corateur mural. Cette exposition pr\u00e9coce \u00e0 l'art a fa\u00e7onn\u00e9 son futur parcours professionnel.<\/p>\n\n\n\n<figure class=\"wp-block-gallery has-nested-images columns-default is-cropped wp-block-gallery-1 is-layout-flex wp-block-gallery-is-layout-flex\">\n<figure class=\"wp-block-image size-large\"><img loading=\"lazy\" decoding=\"async\" width=\"750\" height=\"470\" data-id=\"5734\" src=\"https:\/\/masterful-artists.com\/wp-content\/uploads\/2025\/02\/natura-morta-con-la-squadra-1917.jpgLarge-e1739979689217.jpg\" alt=\"Natura morta con la squadra (1917) refl\u00e8te sa transition du futurisme \u00e0 la peinture m\u00e9taphysique. \" class=\"wp-image-5734\" srcset=\"https:\/\/masterful-artists.com\/wp-content\/uploads\/2025\/02\/natura-morta-con-la-squadra-1917.jpgLarge-e1739979689217.jpg 750w, https:\/\/masterful-artists.com\/wp-content\/uploads\/2025\/02\/natura-morta-con-la-squadra-1917.jpgLarge-e1739979689217-300x188.jpg 300w\" sizes=\"auto, (max-width: 750px) 100vw, 750px\" \/><\/figure>\n<\/figure>\n\n\n\n<p class=\"has-text-align-center\"><em><sub>Natura morta con la squadra (1917) de Carlo Carr<\/sub><\/em><sub>a<\/sub><\/p>\n\n\n\n<p>En 1899, Carr\u00e0 s'installe \u00e0 Milan. La sc\u00e8ne artistique dynamique de la ville et l'industrialisation croissante ont eu un impact important sur sa vision artistique. Il exerce divers emplois pour subvenir \u00e0 ses besoins tout en poursuivant sa passion pour la peinture.<\/p>\n\n\n\n<h3 class=\"wp-block-heading\">D\u00e9veloppement artistique \u00e0 l'Acad\u00e9mie de Brera<\/h3>\n\n\n\n<p>En 1906, Carr\u00e0 s'inscrit \u00e0 la prestigieuse Acad\u00e9mie Brera de Milan. Il y \u00e9tudie avec le peintre italien Cesare Tallone. \u00c0 l'acad\u00e9mie, Carr\u00e0 perfectionne ses comp\u00e9tences techniques et explore diff\u00e9rents styles artistiques.<\/p>\n\n\n\n<p>Carr\u00e0 \u00e9tait attir\u00e9 par les \u0153uvres de ma\u00eetres italiens tels que Giotto et Paolo Uccello. L'influence de ces ma\u00eetres se retrouve dans ses derni\u00e8res peintures. Le s\u00e9jour de Carr\u00e0 \u00e0 Brera a \u00e9t\u00e9 d\u00e9terminant pour son d\u00e9veloppement en tant qu'artiste.<\/p>\n\n\n\n<h3 class=\"wp-block-heading\">Futurisme et relations avec d'autres artistes<\/h3>\n\n\n\n<p>En 1910, Carr\u00e0 devient une figure cl\u00e9 du mouvement futuriste. Il est coauteur du \"Manifeste des peintres futuristes\" avec d'autres artistes comme Umberto Boccioni et Luigi Russolo.<\/p>\n\n\n\n<figure class=\"wp-block-gallery has-nested-images columns-default is-cropped wp-block-gallery-2 is-layout-flex wp-block-gallery-is-layout-flex\">\n<figure class=\"wp-block-image size-large\"><img loading=\"lazy\" decoding=\"async\" width=\"750\" height=\"420\" data-id=\"5735\" src=\"https:\/\/masterful-artists.com\/wp-content\/uploads\/2025\/02\/i-nuotatori-1932.jpgLarge-e1739979680554.jpg\" alt=\"I nuotatori (1930-1932) de Carlo Carra refl\u00e8te la transition de l&#039;artiste du futurisme vers un style plus classique et m\u00e9taphysique.\" class=\"wp-image-5735\" srcset=\"https:\/\/masterful-artists.com\/wp-content\/uploads\/2025\/02\/i-nuotatori-1932.jpgLarge-e1739979680554.jpg 750w, https:\/\/masterful-artists.com\/wp-content\/uploads\/2025\/02\/i-nuotatori-1932.jpgLarge-e1739979680554-300x168.jpg 300w\" sizes=\"auto, (max-width: 750px) 100vw, 750px\" \/><\/figure>\n<\/figure>\n\n\n\n<p class=\"has-text-align-center\"><em><sub>I nuotatori (1930-1932) de Carlo Carra<\/sub><\/em><\/p>\n\n\n\n<p>Les \u0153uvres futuristes de Carr\u00e0 se concentrent sur la capture du mouvement et de la vie urbaine moderne. Il a nou\u00e9 des relations \u00e9troites avec d'autres artistes futuristes, dont Giacomo Balla et Filippo Marinetti.<\/p>\n\n\n\n<p>Ses peintures de cette p\u00e9riode repr\u00e9sentent souvent des sc\u00e8nes urbaines anim\u00e9es et l'\u00e9nergie du monde moderne. Le style de Carr\u00e0 \u00e9tait audacieux et dynamique, utilisant des couleurs vives et des formes fragment\u00e9es.<\/p>\n\n\n\n<h3 class=\"wp-block-heading\">Passer \u00e0 la peinture m\u00e9taphysique<\/h3>\n\n\n\n<p>La Premi\u00e8re Guerre mondiale marque un tournant dans la carri\u00e8re de Carr\u00e0. En 1917, il rencontre Giorgio De Chirico alors qu'il est sous les drapeaux. Cette rencontre a permis \u00e0 Carr\u00e0 de s'impliquer dans l'\u0153uvre de l'artiste. <a href=\"https:\/\/masterful-artists.com\/fr\/le-realisme-dans-lart\/\">Art m\u00e9taphysique<\/a> mouvement.<\/p>\n\n\n\n<p>Le style de Carr\u00e0 change radicalement. Il commence \u00e0 cr\u00e9er des sc\u00e8nes oniriques avec d'\u00e9tranges juxtapositions d'objets. Ses peintures deviennent plus myst\u00e9rieuses et plus contemplatives.<\/p>\n\n\n\n<p>Cette p\u00e9riode a montr\u00e9 la polyvalence de Carr\u00e0 en tant qu'artiste. Il s'\u00e9loigne du bruit et de la vitesse du futurisme pour explorer des th\u00e8mes plus calmes et plus introspectifs.<\/p>\n\n\n\n<h3 class=\"wp-block-heading\">Les derni\u00e8res ann\u00e9es et l'engagement politique<\/h3>\n\n\n\n<p>Dans les ann\u00e9es 1920, Carr\u00e0 s'associe au groupe Strapaese. Ce mouvement promeut les valeurs traditionnelles italiennes dans l'art. Son style change \u00e0 nouveau, se concentrant davantage sur les paysages et les natures mortes.<\/p>\n\n\n\n<figure class=\"wp-block-gallery has-nested-images columns-default is-cropped wp-block-gallery-3 is-layout-flex wp-block-gallery-is-layout-flex\">\n<figure class=\"wp-block-image size-large\"><img loading=\"lazy\" decoding=\"async\" width=\"437\" height=\"600\" data-id=\"5736\" src=\"https:\/\/masterful-artists.com\/wp-content\/uploads\/2025\/02\/night-at-piazza-beccaria-in-milan.jpgLarge-e1739980143905.jpg\" alt=\"Night at Piazza Beccaria in Milan (1910) capture l&#039;\u00e9nergie et le dynamisme d&#039;une sc\u00e8ne urbaine nocturne.\" class=\"wp-image-5736\" srcset=\"https:\/\/masterful-artists.com\/wp-content\/uploads\/2025\/02\/night-at-piazza-beccaria-in-milan.jpgLarge-e1739980143905.jpg 437w, https:\/\/masterful-artists.com\/wp-content\/uploads\/2025\/02\/night-at-piazza-beccaria-in-milan.jpgLarge-e1739980143905-219x300.jpg 219w\" sizes=\"auto, (max-width: 437px) 100vw, 437px\" \/><figcaption class=\"wp-element-caption\"><em>Nuit sur la Piazza Beccaria \u00e0 Milan (1910)<\/em><\/figcaption><\/figure>\n\n\n\n<figure class=\"wp-block-image size-large\"><img loading=\"lazy\" decoding=\"async\" width=\"422\" height=\"600\" data-id=\"5738\" src=\"https:\/\/masterful-artists.com\/wp-content\/uploads\/2025\/02\/paesaggio-1909.jpgLarge-e1739980165959.jpg\" alt=\"Le Paesaggio (1909) de Carlo Carr\u00e0 repr\u00e9sente une premi\u00e8re \u00e9tape dans la carri\u00e8re de l&#039;artiste.\" class=\"wp-image-5738\" srcset=\"https:\/\/masterful-artists.com\/wp-content\/uploads\/2025\/02\/paesaggio-1909.jpgLarge-e1739980165959.jpg 422w, https:\/\/masterful-artists.com\/wp-content\/uploads\/2025\/02\/paesaggio-1909.jpgLarge-e1739980165959-211x300.jpg 211w\" sizes=\"auto, (max-width: 422px) 100vw, 422px\" \/><figcaption class=\"wp-element-caption\"><em>Paesaggio (1909) de Carlo Carr\u00e0<\/em><\/figcaption><\/figure>\n<\/figure>\n\n\n\n<p>Les opinions politiques de Carr\u00e0 \u00e9voluent \u00e9galement. Il soutient le fascisme et devient de plus en plus nationaliste. Cette position a influenc\u00e9 son art et son \u00e9criture au cours de cette p\u00e9riode.<\/p>\n\n\n\n<p>Malgr\u00e9 les controverses politiques, Carr\u00e0 a continu\u00e9 \u00e0 peindre et \u00e0 enseigner. Il a \u00e9t\u00e9 professeur \u00e0 l'Acad\u00e9mie de Brera de 1941 \u00e0 1952. Les derni\u00e8res \u0153uvres de Carr\u00e0 repr\u00e9sentent souvent des sc\u00e8nes c\u00f4ti\u00e8res sereines et des int\u00e9rieurs tranquilles.<\/p>\n\n\n\n<p>Carlo Carr\u00e0 est mort \u00e0 Milan le 13 avril 1966. Son \u0153uvre vari\u00e9e a laiss\u00e9 un impact durable sur l'art italien. Aujourd'hui, on se souvient de lui comme d'un artiste polyvalent qui a contribu\u00e9 \u00e0 fa\u00e7onner de nombreux mouvements artistiques.<\/p>\n\n\n\n<h2 class=\"wp-block-heading\">\u0152uvres notables de Carlo Carr\u00e0<\/h2>\n\n\n\n<p>Carlo Carr\u00e0 a cr\u00e9\u00e9 de nombreuses peintures influentes tout au long de sa carri\u00e8re. Son art couvre de nombreux styles et mouvements, laissant un impact durable sur le modernisme italien.<\/p>\n\n\n\n<h3 class=\"wp-block-heading\">Contributions fondamentales au futurisme<\/h3>\n\n\n\n<p>Carr\u00e0 a jou\u00e9 un r\u00f4le cl\u00e9 dans la <a href=\"https:\/\/masterful-artists.com\/fr\/pietro-da-cortona-peintre-baroque\/\">Mouvement futuriste<\/a> du d\u00e9but des ann\u00e9es 1900. Son tableau \"Les fun\u00e9railles de l'anarchiste Galli\" (1911) est un excellent exemple de l'art futuriste. Il repr\u00e9sente une sc\u00e8ne de rue chaotique avec des couleurs vives et des formes fragment\u00e9es.<\/p>\n\n\n\n<figure class=\"wp-block-gallery has-nested-images columns-default is-cropped wp-block-gallery-4 is-layout-flex wp-block-gallery-is-layout-flex\">\n<figure class=\"wp-block-image size-large\"><img loading=\"lazy\" decoding=\"async\" width=\"800\" height=\"618\" data-id=\"5742\" src=\"https:\/\/masterful-artists.com\/wp-content\/uploads\/2025\/02\/800px-Funeraloftheanarchistgalli-e1739980692439.jpg\" alt=\"Les fun\u00e9railles de l&#039;anarchiste Galli (Il Funerale dell&#039;Anarchico Galli, 1910-1911) refl\u00e8tent le chaos, la violence et l&#039;\u00e9nergie r\u00e9volutionnaire.\" class=\"wp-image-5742\" srcset=\"https:\/\/masterful-artists.com\/wp-content\/uploads\/2025\/02\/800px-Funeraloftheanarchistgalli-e1739980692439.jpg 800w, https:\/\/masterful-artists.com\/wp-content\/uploads\/2025\/02\/800px-Funeraloftheanarchistgalli-e1739980692439-300x232.jpg 300w, https:\/\/masterful-artists.com\/wp-content\/uploads\/2025\/02\/800px-Funeraloftheanarchistgalli-e1739980692439-768x593.jpg 768w\" sizes=\"auto, (max-width: 800px) 100vw, 800px\" \/><\/figure>\n<\/figure>\n\n\n\n<p class=\"has-text-align-center\"><em><sub>Les fun\u00e9railles de l'anarchiste Galli (Il Funerale dell'Anarchico Galli, 1910-1911)<\/sub><\/em><\/p>\n\n\n\n<p>L'\u0153uvre capture l'\u00e9nergie et le mouvement que les futuristes aimaient. Carr\u00e0 utilise des angles aigus et des formes r\u00e9p\u00e9titives pour montrer le mouvement. Il a peint des figures aux contours flous pour donner une impression de vitesse.<\/p>\n\n\n\n<p>Une autre \u0153uvre importante des futuristes est \"Donna al Balcone\" (1912). Cette peinture d\u00e9compose la forme d'une femme en formes g\u00e9om\u00e9triques. Elle vise \u00e0 montrer plusieurs points de vue \u00e0 la fois.<\/p>\n\n\n\n<h3 class=\"wp-block-heading\">Peintures m\u00e9taphysiques embl\u00e9matiques<\/h3>\n\n\n\n<p>Au milieu des ann\u00e9es 1910, Carr\u00e0 passe \u00e0 la peinture m\u00e9taphysique. Ce style utilise des sc\u00e8nes oniriques et des juxtapositions bizarres d'objets. Son \u0153uvre \"La muse m\u00e9taphysique\" (1917) est une pi\u00e8ce ma\u00eetresse de cette p\u00e9riode.<\/p>\n\n\n\n<p>Le tableau repr\u00e9sente un personnage ressemblant \u00e0 un mannequin dans une pi\u00e8ce peu spacieuse. Des objets \u00e9tranges, comme un poisson et des formes g\u00e9om\u00e9triques, flottent \u00e0 proximit\u00e9. La sc\u00e8ne a un caract\u00e8re \u00e9trange et irr\u00e9el, typique de l'art m\u00e9taphysique.<\/p>\n\n\n\n<p>\"Morning by the Sea\" (1928) m\u00eale des \u00e9l\u00e9ments m\u00e9taphysiques \u00e0 des paysages plus traditionnels. Elle d\u00e9peint une sc\u00e8ne de plage calme avec des objets bizarres plac\u00e9s un peu partout.<\/p>\n\n\n\n<h3 class=\"wp-block-heading\">Influence sur les mouvements artistiques ult\u00e9rieurs<\/h3>\n\n\n\n<p>L'\u0153uvre de Carr\u00e0 a eu un impact important sur les artistes et les styles ult\u00e9rieurs. Ses peintures futuristes ont contribu\u00e9 \u00e0 \u00e9veiller l'int\u00e9r\u00eat pour la repr\u00e9sentation du mouvement et de l'\u00e9nergie dans l'art. Cette influence se retrouve dans l'art abstrait et cin\u00e9tique ult\u00e9rieur.<\/p>\n\n\n\n<figure class=\"wp-block-gallery has-nested-images columns-default is-cropped wp-block-gallery-5 is-layout-flex wp-block-gallery-is-layout-flex\">\n<figure class=\"wp-block-image size-large\"><img loading=\"lazy\" decoding=\"async\" width=\"443\" height=\"600\" data-id=\"5740\" src=\"https:\/\/masterful-artists.com\/wp-content\/uploads\/2025\/02\/autunno-ritratto-di-emilio-colombo-1909.jpgLarge-e1739980670113.jpg\" alt=\"Autunno. Ritratto di Emilio Colombo (1909) capture le sujet dans un \u00e9tat contemplatif, entour\u00e9 d&#039;une atmosph\u00e8re automnale.\" class=\"wp-image-5740\" srcset=\"https:\/\/masterful-artists.com\/wp-content\/uploads\/2025\/02\/autunno-ritratto-di-emilio-colombo-1909.jpgLarge-e1739980670113.jpg 443w, https:\/\/masterful-artists.com\/wp-content\/uploads\/2025\/02\/autunno-ritratto-di-emilio-colombo-1909.jpgLarge-e1739980670113-222x300.jpg 222w\" sizes=\"auto, (max-width: 443px) 100vw, 443px\" \/><figcaption class=\"wp-element-caption\"><em>Automne. Ritratto di Emilio Colombo (1909)<\/em><\/figcaption><\/figure>\n\n\n\n<figure class=\"wp-block-image size-large\"><img loading=\"lazy\" decoding=\"async\" width=\"470\" height=\"600\" data-id=\"5741\" src=\"https:\/\/masterful-artists.com\/wp-content\/uploads\/2025\/02\/ritratto-di-papini-1913.jpgLarge-e1739980682397.jpg\" alt=\"Ritratto di Papini (1913) refl\u00e8te l&#039;approche futuriste du portrait.\" class=\"wp-image-5741\" srcset=\"https:\/\/masterful-artists.com\/wp-content\/uploads\/2025\/02\/ritratto-di-papini-1913.jpgLarge-e1739980682397.jpg 470w, https:\/\/masterful-artists.com\/wp-content\/uploads\/2025\/02\/ritratto-di-papini-1913.jpgLarge-e1739980682397-235x300.jpg 235w\" sizes=\"auto, (max-width: 470px) 100vw, 470px\" \/><figcaption class=\"wp-element-caption\"><em>Ritratto di Papini (1913) de Carlo Carra<\/em><\/figcaption><\/figure>\n<\/figure>\n\n\n\n<p>Ses \u0153uvres m\u00e9taphysiques ont ouvert la voie au surr\u00e9alisme. Les sc\u00e8nes \u00e9tranges et le caract\u00e8re onirique de ses peintures ont inspir\u00e9 de nombreux artistes surr\u00e9alistes.<\/p>\n\n\n\n<p>\u00c0 la fin de sa vie, Carr\u00e0 est revenu \u00e0 des styles plus traditionnels. Il se concentre sur les paysages et les natures mortes. Ces \u0153uvres t\u00e9moignent de l'influence durable des premiers ma\u00eetres italiens comme Giotto sur son art.<\/p>\n\n\n\n<h2 class=\"wp-block-heading\">L'h\u00e9ritage et la reconnaissance de Carlo Carr\u00e0<\/h2>\n\n\n\n<p>Carlo Carr\u00e0 a laiss\u00e9 un impact durable sur l'art du XXe si\u00e8cle. Son travail et ses id\u00e9es novatrices ont fa\u00e7onn\u00e9 de nombreux mouvements artistiques et ont influenc\u00e9 les artistes de l'Union europ\u00e9enne. <a href=\"https:\/\/masterful-artists.com\/fr\/artistes\/\">des g\u00e9n\u00e9rations d'artistes<\/a>.<\/p>\n\n\n\n<h3 class=\"wp-block-heading\">Influence sur l'art italien et international<\/h3>\n\n\n\n<p>L'art de Carr\u00e0 a profond\u00e9ment marqu\u00e9 les sc\u00e8nes artistiques italiennes et mondiales. Il a \u00e9t\u00e9 l'un des pionniers du futurisme, cr\u00e9ant des peintures dynamiques qui capturaient le mouvement et la vie moderne. Son passage \u00e0 la peinture m\u00e9taphysique avec Giorgio de Chirico a ouvert de nouveaux horizons \u00e0 l'imagerie surr\u00e9aliste. De nombreux artistes se sont inspir\u00e9s de l'\u00e9volution du style de Carr\u00e0.<\/p>\n\n\n\n<figure class=\"wp-block-gallery has-nested-images columns-default is-cropped wp-block-gallery-6 is-layout-flex wp-block-gallery-is-layout-flex\">\n<figure class=\"wp-block-image size-large\"><img loading=\"lazy\" decoding=\"async\" width=\"422\" height=\"553\" data-id=\"5743\" src=\"https:\/\/masterful-artists.com\/wp-content\/uploads\/2025\/02\/interventionist-demonstration-patriotic-holiday-freeword-painting-1914-1914-e1739981059410.jpg\" alt=\"Interventionist Demonstration (Patriotic Holiday-Freeword Painting) (1914) refl\u00e8te l&#039;adh\u00e9sion du mouvement futuriste \u00e0 l&#039;activisme politique.\" class=\"wp-image-5743\" srcset=\"https:\/\/masterful-artists.com\/wp-content\/uploads\/2025\/02\/interventionist-demonstration-patriotic-holiday-freeword-painting-1914-1914-e1739981059410.jpg 422w, https:\/\/masterful-artists.com\/wp-content\/uploads\/2025\/02\/interventionist-demonstration-patriotic-holiday-freeword-painting-1914-1914-e1739981059410-229x300.jpg 229w\" sizes=\"auto, (max-width: 422px) 100vw, 422px\" \/><figcaption class=\"wp-element-caption\"><em>Manifestation interventionniste (f\u00eate patriotique - peinture \u00e0 mots libres) (1914)<\/em><\/figcaption><\/figure>\n\n\n\n<figure class=\"wp-block-image size-large\"><img loading=\"lazy\" decoding=\"async\" width=\"455\" height=\"600\" data-id=\"5744\" src=\"https:\/\/masterful-artists.com\/wp-content\/uploads\/2025\/02\/armtrain.jpgLarge-e1739981072811.jpg\" alt=\"Armtrain (1915) de Carlo Carra refl\u00e8te la tension et la puissance m\u00e9canis\u00e9e de la Premi\u00e8re Guerre mondiale.\" class=\"wp-image-5744\" srcset=\"https:\/\/masterful-artists.com\/wp-content\/uploads\/2025\/02\/armtrain.jpgLarge-e1739981072811.jpg 455w, https:\/\/masterful-artists.com\/wp-content\/uploads\/2025\/02\/armtrain.jpgLarge-e1739981072811-228x300.jpg 228w\" sizes=\"auto, (max-width: 455px) 100vw, 455px\" \/><figcaption class=\"wp-element-caption\"><em>Armtrain (1915) de Carlo Carra<\/em><\/figcaption><\/figure>\n<\/figure>\n\n\n\n<p>Les \u00e9crits de Carr\u00e0 ont \u00e9galement diffus\u00e9 ses id\u00e9es. Il est l'auteur d'importants manifestes futuristes et de livres sur la th\u00e9orie de l'art. Ces textes ont fa\u00e7onn\u00e9 les d\u00e9bats sur les objectifs et les techniques de l'art moderne.<\/p>\n\n\n\n<h3 class=\"wp-block-heading\">Expositions et r\u00e9trospectives<\/h3>\n\n\n\n<p>De grands mus\u00e9es ont rendu hommage \u00e0 Carr\u00e0 en organisant des expositions sur son parcours artistique. La Biennale de Venise de 1962 a pr\u00e9sent\u00e9 une grande exposition de ses \u0153uvres. En 2018, l'Estorick Collection de Londres a organis\u00e9 l'exposition \"Carlo Carr\u00e0\", consacr\u00e9e \u00e0 sa p\u00e9riode m\u00e9taphysique.<\/p>\n\n\n\n<p>Les peintures de Carr\u00e0 figurent dans les plus grands mus\u00e9es du monde. Le Museum of Modern Art de New York et la Pinacoth\u00e8que de Brera \u00e0 Milan abritent des \u0153uvres remarquables. Ces lieux permettent \u00e0 de nouveaux publics de d\u00e9couvrir l'art de Carr\u00e0.<\/p>\n\n\n\n<h3 class=\"wp-block-heading\">Carr\u00e0 dans la recherche et les publications scientifiques<\/h3>\n\n\n\n<p>Les historiens de l'art \u00e9tudient le r\u00f4le de Carr\u00e0 dans les mouvements artistiques du XXe si\u00e8cle. Ses passages d'un style \u00e0 l'autre permettent de comprendre l'\u00e9volution du modernisme. Les chercheurs analysent comment l'art de Carr\u00e0 a refl\u00e9t\u00e9 l'\u00e9volution de la politique et de la culture italiennes.<\/p>\n\n\n\n<figure class=\"wp-block-gallery has-nested-images columns-default is-cropped wp-block-gallery-7 is-layout-flex wp-block-gallery-is-layout-flex\">\n<figure class=\"wp-block-image size-large\"><img loading=\"lazy\" decoding=\"async\" width=\"800\" height=\"628\" data-id=\"5737\" src=\"https:\/\/masterful-artists.com\/wp-content\/uploads\/2025\/02\/Carlo_Carra_Il_cavaliere_dello_spirito_occidentale_1917-e1739980153459.jpg\" alt=\"Il cavaliere dello spirito occidentale (1917) illustre l&#039;int\u00e9r\u00eat croissant de Carr\u00e0 pour l&#039;imagerie symbolique et les compositions structur\u00e9es.\" class=\"wp-image-5737\" srcset=\"https:\/\/masterful-artists.com\/wp-content\/uploads\/2025\/02\/Carlo_Carra_Il_cavaliere_dello_spirito_occidentale_1917-e1739980153459.jpg 800w, https:\/\/masterful-artists.com\/wp-content\/uploads\/2025\/02\/Carlo_Carra_Il_cavaliere_dello_spirito_occidentale_1917-e1739980153459-300x236.jpg 300w, https:\/\/masterful-artists.com\/wp-content\/uploads\/2025\/02\/Carlo_Carra_Il_cavaliere_dello_spirito_occidentale_1917-e1739980153459-768x603.jpg 768w\" sizes=\"auto, (max-width: 800px) 100vw, 800px\" \/><\/figure>\n<\/figure>\n\n\n\n<p class=\"has-text-align-center\"><em><sub>Il cavaliere dello spirito occidentale (1917)<\/sub><\/em><\/p>\n\n\n\n<p>Des livres et des articles explorent les techniques et les th\u00e8mes de Carr\u00e0. Les critiques examinent son utilisation de la couleur, de la forme et du symbolisme. Les recherches portent \u00e9galement sur les relations de Carr\u00e0 avec d'autres artistes comme Giorgio Morandi.<\/p>\n\n\n\n<p>La page Wikip\u00e9dia de Carr\u00e0 donne un aper\u00e7u gratuit de sa vie et de son \u0153uvre. Elle constitue un point de d\u00e9part pour ceux qui d\u00e9couvrent ce peintre italien influent.<\/p>\n\n\n\n<h2 class=\"wp-block-heading\">Questions fr\u00e9quemment pos\u00e9es<\/h2>\n\n\n\n<p>Carlo Carr\u00e0 est une figure cl\u00e9 de l'art italien du d\u00e9but du XXe si\u00e8cle. Il a eu un impact important sur les styles du futurisme et de la peinture m\u00e9taphysique.<\/p>\n\n\n\n<h3 class=\"wp-block-heading\">Pourquoi Carlo Carr\u00e0 est-il connu dans le monde de l'art ?<\/h3>\n\n\n\n<p>Carlo Carr\u00e0 \u00e9tait l'un des principaux peintres italiens du mouvement futuriste. Il a contribu\u00e9 \u00e0 cr\u00e9er de nouvelles fa\u00e7ons de montrer le mouvement et l'\u00e9nergie dans l'art. Carr\u00e0 a \u00e9galement jou\u00e9 un r\u00f4le important dans la peinture m\u00e9taphysique.<\/p>\n\n\n\n<h3 class=\"wp-block-heading\">Quelles sont les contributions notables de Carlo Carr\u00e0 au mouvement futuriste ?<\/h3>\n\n\n\n<p>Carr\u00e0 a r\u00e9dig\u00e9 les principaux manifestes futuristes qui exposent les id\u00e9es du mouvement. Ses peintures, comme \"Fun\u00e9railles de l'anarchiste Galli\", illustrent les id\u00e9es futuristes de mouvement et de chaos. Il a utilis\u00e9 des couleurs vives et des formes bris\u00e9es pour cr\u00e9er une impression de vitesse.<\/p>\n\n\n\n<h3 class=\"wp-block-heading\">Comment l'\u0153uvre de Carlo Carr\u00e0 a-t-elle influenc\u00e9 le style de la peinture m\u00e9taphysique ?<\/h3>\n\n\n\n<p>Carr\u00e0 a travaill\u00e9 avec Giorgio de Chirico pour lancer la peinture m\u00e9taphysique. Ce style utilise des m\u00e9langes bizarres d'objets pour cr\u00e9er des sc\u00e8nes oniriques. Les derni\u00e8res \u0153uvres de Carr\u00e0 pr\u00e9sentent des formes simples et des ambiances calmes, tr\u00e8s diff\u00e9rentes de son art futuriste.<\/p>\n\n\n\n<h3 class=\"wp-block-heading\">Pouvez-vous d\u00e9crire l'importance de \"Fun\u00e9railles de l'anarchiste Galli\" dans la carri\u00e8re de Carr\u00e0 ?<\/h3>\n\n\n\n<p>\"L'enterrement de l'anarchiste Galli est l'une des \u0153uvres les plus c\u00e9l\u00e8bres de Carr\u00e0. Elle repr\u00e9sente une sc\u00e8ne d'enterrement chaotique avec des couleurs vives et des angles aigus. Ce tableau a contribu\u00e9 \u00e0 faire de Carr\u00e0 un artiste futuriste de premier plan. Elle illustre l'amour du mouvement pour l'action et la vie urbaine.<\/p>\n\n\n\n<h3 class=\"wp-block-heading\">Quels sont les traits distinctifs de la signature picturale de Carlo Carr\u00e0 ?<\/h3>\n\n\n\n<p>Le style de Carr\u00e0 a \u00e9volu\u00e9 au fil du temps. Ses \u0153uvres futuristes ont des couleurs vives et des lignes nettes pour montrer la vitesse. Plus tard, ses peintures m\u00e9taphysiques utilisent des formes simples et des espaces calmes. Il a souvent peint des objets quotidiens de mani\u00e8re \u00e9trange.<\/p>\n\n\n\n<h3 class=\"wp-block-heading\">Comment la relation artistique entre Carlo Carr\u00e0 et Luigi Russolo a-t-elle influenc\u00e9 leur travail ?<\/h3>\n\n\n\n<p>Carr\u00e0 et Russolo \u00e9taient tous deux des artistes cl\u00e9s du futurisme. Ils partageaient des id\u00e9es sur la repr\u00e9sentation du son et du mouvement dans les peintures. Ce travail d'\u00e9quipe a contribu\u00e9 \u00e0 fa\u00e7onner le style unique du futurisme. Leur travail commun a repouss\u00e9 les limites de ce que l'art pouvait montrer.<\/p>\n\n\n<style>.wp-block-kadence-advancedgallery .kb-gallery-type-masonry.kb-gallery-id-3696_dcfd91-38{margin:-5.5px;}.kb-gallery-type-masonry.kb-gallery-id-3696_dcfd91-38 .kadence-blocks-gallery-item{padding:5.5px;}.kb-gallery-id-3696_dcfd91-38 .kadence-blocks-gallery-item .kb-gal-image-radius, .kb-gallery-id-3696_dcfd91-38 .kb-slide-item .kb-gal-image-radius img{border-radius:0px 0px 0px 0px;;}.kb-gallery-caption-style-bottom.kb-gallery-id-3696_dcfd91-38 .kadence-blocks-gallery-item .kadence-blocks-gallery-item-inner .kadence-blocks-gallery-item__caption, .kb-gallery-caption-style-bottom-hover.kb-gallery-id-3696_dcfd91-38 .kadence-blocks-gallery-item .kadence-blocks-gallery-item-inner .kadence-blocks-gallery-item__caption{background:linear-gradient(0deg, #000000 0, rgba(0, 0, 0, 0) 100%);}<\/style><div class=\"kb-gallery-wrap-id-3696_dcfd91-38 alignwide alignwide wp-block-kadence-advancedgallery\"><ul class=\"kb-gallery-ul kb-gallery-non-static kb-gallery-type-masonry kb-masonry-init kb-gallery-id-3696_dcfd91-38 kb-gallery-caption-style-bottom-hover kb-gallery-filter-none kb-gallery-magnific-init\" data-image-filter=\"none\" data-item-selector=\".kadence-blocks-gallery-item\" data-lightbox-caption=\"true\" data-columns-xxl=\"3\" data-columns-xl=\"3\" data-columns-md=\"3\" data-columns-sm=\"2\" data-columns-xs=\"1\" data-columns-ss=\"1\"><li class=\"kadence-blocks-gallery-item\"><div class=\"kadence-blocks-gallery-item-inner\"><figure class=\"kb-gallery-figure kb-gallery-item-has-link kadence-blocks-gallery-item-has-caption\"><a href=\"https:\/\/masterful-artists.com\/wp-content\/uploads\/2025\/02\/Carlo_Carra_Il_cavaliere_dello_spirito_occidentale_1917-e1739980153459.jpg\" data-description=\"Il cavaliere dello spirito occidentale (1917)\" class=\"kb-gallery-item-link\"   role=\"button\" aria-haspopup=\"dialog\"><div class=\"kb-gal-image-radius\" style=\"max-width:800px;\"><div class=\"kb-gallery-image-contain kadence-blocks-gallery-intrinsic\" style=\"padding-bottom:78%;\"><img loading=\"lazy\" decoding=\"async\" src=\"https:\/\/masterful-artists.com\/wp-content\/uploads\/2025\/02\/Carlo_Carra_Il_cavaliere_dello_spirito_occidentale_1917-e1739980153459.jpg\" width=\"800\" height=\"628\" alt=\"\" data-full-image=\"https:\/\/masterful-artists.com\/wp-content\/uploads\/2025\/02\/Carlo_Carra_Il_cavaliere_dello_spirito_occidentale_1917-e1739980153459.jpg\" data-light-image=\"https:\/\/masterful-artists.com\/wp-content\/uploads\/2025\/02\/Carlo_Carra_Il_cavaliere_dello_spirito_occidentale_1917-e1739980153459.jpg\" data-id=\"5737\" class=\"wp-image-5737\" srcset=\"https:\/\/masterful-artists.com\/wp-content\/uploads\/2025\/02\/Carlo_Carra_Il_cavaliere_dello_spirito_occidentale_1917-e1739980153459.jpg 800w, https:\/\/masterful-artists.com\/wp-content\/uploads\/2025\/02\/Carlo_Carra_Il_cavaliere_dello_spirito_occidentale_1917-e1739980153459-300x236.jpg 300w, https:\/\/masterful-artists.com\/wp-content\/uploads\/2025\/02\/Carlo_Carra_Il_cavaliere_dello_spirito_occidentale_1917-e1739980153459-768x603.jpg 768w\" sizes=\"auto, (max-width: 800px) 100vw, 800px\" \/><\/div><div class=\"kadence-blocks-gallery-item__caption\"><em>Il cavaliere dello spirito occidentale (1917)<\/em><\/div><\/div><\/a><\/figure><\/div><\/li><li class=\"kadence-blocks-gallery-item\"><div class=\"kadence-blocks-gallery-item-inner\"><figure class=\"kb-gallery-figure kb-gallery-item-has-link kadence-blocks-gallery-item-has-caption\"><a href=\"https:\/\/masterful-artists.com\/wp-content\/uploads\/2025\/02\/08703cb2-8977-4723-9dce-e07f5dfa882f-e1739979477555.jpg\" data-description=\"A portrait photo of Carlo Carra\" data-alt=\"A portrait photo of Carlo Carra\" class=\"kb-gallery-item-link\"   role=\"button\" aria-haspopup=\"dialog\"><div class=\"kb-gal-image-radius\" style=\"max-width:318px;\"><div class=\"kb-gallery-image-contain kadence-blocks-gallery-intrinsic\" style=\"padding-bottom:100%;\"><img loading=\"lazy\" decoding=\"async\" src=\"https:\/\/masterful-artists.com\/wp-content\/uploads\/2025\/02\/08703cb2-8977-4723-9dce-e07f5dfa882f-e1739979477555.jpg\" width=\"318\" height=\"320\" alt=\"Portrait de Carlo Carra\" data-full-image=\"https:\/\/masterful-artists.com\/wp-content\/uploads\/2025\/02\/08703cb2-8977-4723-9dce-e07f5dfa882f-e1739979477555.jpg\" data-light-image=\"https:\/\/masterful-artists.com\/wp-content\/uploads\/2025\/02\/08703cb2-8977-4723-9dce-e07f5dfa882f-e1739979477555.jpg\" data-id=\"5733\" class=\"wp-image-5733\" srcset=\"https:\/\/masterful-artists.com\/wp-content\/uploads\/2025\/02\/08703cb2-8977-4723-9dce-e07f5dfa882f-e1739979477555.jpg 318w, https:\/\/masterful-artists.com\/wp-content\/uploads\/2025\/02\/08703cb2-8977-4723-9dce-e07f5dfa882f-e1739979477555-298x300.jpg 298w, https:\/\/masterful-artists.com\/wp-content\/uploads\/2025\/02\/08703cb2-8977-4723-9dce-e07f5dfa882f-e1739979477555-150x150.jpg 150w\" sizes=\"auto, (max-width: 318px) 100vw, 318px\" \/><\/div><div class=\"kadence-blocks-gallery-item__caption\"><em>Portrait de Carlo Carra<\/em><\/div><\/div><\/a><\/figure><\/div><\/li><li class=\"kadence-blocks-gallery-item\"><div class=\"kadence-blocks-gallery-item-inner\"><figure class=\"kb-gallery-figure kb-gallery-item-has-link kadence-blocks-gallery-item-has-caption\"><a href=\"https:\/\/masterful-artists.com\/wp-content\/uploads\/2025\/02\/the-horsemen-of-the-apocalypse-1908.jpgLarge-e1739979466463.jpg\" data-description=\"The Horsemen of the Apocalypse by Carlo Carra in 1908\" data-alt=\"The Horsemen of the Apocalypse by Carlo Carra in 1908\" class=\"kb-gallery-item-link\"   role=\"button\" aria-haspopup=\"dialog\"><div class=\"kb-gal-image-radius\" style=\"max-width:750px;\"><div class=\"kb-gallery-image-contain kadence-blocks-gallery-intrinsic\" style=\"padding-bottom:36%;\"><img loading=\"lazy\" decoding=\"async\" src=\"https:\/\/masterful-artists.com\/wp-content\/uploads\/2025\/02\/the-horsemen-of-the-apocalypse-1908.jpgLarge-e1739979466463.jpg\" width=\"750\" height=\"273\" alt=\"Les cavaliers de l&#039;Apocalypse par Carlo Carra en 1908\" data-full-image=\"https:\/\/masterful-artists.com\/wp-content\/uploads\/2025\/02\/the-horsemen-of-the-apocalypse-1908.jpgLarge-e1739979466463.jpg\" data-light-image=\"https:\/\/masterful-artists.com\/wp-content\/uploads\/2025\/02\/the-horsemen-of-the-apocalypse-1908.jpgLarge-e1739979466463.jpg\" data-id=\"5732\" class=\"wp-image-5732\" srcset=\"https:\/\/masterful-artists.com\/wp-content\/uploads\/2025\/02\/the-horsemen-of-the-apocalypse-1908.jpgLarge-e1739979466463.jpg 750w, https:\/\/masterful-artists.com\/wp-content\/uploads\/2025\/02\/the-horsemen-of-the-apocalypse-1908.jpgLarge-e1739979466463-300x109.jpg 300w\" sizes=\"auto, (max-width: 750px) 100vw, 750px\" \/><\/div><div class=\"kadence-blocks-gallery-item__caption\"><em>Les cavaliers de l'Apocalypse par Carlo Carra en 1908<\/em><\/div><\/div><\/a><\/figure><\/div><\/li><li class=\"kadence-blocks-gallery-item\"><div class=\"kadence-blocks-gallery-item-inner\"><figure class=\"kb-gallery-figure kb-gallery-item-has-link kadence-blocks-gallery-item-has-caption\"><a href=\"https:\/\/masterful-artists.com\/wp-content\/uploads\/2025\/02\/night-at-piazza-beccaria-in-milan.jpgLarge-e1739980143905.jpg\" data-description=\"Night at Piazza Beccaria in Milan (1910)\" class=\"kb-gallery-item-link\"   role=\"button\" aria-haspopup=\"dialog\"><div class=\"kb-gal-image-radius\" style=\"max-width:437px;\"><div class=\"kb-gallery-image-contain kadence-blocks-gallery-intrinsic\" style=\"padding-bottom:137%;\"><img loading=\"lazy\" decoding=\"async\" src=\"https:\/\/masterful-artists.com\/wp-content\/uploads\/2025\/02\/night-at-piazza-beccaria-in-milan.jpgLarge-e1739980143905.jpg\" width=\"437\" height=\"600\" alt=\"\" data-full-image=\"https:\/\/masterful-artists.com\/wp-content\/uploads\/2025\/02\/night-at-piazza-beccaria-in-milan.jpgLarge-e1739980143905.jpg\" data-light-image=\"https:\/\/masterful-artists.com\/wp-content\/uploads\/2025\/02\/night-at-piazza-beccaria-in-milan.jpgLarge-e1739980143905.jpg\" data-id=\"5736\" class=\"wp-image-5736\" srcset=\"https:\/\/masterful-artists.com\/wp-content\/uploads\/2025\/02\/night-at-piazza-beccaria-in-milan.jpgLarge-e1739980143905.jpg 437w, https:\/\/masterful-artists.com\/wp-content\/uploads\/2025\/02\/night-at-piazza-beccaria-in-milan.jpgLarge-e1739980143905-219x300.jpg 219w\" sizes=\"auto, (max-width: 437px) 100vw, 437px\" \/><\/div><div class=\"kadence-blocks-gallery-item__caption\"><em>Nuit sur la Piazza Beccaria \u00e0 Milan (1910)<\/em><\/div><\/div><\/a><\/figure><\/div><\/li><li class=\"kadence-blocks-gallery-item\"><div class=\"kadence-blocks-gallery-item-inner\"><figure class=\"kb-gallery-figure kb-gallery-item-has-link kadence-blocks-gallery-item-has-caption\"><a href=\"https:\/\/masterful-artists.com\/wp-content\/uploads\/2025\/02\/i-nuotatori-1932.jpgLarge-e1739979680554.jpg\" data-description=\"I nuotatori (1930\u20131932) by Carlo Carra\" class=\"kb-gallery-item-link\"   role=\"button\" aria-haspopup=\"dialog\"><div class=\"kb-gal-image-radius\" style=\"max-width:750px;\"><div class=\"kb-gallery-image-contain kadence-blocks-gallery-intrinsic\" style=\"padding-bottom:56%;\"><img loading=\"lazy\" decoding=\"async\" src=\"https:\/\/masterful-artists.com\/wp-content\/uploads\/2025\/02\/i-nuotatori-1932.jpgLarge-e1739979680554.jpg\" width=\"750\" height=\"420\" alt=\"\" data-full-image=\"https:\/\/masterful-artists.com\/wp-content\/uploads\/2025\/02\/i-nuotatori-1932.jpgLarge-e1739979680554.jpg\" data-light-image=\"https:\/\/masterful-artists.com\/wp-content\/uploads\/2025\/02\/i-nuotatori-1932.jpgLarge-e1739979680554.jpg\" data-id=\"5735\" class=\"wp-image-5735\" srcset=\"https:\/\/masterful-artists.com\/wp-content\/uploads\/2025\/02\/i-nuotatori-1932.jpgLarge-e1739979680554.jpg 750w, https:\/\/masterful-artists.com\/wp-content\/uploads\/2025\/02\/i-nuotatori-1932.jpgLarge-e1739979680554-300x168.jpg 300w\" sizes=\"auto, (max-width: 750px) 100vw, 750px\" \/><\/div><div class=\"kadence-blocks-gallery-item__caption\"><em>I nuotatori (1930-1932) de Carlo Carra<\/em><\/div><\/div><\/a><\/figure><\/div><\/li><li class=\"kadence-blocks-gallery-item\"><div class=\"kadence-blocks-gallery-item-inner\"><figure class=\"kb-gallery-figure kb-gallery-item-has-link kadence-blocks-gallery-item-has-caption\"><a href=\"https:\/\/masterful-artists.com\/wp-content\/uploads\/2025\/02\/armtrain.jpgLarge-e1739981072811.jpg\" data-description=\"Armtrain (1915) by Carlo Carra\" class=\"kb-gallery-item-link\"   role=\"button\" aria-haspopup=\"dialog\"><div class=\"kb-gal-image-radius\" style=\"max-width:455px;\"><div class=\"kb-gallery-image-contain kadence-blocks-gallery-intrinsic\" style=\"padding-bottom:131%;\"><img loading=\"lazy\" decoding=\"async\" src=\"https:\/\/masterful-artists.com\/wp-content\/uploads\/2025\/02\/armtrain.jpgLarge-e1739981072811.jpg\" width=\"455\" height=\"600\" alt=\"\" data-full-image=\"https:\/\/masterful-artists.com\/wp-content\/uploads\/2025\/02\/armtrain.jpgLarge-e1739981072811.jpg\" data-light-image=\"https:\/\/masterful-artists.com\/wp-content\/uploads\/2025\/02\/armtrain.jpgLarge-e1739981072811.jpg\" data-id=\"5744\" class=\"wp-image-5744\" srcset=\"https:\/\/masterful-artists.com\/wp-content\/uploads\/2025\/02\/armtrain.jpgLarge-e1739981072811.jpg 455w, https:\/\/masterful-artists.com\/wp-content\/uploads\/2025\/02\/armtrain.jpgLarge-e1739981072811-228x300.jpg 228w\" sizes=\"auto, (max-width: 455px) 100vw, 455px\" \/><\/div><div class=\"kadence-blocks-gallery-item__caption\"><em>Armtrain (1915) de Carlo Carra<\/em><\/div><\/div><\/a><\/figure><\/div><\/li><li class=\"kadence-blocks-gallery-item\"><div class=\"kadence-blocks-gallery-item-inner\"><figure class=\"kb-gallery-figure kb-gallery-item-has-link kadence-blocks-gallery-item-has-caption\"><a href=\"https:\/\/masterful-artists.com\/wp-content\/uploads\/2025\/02\/natura-morta-con-la-squadra-1917.jpgLarge-e1739979689217.jpg\" data-description=\"Natura morta con la squadra (1917) by Carlo Carra\" class=\"kb-gallery-item-link\"   role=\"button\" aria-haspopup=\"dialog\"><div class=\"kb-gal-image-radius\" style=\"max-width:750px;\"><div class=\"kb-gallery-image-contain kadence-blocks-gallery-intrinsic\" style=\"padding-bottom:62%;\"><img loading=\"lazy\" decoding=\"async\" src=\"https:\/\/masterful-artists.com\/wp-content\/uploads\/2025\/02\/natura-morta-con-la-squadra-1917.jpgLarge-e1739979689217.jpg\" width=\"750\" height=\"470\" alt=\"\" data-full-image=\"https:\/\/masterful-artists.com\/wp-content\/uploads\/2025\/02\/natura-morta-con-la-squadra-1917.jpgLarge-e1739979689217.jpg\" data-light-image=\"https:\/\/masterful-artists.com\/wp-content\/uploads\/2025\/02\/natura-morta-con-la-squadra-1917.jpgLarge-e1739979689217.jpg\" data-id=\"5734\" class=\"wp-image-5734\" srcset=\"https:\/\/masterful-artists.com\/wp-content\/uploads\/2025\/02\/natura-morta-con-la-squadra-1917.jpgLarge-e1739979689217.jpg 750w, https:\/\/masterful-artists.com\/wp-content\/uploads\/2025\/02\/natura-morta-con-la-squadra-1917.jpgLarge-e1739979689217-300x188.jpg 300w\" sizes=\"auto, (max-width: 750px) 100vw, 750px\" \/><\/div><div class=\"kadence-blocks-gallery-item__caption\"><em>Natura morta con la squadra (1917) de Carlo Carr<\/em>a<\/div><\/div><\/a><\/figure><\/div><\/li><li class=\"kadence-blocks-gallery-item\"><div class=\"kadence-blocks-gallery-item-inner\"><figure class=\"kb-gallery-figure kb-gallery-item-has-link kadence-blocks-gallery-item-has-caption\"><a href=\"https:\/\/masterful-artists.com\/wp-content\/uploads\/2025\/02\/interventionist-demonstration-patriotic-holiday-freeword-painting-1914-1914-e1739981059410.jpg\" data-description=\"Interventionist Demonstration (Patriotic Holiday-Freeword Painting) (1914)\" class=\"kb-gallery-item-link\"   role=\"button\" aria-haspopup=\"dialog\"><div class=\"kb-gal-image-radius\" style=\"max-width:422px;\"><div class=\"kb-gallery-image-contain kadence-blocks-gallery-intrinsic\" style=\"padding-bottom:131%;\"><img loading=\"lazy\" decoding=\"async\" src=\"https:\/\/masterful-artists.com\/wp-content\/uploads\/2025\/02\/interventionist-demonstration-patriotic-holiday-freeword-painting-1914-1914-e1739981059410.jpg\" width=\"422\" height=\"553\" alt=\"\" data-full-image=\"https:\/\/masterful-artists.com\/wp-content\/uploads\/2025\/02\/interventionist-demonstration-patriotic-holiday-freeword-painting-1914-1914-e1739981059410.jpg\" data-light-image=\"https:\/\/masterful-artists.com\/wp-content\/uploads\/2025\/02\/interventionist-demonstration-patriotic-holiday-freeword-painting-1914-1914-e1739981059410.jpg\" data-id=\"5743\" class=\"wp-image-5743\" srcset=\"https:\/\/masterful-artists.com\/wp-content\/uploads\/2025\/02\/interventionist-demonstration-patriotic-holiday-freeword-painting-1914-1914-e1739981059410.jpg 422w, https:\/\/masterful-artists.com\/wp-content\/uploads\/2025\/02\/interventionist-demonstration-patriotic-holiday-freeword-painting-1914-1914-e1739981059410-229x300.jpg 229w\" sizes=\"auto, (max-width: 422px) 100vw, 422px\" \/><\/div><div class=\"kadence-blocks-gallery-item__caption\"><em>Manifestation interventionniste (f\u00eate patriotique - peinture \u00e0 mots libres) (1914)<\/em><\/div><\/div><\/a><\/figure><\/div><\/li><li class=\"kadence-blocks-gallery-item\"><div class=\"kadence-blocks-gallery-item-inner\"><figure class=\"kb-gallery-figure kb-gallery-item-has-link kadence-blocks-gallery-item-has-caption\"><a href=\"https:\/\/masterful-artists.com\/wp-content\/uploads\/2025\/02\/800px-Funeraloftheanarchistgalli-e1739980692439.jpg\" data-description=\"The Funeral of the Anarchist Galli (Il Funerale dell\u2019Anarchico Galli, 1910\u20131911)\" class=\"kb-gallery-item-link\"   role=\"button\" aria-haspopup=\"dialog\"><div class=\"kb-gal-image-radius\" style=\"max-width:800px;\"><div class=\"kb-gallery-image-contain kadence-blocks-gallery-intrinsic\" style=\"padding-bottom:77%;\"><img loading=\"lazy\" decoding=\"async\" src=\"https:\/\/masterful-artists.com\/wp-content\/uploads\/2025\/02\/800px-Funeraloftheanarchistgalli-e1739980692439.jpg\" width=\"800\" height=\"618\" alt=\"\" data-full-image=\"https:\/\/masterful-artists.com\/wp-content\/uploads\/2025\/02\/800px-Funeraloftheanarchistgalli-e1739980692439.jpg\" data-light-image=\"https:\/\/masterful-artists.com\/wp-content\/uploads\/2025\/02\/800px-Funeraloftheanarchistgalli-e1739980692439.jpg\" data-id=\"5742\" class=\"wp-image-5742\" srcset=\"https:\/\/masterful-artists.com\/wp-content\/uploads\/2025\/02\/800px-Funeraloftheanarchistgalli-e1739980692439.jpg 800w, https:\/\/masterful-artists.com\/wp-content\/uploads\/2025\/02\/800px-Funeraloftheanarchistgalli-e1739980692439-300x232.jpg 300w, https:\/\/masterful-artists.com\/wp-content\/uploads\/2025\/02\/800px-Funeraloftheanarchistgalli-e1739980692439-768x593.jpg 768w\" sizes=\"auto, (max-width: 800px) 100vw, 800px\" \/><\/div><div class=\"kadence-blocks-gallery-item__caption\"><em>Les fun\u00e9railles de l'anarchiste Galli (Il Funerale dell'Anarchico Galli, 1910-1911)<\/em><\/div><\/div><\/a><\/figure><\/div><\/li><li class=\"kadence-blocks-gallery-item\"><div class=\"kadence-blocks-gallery-item-inner\"><figure class=\"kb-gallery-figure kb-gallery-item-has-link kadence-blocks-gallery-item-has-caption\"><a href=\"https:\/\/masterful-artists.com\/wp-content\/uploads\/2025\/02\/autunno-ritratto-di-emilio-colombo-1909.jpgLarge-e1739980670113.jpg\" data-description=\"Autunno. Ritratto di Emilio Colombo (1909)\" class=\"kb-gallery-item-link\"   role=\"button\" aria-haspopup=\"dialog\"><div class=\"kb-gal-image-radius\" style=\"max-width:443px;\"><div class=\"kb-gallery-image-contain kadence-blocks-gallery-intrinsic\" style=\"padding-bottom:135%;\"><img loading=\"lazy\" decoding=\"async\" src=\"https:\/\/masterful-artists.com\/wp-content\/uploads\/2025\/02\/autunno-ritratto-di-emilio-colombo-1909.jpgLarge-e1739980670113.jpg\" width=\"443\" height=\"600\" alt=\"\" data-full-image=\"https:\/\/masterful-artists.com\/wp-content\/uploads\/2025\/02\/autunno-ritratto-di-emilio-colombo-1909.jpgLarge-e1739980670113.jpg\" data-light-image=\"https:\/\/masterful-artists.com\/wp-content\/uploads\/2025\/02\/autunno-ritratto-di-emilio-colombo-1909.jpgLarge-e1739980670113.jpg\" data-id=\"5740\" class=\"wp-image-5740\" srcset=\"https:\/\/masterful-artists.com\/wp-content\/uploads\/2025\/02\/autunno-ritratto-di-emilio-colombo-1909.jpgLarge-e1739980670113.jpg 443w, https:\/\/masterful-artists.com\/wp-content\/uploads\/2025\/02\/autunno-ritratto-di-emilio-colombo-1909.jpgLarge-e1739980670113-222x300.jpg 222w\" sizes=\"auto, (max-width: 443px) 100vw, 443px\" \/><\/div><div class=\"kadence-blocks-gallery-item__caption\"><em>Automne. Ritratto di Emilio Colombo (1909)<\/em><\/div><\/div><\/a><\/figure><\/div><\/li><li class=\"kadence-blocks-gallery-item\"><div class=\"kadence-blocks-gallery-item-inner\"><figure class=\"kb-gallery-figure kb-gallery-item-has-link kadence-blocks-gallery-item-has-caption\"><a href=\"https:\/\/masterful-artists.com\/wp-content\/uploads\/2025\/02\/ritratto-di-papini-1913.jpgLarge-e1739980682397.jpg\" data-description=\"Ritratto di Papini (1913) by Carlo Carra\" class=\"kb-gallery-item-link\"   role=\"button\" aria-haspopup=\"dialog\"><div class=\"kb-gal-image-radius\" style=\"max-width:470px;\"><div class=\"kb-gallery-image-contain kadence-blocks-gallery-intrinsic\" style=\"padding-bottom:127%;\"><img loading=\"lazy\" decoding=\"async\" src=\"https:\/\/masterful-artists.com\/wp-content\/uploads\/2025\/02\/ritratto-di-papini-1913.jpgLarge-e1739980682397.jpg\" width=\"470\" height=\"600\" alt=\"\" data-full-image=\"https:\/\/masterful-artists.com\/wp-content\/uploads\/2025\/02\/ritratto-di-papini-1913.jpgLarge-e1739980682397.jpg\" data-light-image=\"https:\/\/masterful-artists.com\/wp-content\/uploads\/2025\/02\/ritratto-di-papini-1913.jpgLarge-e1739980682397.jpg\" data-id=\"5741\" class=\"wp-image-5741\" srcset=\"https:\/\/masterful-artists.com\/wp-content\/uploads\/2025\/02\/ritratto-di-papini-1913.jpgLarge-e1739980682397.jpg 470w, https:\/\/masterful-artists.com\/wp-content\/uploads\/2025\/02\/ritratto-di-papini-1913.jpgLarge-e1739980682397-235x300.jpg 235w\" sizes=\"auto, (max-width: 470px) 100vw, 470px\" \/><\/div><div class=\"kadence-blocks-gallery-item__caption\"><em>Ritratto di Papini (1913) de Carlo Carra<\/em><\/div><\/div><\/a><\/figure><\/div><\/li><li class=\"kadence-blocks-gallery-item\"><div class=\"kadence-blocks-gallery-item-inner\"><figure class=\"kb-gallery-figure kb-gallery-item-has-link kadence-blocks-gallery-item-has-caption\"><a href=\"https:\/\/masterful-artists.com\/wp-content\/uploads\/2025\/02\/paesaggio-1909.jpgLarge-e1739980165959.jpg\" data-description=\"Paesaggio (1909) by Carlo Carr\u00e0\" class=\"kb-gallery-item-link\"   role=\"button\" aria-haspopup=\"dialog\"><div class=\"kb-gal-image-radius\" style=\"max-width:422px;\"><div class=\"kb-gallery-image-contain kadence-blocks-gallery-intrinsic\" style=\"padding-bottom:142%;\"><img loading=\"lazy\" decoding=\"async\" src=\"https:\/\/masterful-artists.com\/wp-content\/uploads\/2025\/02\/paesaggio-1909.jpgLarge-e1739980165959.jpg\" width=\"422\" height=\"600\" alt=\"\" data-full-image=\"https:\/\/masterful-artists.com\/wp-content\/uploads\/2025\/02\/paesaggio-1909.jpgLarge-e1739980165959.jpg\" data-light-image=\"https:\/\/masterful-artists.com\/wp-content\/uploads\/2025\/02\/paesaggio-1909.jpgLarge-e1739980165959.jpg\" data-id=\"5738\" class=\"wp-image-5738\" srcset=\"https:\/\/masterful-artists.com\/wp-content\/uploads\/2025\/02\/paesaggio-1909.jpgLarge-e1739980165959.jpg 422w, https:\/\/masterful-artists.com\/wp-content\/uploads\/2025\/02\/paesaggio-1909.jpgLarge-e1739980165959-211x300.jpg 211w\" sizes=\"auto, (max-width: 422px) 100vw, 422px\" \/><\/div><div class=\"kadence-blocks-gallery-item__caption\"><em>Paesaggio (1909) de Carlo Carr\u00e0<\/em><\/div><\/div><\/a><\/figure><\/div><\/li><\/ul><\/div>\n\n\n<p><\/p>","protected":false},"excerpt":{"rendered":"<p>D\u00e9couvrez Carlo Carr\u00e0, ma\u00eetre futuriste de l'art italien, connu pour ses compositions dynamiques et son r\u00f4le cl\u00e9 dans l'\u00e9laboration du modernisme du d\u00e9but du XXe si\u00e8cle.<\/p>","protected":false},"author":3,"featured_media":5732,"comment_status":"closed","ping_status":"closed","sticky":false,"template":"","format":"standard","meta":{"_kad_blocks_custom_css":"","_kad_blocks_head_custom_js":"","_kad_blocks_body_custom_js":"","_kad_blocks_footer_custom_js":"","_kad_post_transparent":"","_kad_post_title":"","_kad_post_layout":"","_kad_post_sidebar_id":"","_kad_post_content_style":"","_kad_post_vertical_padding":"","_kad_post_feature":"","_kad_post_feature_position":"","_kad_post_header":false,"_kad_post_footer":false,"_kad_post_classname":"","footnotes":""},"categories":[59,77,52,133,147],"tags":[105,104,158,61,134],"class_list":["post-3696","post","type-post","status-publish","format-standard","has-post-thumbnail","hentry","category-italian","category-master","category-painters","category-still-life","category-symbolism","tag-19th-century","tag-landscape-painting","tag-painter","tag-portraits","tag-still-life"],"taxonomy_info":{"category":[{"value":59,"label":"Italian"},{"value":77,"label":"Master"},{"value":52,"label":"Painters"},{"value":133,"label":"Still Life"},{"value":147,"label":"Symbolism"}],"post_tag":[{"value":105,"label":"19th century"},{"value":104,"label":"Landscape Painting"},{"value":158,"label":"Painter"},{"value":61,"label":"Portraits"},{"value":134,"label":"Still life"}]},"featured_image_src_large":["https:\/\/masterful-artists.com\/wp-content\/uploads\/2025\/02\/the-horsemen-of-the-apocalypse-1908.jpgLarge-e1739979466463.jpg",750,273,false],"author_info":{"display_name":"Richard J. Sheppard","author_link":"https:\/\/masterful-artists.com\/fr\/author\/koala\/"},"comment_info":0,"category_info":[{"term_id":59,"name":"Italian","slug":"italian","term_group":0,"term_taxonomy_id":59,"taxonomy":"category","description":"","parent":0,"count":45,"filter":"raw","cat_ID":59,"category_count":45,"category_description":"","cat_name":"Italian","category_nicename":"italian","category_parent":0},{"term_id":77,"name":"Master","slug":"master","term_group":0,"term_taxonomy_id":77,"taxonomy":"category","description":"","parent":0,"count":172,"filter":"raw","cat_ID":77,"category_count":172,"category_description":"","cat_name":"Master","category_nicename":"master","category_parent":0},{"term_id":52,"name":"Painters","slug":"painters","term_group":0,"term_taxonomy_id":52,"taxonomy":"category","description":"","parent":0,"count":404,"filter":"raw","cat_ID":52,"category_count":404,"category_description":"","cat_name":"Painters","category_nicename":"painters","category_parent":0},{"term_id":133,"name":"Still Life","slug":"still-life","term_group":0,"term_taxonomy_id":133,"taxonomy":"category","description":"","parent":0,"count":36,"filter":"raw","cat_ID":133,"category_count":36,"category_description":"","cat_name":"Still Life","category_nicename":"still-life","category_parent":0},{"term_id":147,"name":"Symbolism","slug":"symbolism","term_group":0,"term_taxonomy_id":147,"taxonomy":"category","description":"","parent":0,"count":105,"filter":"raw","cat_ID":147,"category_count":105,"category_description":"","cat_name":"Symbolism","category_nicename":"symbolism","category_parent":0}],"tag_info":[{"term_id":105,"name":"19th century","slug":"19th-century","term_group":0,"term_taxonomy_id":105,"taxonomy":"post_tag","description":"","parent":0,"count":171,"filter":"raw"},{"term_id":104,"name":"Landscape Painting","slug":"landscape-painting","term_group":0,"term_taxonomy_id":104,"taxonomy":"post_tag","description":"","parent":0,"count":190,"filter":"raw"},{"term_id":158,"name":"Painter","slug":"painter","term_group":0,"term_taxonomy_id":158,"taxonomy":"post_tag","description":"","parent":0,"count":246,"filter":"raw"},{"term_id":61,"name":"Portraits","slug":"portraits","term_group":0,"term_taxonomy_id":61,"taxonomy":"post_tag","description":"","parent":0,"count":228,"filter":"raw"},{"term_id":134,"name":"Still life","slug":"still-life","term_group":0,"term_taxonomy_id":134,"taxonomy":"post_tag","description":"","parent":0,"count":19,"filter":"raw"}],"_links":{"self":[{"href":"https:\/\/masterful-artists.com\/fr\/wp-json\/wp\/v2\/posts\/3696","targetHints":{"allow":["GET"]}}],"collection":[{"href":"https:\/\/masterful-artists.com\/fr\/wp-json\/wp\/v2\/posts"}],"about":[{"href":"https:\/\/masterful-artists.com\/fr\/wp-json\/wp\/v2\/types\/post"}],"author":[{"embeddable":true,"href":"https:\/\/masterful-artists.com\/fr\/wp-json\/wp\/v2\/users\/3"}],"replies":[{"embeddable":true,"href":"https:\/\/masterful-artists.com\/fr\/wp-json\/wp\/v2\/comments?post=3696"}],"version-history":[{"count":2,"href":"https:\/\/masterful-artists.com\/fr\/wp-json\/wp\/v2\/posts\/3696\/revisions"}],"predecessor-version":[{"id":5745,"href":"https:\/\/masterful-artists.com\/fr\/wp-json\/wp\/v2\/posts\/3696\/revisions\/5745"}],"wp:featuredmedia":[{"embeddable":true,"href":"https:\/\/masterful-artists.com\/fr\/wp-json\/wp\/v2\/media\/5732"}],"wp:attachment":[{"href":"https:\/\/masterful-artists.com\/fr\/wp-json\/wp\/v2\/media?parent=3696"}],"wp:term":[{"taxonomy":"category","embeddable":true,"href":"https:\/\/masterful-artists.com\/fr\/wp-json\/wp\/v2\/categories?post=3696"},{"taxonomy":"post_tag","embeddable":true,"href":"https:\/\/masterful-artists.com\/fr\/wp-json\/wp\/v2\/tags?post=3696"}],"curies":[{"name":"wp","href":"https:\/\/api.w.org\/{rel}","templated":true}]}}