{"id":3745,"date":"2025-02-24T11:00:00","date_gmt":"2025-02-24T11:00:00","guid":{"rendered":"https:\/\/masterful-artists.com\/?p=3745"},"modified":"2025-02-20T14:57:09","modified_gmt":"2025-02-20T14:57:09","slug":"marianne-von-wasfkin-peintre","status":"publish","type":"post","link":"https:\/\/masterful-artists.com\/fr\/marianne-von-wasfkin-peintre\/","title":{"rendered":"Marianne von Werefkin : Artiste expressionniste pionni\u00e8re du d\u00e9but du 20e si\u00e8cle"},"content":{"rendered":"<style>.kt-sc3745_36b2aa-1d .kt-sc-imgcol, .kt-sc3745_36b2aa-1d .kt-sc-textcol{min-height:450px;}.kt-sc3745_36b2aa-1d .kt-sc-imgcol{background-size:cover;background-image:url(https:\/\/masterful-artists.com\/wp-content\/uploads\/2025\/02\/marianna_von_werefkin-portrait.400x0-e1739010122268.webp);}.kt-sc3745_36b2aa-1d .kt-sc-textcol{padding-top:24px;padding-right:24px;padding-bottom:24px;padding-left:24px;margin-top:0px;margin-right:0px;margin-bottom:0px;margin-left:0px;}@media all and (max-width: 767px){.kt-sc3745_36b2aa-1d .kt-sc-imgcol, .kt-sc3745_36b2aa-1d .kt-sc-textcol{min-height:450px;}}<\/style>\n<div class=\"alignwide kt-sc3745_36b2aa-1d wp-block-kadence-splitcontent\"><div class=\"kt-split-content-wrap kt-sc-media-side-right\" style=\"grid-template-columns:auto 50%\"><div class=\"kt-sc-imgcol kt-sc-imgcol-bg-cover kt-sc-img-side-right\"><\/div><div class=\"kt-sc-textcol kt-sc-text-valign-center kt-sc-text-halign-left\" style=\"box-shadow:20px 15px 25px -8px rgba(0, 0, 0, 0.2)\"><div class=\"kt-sc-innter-col\">\n<p>N\u00e9e : 10 septembre 1860, Toula, Empire russe<\/p>\n\n\n\n<p>D\u00e9c\u00e8s : 6 f\u00e9vrier 1938, Ascona, Tessin, Suisse<\/p>\n\n\n\n<p>Mouvement artistique : Expressionnisme<\/p>\n\n\n\n<p style=\"font-size:19px\">Nationalit\u00e9 : Russe<\/p>\n\n\n\n<p>Influenc\u00e9 par : Edvard Munch, Vincent van Gogh et Paul Gauguin<\/p>\n\n\n\n<p>Enseignant : Ilya Repin<\/p>\n<\/div><\/div><\/div><\/div>\n\n\n\n<p class=\"has-text-align-right has-small-font-size\"><em><sub>Marianne von Werefkin : Artiste expressionniste pionni\u00e8re du d\u00e9but du 20e si\u00e8cle<\/sub><\/em><\/p>\n\n\n<style>.kb-table-of-content-nav.kb-table-of-content-id3745_6ea7e2-d6 .kb-table-of-content-wrap{padding-top:var(--global-kb-spacing-sm, 1.5rem);padding-right:var(--global-kb-spacing-sm, 1.5rem);padding-bottom:var(--global-kb-spacing-sm, 1.5rem);padding-left:var(--global-kb-spacing-sm, 1.5rem);background-color:var(--global-palette1, #3182CE);max-width:1001px;}.kb-table-of-content-nav.kb-table-of-content-id3745_6ea7e2-d6 .kb-table-of-contents-title-wrap{padding-top:0px;padding-right:0px;padding-bottom:0px;padding-left:0px;}.kb-table-of-content-nav.kb-table-of-content-id3745_6ea7e2-d6 .kb-table-of-contents-title-wrap{color:var(--global-palette3, #1A202C);}.kb-table-of-content-nav.kb-table-of-content-id3745_6ea7e2-d6 .kb-table-of-contents-title{color:var(--global-palette3, #1A202C);letter-spacing:4.9px;font-weight:regular;font-style:normal;text-transform:uppercase;}.kb-table-of-content-nav.kb-table-of-content-id3745_6ea7e2-d6 .kb-table-of-content-wrap .kb-table-of-content-list{color:var(--global-palette3, #1A202C);font-size:20px;letter-spacing:-0.1px;font-weight:bold;font-style:normal;text-transform:none;margin-top:var(--global-kb-spacing-sm, 1.5rem);margin-right:0px;margin-bottom:0px;margin-left:0px;}.kb-table-of-content-nav.kb-table-of-content-id3745_6ea7e2-d6 .kb-table-of-content-wrap .kb-table-of-content-list .active > .kb-table-of-contents__entry{color:var(--global-palette7, #EDF2F7);}.kb-table-of-content-nav.kb-table-of-content-id3745_6ea7e2-d6 .kb-toggle-icon-style-basiccircle .kb-table-of-contents-icon-trigger:after, .kb-table-of-content-nav.kb-table-of-content-id3745_6ea7e2-d6 .kb-toggle-icon-style-basiccircle .kb-table-of-contents-icon-trigger:before, .kb-table-of-content-nav.kb-table-of-content-id3745_6ea7e2-d6 .kb-toggle-icon-style-arrowcircle .kb-table-of-contents-icon-trigger:after, .kb-table-of-content-nav.kb-table-of-content-id3745_6ea7e2-d6 .kb-toggle-icon-style-arrowcircle .kb-table-of-contents-icon-trigger:before, .kb-table-of-content-nav.kb-table-of-content-id3745_6ea7e2-d6 .kb-toggle-icon-style-xclosecircle .kb-table-of-contents-icon-trigger:after, .kb-table-of-content-nav.kb-table-of-content-id3745_6ea7e2-d6 .kb-toggle-icon-style-xclosecircle .kb-table-of-contents-icon-trigger:before{background-color:var(--global-palette1, #3182CE);}@media all and (max-width: 767px){.kb-table-of-content-nav.kb-table-of-content-id3745_6ea7e2-d6 .kb-table-of-contents-title{font-size:var(--global-kb-font-size-md, 1.25rem);}.kb-table-of-content-nav.kb-table-of-content-id3745_6ea7e2-d6 .kb-table-of-content-wrap .kb-table-of-content-list{font-size:var(--global-kb-font-size-md, 1.25rem);}}<\/style>\n\n\n<h2 class=\"wp-block-heading\">Aper\u00e7u biographique<\/h2>\n\n\n\n<p>Marianne von Werefkin a v\u00e9cu une vie remarquable en tant qu'artiste d'origine russe qui est devenue une figure cl\u00e9 de l'expressionnisme allemand. Son parcours l'a men\u00e9e de ses racines aristocratiques en Russie \u00e0 l'expressionnisme allemand. <a href=\"https:\/\/masterful-artists.com\/fr\/felix-philipp-kanitz-peintre-naturalisme\/\">cercles artistiques<\/a> \u00e0 Munich et plus tard en Suisse.<\/p>\n\n\n\n<h3 class=\"wp-block-heading\">Les d\u00e9buts et l'inspiration<\/h3>\n\n\n\n<p>N\u00e9e le 10 septembre 1860 \u00e0 Toula, dans l'Empire russe, Marianne von Werefkin grandit dans une famille noble. La carri\u00e8re militaire de son p\u00e8re l'a expos\u00e9e \u00e0 diff\u00e9rentes cultures d\u00e8s son plus jeune \u00e2ge.<\/p>\n\n\n\n<figure class=\"wp-block-gallery has-nested-images columns-default is-cropped wp-block-gallery-1 is-layout-flex wp-block-gallery-is-layout-flex\">\n<figure class=\"wp-block-image size-large\"><img loading=\"lazy\" decoding=\"async\" width=\"470\" height=\"350\" data-id=\"4978\" src=\"https:\/\/masterful-artists.com\/wp-content\/uploads\/2025\/02\/Marianne_von_Werefkin_-_I_pattinatori-e1739010429932.jpg\" alt=\"Ice Skaters (I pattinatori) (1911) de James Ensor capture le dynamisme et l&#039;\u00e9nergie surr\u00e9aliste d&#039;une sc\u00e8ne hivernale apparemment ordinaire.\" class=\"wp-image-4978\" srcset=\"https:\/\/masterful-artists.com\/wp-content\/uploads\/2025\/02\/Marianne_von_Werefkin_-_I_pattinatori-e1739010429932.jpg 470w, https:\/\/masterful-artists.com\/wp-content\/uploads\/2025\/02\/Marianne_von_Werefkin_-_I_pattinatori-e1739010429932-300x223.jpg 300w\" sizes=\"auto, (max-width: 470px) 100vw, 470px\" \/><\/figure>\n<\/figure>\n\n\n\n<p class=\"has-text-align-center\"><em><sub>Patineurs de glace (I pattinatori) (1911) de James Ensor<\/sub><\/em><\/p>\n\n\n\n<p>Tr\u00e8s t\u00f4t, elle a fait preuve de talents artistiques. \u00c0 14 ans, Werefkin a commenc\u00e9 \u00e0 \u00e9tudier avec Ilya Repin, un c\u00e9l\u00e8bre peintre r\u00e9aliste russe. Cette formation a jet\u00e9 les bases de ses comp\u00e9tences artistiques.<\/p>\n\n\n\n<p>En 1888, un accident de chasse l'a bless\u00e9e \u00e0 la main droite. Werefkin a d\u00fb r\u00e9apprendre \u00e0 peindre de la main gauche, ce qui t\u00e9moigne de son d\u00e9vouement \u00e0 l'art.<\/p>\n\n\n\n<h3 class=\"wp-block-heading\">Aller \u00e0 Munich et partenariats artistiques<\/h3>\n\n\n\n<p>En 1896, Werefkin s'installe \u00e0 Munich, plaque tournante de l'art europ\u00e9en \u00e0 l'\u00e9poque. Elle met sa propre peinture en veilleuse pendant une dizaine d'ann\u00e9es pour soutenir son compagnon, Alexej von Jawlensky.<\/p>\n\n\n\n<p>Werefkin tenait un salon \u00e0 Munich qui devint un lieu de rencontre pour les artistes. Elle a jou\u00e9 un r\u00f4le cl\u00e9 dans la cr\u00e9ation de la Neue K\u00fcnstlervereinigung M\u00fcnchen (Nouvelle association d'artistes de Munich) en 1909.<\/p>\n\n\n\n<p>C'est \u00e0 cette \u00e9poque que son style \u00e9volue vers l'expressionnisme. Elle se remet \u00e0 peindre, cr\u00e9ant des \u0153uvres vives aux couleurs \u00e9clatantes et aux th\u00e8mes \u00e9motionnels.<\/p>\n\n\n\n<h3 class=\"wp-block-heading\">Les derni\u00e8res ann\u00e9es et l'h\u00e9ritage<\/h3>\n\n\n\n<p>La Premi\u00e8re Guerre mondiale oblige Werefkin \u00e0 quitter l'Allemagne. Elle s'est install\u00e9e en Suisse en 1914, \u00e0 Ascona, pr\u00e8s du lac Majeur.<\/p>\n\n\n\n<figure class=\"wp-block-gallery has-nested-images columns-default is-cropped wp-block-gallery-2 is-layout-flex wp-block-gallery-is-layout-flex\">\n<figure class=\"wp-block-image size-large\"><img loading=\"lazy\" decoding=\"async\" width=\"453\" height=\"600\" data-id=\"4980\" src=\"https:\/\/masterful-artists.com\/wp-content\/uploads\/2025\/02\/vli0dexguqi.jpgLarge-e1739011156235.jpg\" alt=\"Snow Overnight (1918) de Marianne von Werefkin capture l&#039;effet transformateur et presque surr\u00e9aliste des chutes de neige sur le paysage.\" class=\"wp-image-4980\" srcset=\"https:\/\/masterful-artists.com\/wp-content\/uploads\/2025\/02\/vli0dexguqi.jpgLarge-e1739011156235.jpg 453w, https:\/\/masterful-artists.com\/wp-content\/uploads\/2025\/02\/vli0dexguqi.jpgLarge-e1739011156235-227x300.jpg 227w\" sizes=\"auto, (max-width: 453px) 100vw, 453px\" \/><figcaption class=\"wp-element-caption\"><em>Neige du jour au lendemain (1918) de Marianne von Werefkin<\/em><\/figcaption><\/figure>\n\n\n\n<figure class=\"wp-block-image size-large\"><img loading=\"lazy\" decoding=\"async\" width=\"434\" height=\"600\" data-id=\"4981\" src=\"https:\/\/masterful-artists.com\/wp-content\/uploads\/2025\/02\/skly5cbesyo.jpgLarge-e1739011168463.jpg\" alt=\"L&#039;usine (1910-1911) refl\u00e8te l&#039;industrialisation croissante du d\u00e9but du 20e si\u00e8cle et son impact sur la vie humaine.\" class=\"wp-image-4981\" srcset=\"https:\/\/masterful-artists.com\/wp-content\/uploads\/2025\/02\/skly5cbesyo.jpgLarge-e1739011168463.jpg 434w, https:\/\/masterful-artists.com\/wp-content\/uploads\/2025\/02\/skly5cbesyo.jpgLarge-e1739011168463-217x300.jpg 217w\" sizes=\"auto, (max-width: 434px) 100vw, 434px\" \/><figcaption class=\"wp-element-caption\"><em>L'usine (1910-1911) par Marianne von Werefkin<\/em><\/figcaption><\/figure>\n<\/figure>\n\n\n\n<p>Malgr\u00e9 les difficult\u00e9s financi\u00e8res, elle a continu\u00e9 \u00e0 peindre et \u00e0 soutenir d'autres artistes. Son travail a \u00e9t\u00e9 davantage reconnu dans les derni\u00e8res ann\u00e9es de sa vie.<\/p>\n\n\n\n<p>Werefkin meurt le 6 f\u00e9vrier 1938 \u00e0 Ascona. Elle a laiss\u00e9 derri\u00e8re elle une \u0153uvre riche qui m\u00eale les traditions artistiques russes et allemandes. Aujourd'hui, elle est c\u00e9l\u00e9br\u00e9e comme une pionni\u00e8re de l'expressionnisme et une figure cl\u00e9 de l'art du d\u00e9but du XXe si\u00e8cle.<\/p>\n\n\n\n<h2 class=\"wp-block-heading\">Style artistique et \u0153uvres majeures<\/h2>\n\n\n\n<p>Marianne von Werefkin a d\u00e9velopp\u00e9 un style expressionniste audacieux, marqu\u00e9 par des couleurs vives et une intensit\u00e9 \u00e9motionnelle. Son travail m\u00eale les influences russes et allemandes, contribuant ainsi \u00e0 la cr\u00e9ation d'\u0153uvres cl\u00e9s de l'histoire de l'art. <a href=\"https:\/\/masterful-artists.com\/fr\/artistes\/\">mouvements d'avant-garde<\/a> du d\u00e9but du 20e si\u00e8cle.<\/p>\n\n\n\n<h3 class=\"wp-block-heading\">D\u00e9veloppement du style expressionniste<\/h3>\n\n\n\n<p>Le parcours artistique de Werefkin a commenc\u00e9 par le r\u00e9alisme russe. En 1906, elle est pass\u00e9e \u00e0 l'expressionnisme, adoptant des teintes vibrantes et des formes simplifi\u00e9es. Ses peintures pr\u00e9sentent souvent des paysages saisissants et des portraits introspectifs.<\/p>\n\n\n\n<p>L'utilisation de la couleur par Werefkin est devenue un aspect essentiel de son style. Elle utilise des jaunes vifs, des bleus profonds et des rouges ardents pour transmettre l'humeur et l'\u00e9nergie dans ses \u0153uvres.<\/p>\n\n\n\n<p>Le tableau \"La temp\u00eate\", peint par l'artiste en 1907, illustre sa nouvelle approche. Il d\u00e9peint une sc\u00e8ne turbulente avec des coups de pinceau audacieux et des couleurs intenses, capturant une \u00e9motion brute.<\/p>\n\n\n\n<h3 class=\"wp-block-heading\">Influences et contemporains<\/h3>\n\n\n\n<p>Les \u0153uvres \u00e9motives d'Edvard Munch ont eu un fort impact sur Werefkin. Elle s'est \u00e9galement inspir\u00e9e des post-impressionnistes comme Vincent van Gogh et Paul Gauguin.<\/p>\n\n\n\n<figure class=\"wp-block-gallery has-nested-images columns-default is-cropped wp-block-gallery-3 is-layout-flex wp-block-gallery-is-layout-flex\">\n<figure class=\"wp-block-image size-large\"><img loading=\"lazy\" decoding=\"async\" width=\"427\" height=\"600\" data-id=\"4984\" src=\"https:\/\/masterful-artists.com\/wp-content\/uploads\/2025\/02\/ycbhglb8ose.jpgLarge-e1739013341380.jpg\" alt=\"La Nuit fantastique (1917) est un exemple puissant de son style expressionniste, probablement impr\u00e9gn\u00e9 d&#039;un symbolisme et d&#039;une \u00e9motion profonds.\" class=\"wp-image-4984\" srcset=\"https:\/\/masterful-artists.com\/wp-content\/uploads\/2025\/02\/ycbhglb8ose.jpgLarge-e1739013341380.jpg 427w, https:\/\/masterful-artists.com\/wp-content\/uploads\/2025\/02\/ycbhglb8ose.jpgLarge-e1739013341380-214x300.jpg 214w\" sizes=\"auto, (max-width: 427px) 100vw, 427px\" \/><figcaption class=\"wp-element-caption\"><em>La nuit fantastique (1917) de Marianne von Werefkin<\/em><\/figcaption><\/figure>\n\n\n\n<figure class=\"wp-block-image size-large\"><img loading=\"lazy\" decoding=\"async\" width=\"472\" height=\"600\" data-id=\"4985\" src=\"https:\/\/masterful-artists.com\/wp-content\/uploads\/2025\/02\/kr7khavigdi.jpgLarge-e1739013355139.jpg\" alt=\"Deux enfants devant un panneau d&#039;affichage pour le Grand Cirque&quot; (vers 1930) refl\u00e8te un sentiment d&#039;isolement ou d&#039;\u00e9merveillement.\" class=\"wp-image-4985\" srcset=\"https:\/\/masterful-artists.com\/wp-content\/uploads\/2025\/02\/kr7khavigdi.jpgLarge-e1739013355139.jpg 472w, https:\/\/masterful-artists.com\/wp-content\/uploads\/2025\/02\/kr7khavigdi.jpgLarge-e1739013355139-236x300.jpg 236w\" sizes=\"auto, (max-width: 472px) 100vw, 472px\" \/><figcaption class=\"wp-element-caption\"><em>Deux enfants devant un panneau d'affichage pour le Grand Cirque (vers 1930) par Marianne von Werefkin<\/em><\/figcaption><\/figure>\n<\/figure>\n\n\n\n<p>Werefkin a travaill\u00e9 en \u00e9troite collaboration avec Wassily Kandinsky et Gabriele M\u00fcnter. Ensemble, ils ont explor\u00e9 de nouvelles id\u00e9es artistiques \u00e0 Murnau, en Allemagne.<\/p>\n\n\n\n<p>Son s\u00e9jour \u00e0 Munich l'a familiaris\u00e9e avec l'expressionnisme allemand. L'accent mis par ce mouvement sur les sentiments int\u00e9rieurs plut\u00f4t que sur les apparences ext\u00e9rieures correspond aux objectifs artistiques de Werefkin.<\/p>\n\n\n\n<h3 class=\"wp-block-heading\">Contributions notables \u00e0 Der Blaue Reiter<\/h3>\n\n\n\n<p>Werefkin a jou\u00e9 un r\u00f4le cl\u00e9 dans la formation du groupe Der Blaue Reiter (Le Cavalier bleu). Ce collectif d'avant-garde comprenait des artistes comme Franz Marc et August Macke.<\/p>\n\n\n\n<p>Elle a contribu\u00e9 \u00e0 l'organisation d'expositions et \u00e0 la d\u00e9finition de la vision artistique du groupe. Les \u0153uvres de Werefkin ont \u00e9t\u00e9 publi\u00e9es dans Der Blaue Reiter Almanac, une publication cruciale pour l'art moderne.<\/p>\n\n\n\n<p>Ses peintures de cette p\u00e9riode repr\u00e9sentent souvent des sc\u00e8nes urbaines et des personnages dans des d\u00e9cors oniriques. Ces \u0153uvres m\u00ealent des techniques expressionnistes \u00e0 des th\u00e8mes spirituels, une caract\u00e9ristique de l'approche de Der Blaue Reiter.<\/p>\n\n\n\n<h2 class=\"wp-block-heading\">Impact et influence sur l'art<\/h2>\n\n\n\n<p>Marianne von Werefkin a laiss\u00e9 une empreinte durable dans le monde de l'art. Son style et ses id\u00e9es uniques ont fa\u00e7onn\u00e9 les mouvements artistiques modernes et inspir\u00e9 d'autres artistes.<\/p>\n\n\n\n<h3 class=\"wp-block-heading\">Marianne von Werefkin et les femmes dans l'art<\/h3>\n\n\n\n<p>Von Werefkin a bris\u00e9 les barri\u00e8res pour les femmes artistes. Elle a d\u00e9fi\u00e9 les normes de genre sur la sc\u00e8ne artistique de son \u00e9poque, domin\u00e9e par les hommes. Son utilisation audacieuse des couleurs et son style expressif ont influenc\u00e9 d'autres femmes peintres.<\/p>\n\n\n\n<figure class=\"wp-block-gallery has-nested-images columns-default is-cropped wp-block-gallery-4 is-layout-flex wp-block-gallery-is-layout-flex\">\n<figure class=\"wp-block-image size-large\"><img loading=\"lazy\" decoding=\"async\" width=\"454\" height=\"600\" data-id=\"4982\" src=\"https:\/\/masterful-artists.com\/wp-content\/uploads\/2025\/02\/os93kdpwmrq.jpgLarge-e1739011671375.jpg\" alt=\"Ave Maria (1927) refl\u00e8te l&#039;\u00e9motion, ou comment l&#039;art refl\u00e8te l&#039;histoire et la soci\u00e9t\u00e9\" class=\"wp-image-4982\" srcset=\"https:\/\/masterful-artists.com\/wp-content\/uploads\/2025\/02\/os93kdpwmrq.jpgLarge-e1739011671375.jpg 454w, https:\/\/masterful-artists.com\/wp-content\/uploads\/2025\/02\/os93kdpwmrq.jpgLarge-e1739011671375-227x300.jpg 227w\" sizes=\"auto, (max-width: 454px) 100vw, 454px\" \/><figcaption class=\"wp-element-caption\"><em>Ave Maria (1927) de Marianne von Werefkin<\/em><\/figcaption><\/figure>\n\n\n\n<figure class=\"wp-block-image size-large\"><img loading=\"lazy\" decoding=\"async\" width=\"443\" height=\"600\" data-id=\"4983\" src=\"https:\/\/masterful-artists.com\/wp-content\/uploads\/2025\/02\/dibujo-de-marianne-von-werefkin-12.jpgLarge-e1739011658331.jpg\" alt=\"Monastery Garden (vers 1926) refl\u00e8te son exploration permanente de la spiritualit\u00e9, de la solitude et de l&#039;introspection.\" class=\"wp-image-4983\" srcset=\"https:\/\/masterful-artists.com\/wp-content\/uploads\/2025\/02\/dibujo-de-marianne-von-werefkin-12.jpgLarge-e1739011658331.jpg 443w, https:\/\/masterful-artists.com\/wp-content\/uploads\/2025\/02\/dibujo-de-marianne-von-werefkin-12.jpgLarge-e1739011658331-222x300.jpg 222w\" sizes=\"auto, (max-width: 443px) 100vw, 443px\" \/><figcaption class=\"wp-element-caption\"><em>Jardin du monast\u00e8re (vers 1926) (Klostergarten) par Marianne von Werefkin<\/em><\/figcaption><\/figure>\n<\/figure>\n\n\n\n<p>L'\u0153uvre de Von Werefkin a ouvert la voie \u00e0 la poursuite d'une carri\u00e8re artistique par un plus grand nombre de femmes. Elle a montr\u00e9 que les femmes pouvaient cr\u00e9er des \u0153uvres puissantes et stimulantes. Son succ\u00e8s a inspir\u00e9 les futures g\u00e9n\u00e9rations de femmes artistes \u00e0 repousser les limites et \u00e0 s'exprimer librement.<\/p>\n\n\n\n<h3 class=\"wp-block-heading\">L'intersection des mouvements artistiques russes et ouest-europ\u00e9ens<\/h3>\n\n\n\n<p>Von Werefkin a jet\u00e9 un pont entre les styles artistiques russe et ouest-europ\u00e9en. Elle a combin\u00e9 des \u00e9l\u00e9ments de <a href=\"https:\/\/masterful-artists.com\/fr\/le-realisme-dans-lart\/\">Le r\u00e9alisme russe<\/a> avec l'expressionnisme allemand. Cette fusion a donn\u00e9 naissance \u00e0 une voix artistique unique.<\/p>\n\n\n\n<p>Son travail a \u00e9tabli un lien entre l'art russe de la fin du XIXe si\u00e8cle et les mouvements europ\u00e9ens du d\u00e9but du XXe si\u00e8cle. Elle a introduit les th\u00e8mes et les techniques russes dans le monde de l'art occidental. Cet \u00e9change interculturel a enrichi les sc\u00e8nes artistiques russes et europ\u00e9ennes.<\/p>\n\n\n\n<p>Les peintures de Von Werefkin se caract\u00e9risent souvent par des couleurs vives et une profondeur \u00e9motionnelle. Ces qualit\u00e9s refl\u00e8tent \u00e0 la fois son h\u00e9ritage russe et son exposition aux tendances de l'art occidental.<\/p>\n\n\n\n<h3 class=\"wp-block-heading\">H\u00e9ritage et reconnaissance \u00e0 l'\u00e8re moderne<\/h3>\n\n\n\n<p>Aujourd'hui, von Werefkin est c\u00e9l\u00e9br\u00e9e comme une figure cl\u00e9 de l'expressionnisme. Les historiens de l'art reconnaissent son r\u00f4le dans la formation de l'art moderne. Ses \u0153uvres sont expos\u00e9es dans les plus grands mus\u00e9es du monde.<\/p>\n\n\n\n<figure class=\"wp-block-gallery has-nested-images columns-default is-cropped wp-block-gallery-5 is-layout-flex wp-block-gallery-is-layout-flex\">\n<figure class=\"wp-block-image size-large\"><img loading=\"lazy\" decoding=\"async\" width=\"750\" height=\"509\" data-id=\"4979\" src=\"https:\/\/masterful-artists.com\/wp-content\/uploads\/2025\/02\/db0lve28-ky.jpgLarge-e1739010629138.jpg\" alt=\"Le Chiffonnier (1917) est un miroir du monde ou une fen\u00eatre sur la vie int\u00e9rieure d&#039;un artiste.\" class=\"wp-image-4979\" srcset=\"https:\/\/masterful-artists.com\/wp-content\/uploads\/2025\/02\/db0lve28-ky.jpgLarge-e1739010629138.jpg 750w, https:\/\/masterful-artists.com\/wp-content\/uploads\/2025\/02\/db0lve28-ky.jpgLarge-e1739010629138-300x204.jpg 300w\" sizes=\"auto, (max-width: 750px) 100vw, 750px\" \/><\/figure>\n<\/figure>\n\n\n\n<p class=\"has-text-align-center\"><em><sub>Le Chiffonnier (1917) de Marianne von Werefkin<\/sub><\/em><\/p>\n\n\n\n<p>Les peintures de Von Werefkin continuent d'inspirer les artistes contemporains. Son utilisation audacieuse de la couleur et ses th\u00e8mes \u00e9motionnels trouvent un \u00e9cho aupr\u00e8s des spectateurs modernes. Les \u00e9coles d'art \u00e9tudient ses techniques et ses id\u00e9es.<\/p>\n\n\n\n<p>Des expositions r\u00e9centes ont attir\u00e9 l'attention sur l'\u0153uvre de Mme von Werefkin, ce qui a permis de mieux appr\u00e9cier sa contribution \u00e0 l'histoire de l'art. Cela a permis de mieux appr\u00e9cier sa contribution \u00e0 l'histoire de l'art. Son h\u00e9ritage en tant qu'innovatrice et pionni\u00e8re de l'art moderne reste fort.<\/p>\n\n\n\n<h2 class=\"wp-block-heading\">Questions fr\u00e9quemment pos\u00e9es<\/h2>\n\n\n\n<p>Marianne von Werefkin \u00e9tait une figure cl\u00e9 de l'expressionnisme allemand. Son style unique et ses contributions ont fa\u00e7onn\u00e9 l'art moderne de mani\u00e8re importante.<\/p>\n\n\n\n<h3 class=\"wp-block-heading\">Pour quelle raison Marianne von Werefkin est-elle connue dans le monde de l'art ?<\/h3>\n\n\n\n<p>Marianne von Werefkin \u00e9tait connue pour ses peintures expressionnistes tr\u00e8s vivantes. Elle utilisait <a href=\"https:\/\/masterful-artists.com\/fr\/alfred-parsons-peintre-naturalisme\/\">couleurs vives<\/a> et <a href=\"https:\/\/masterful-artists.com\/fr\/carl-rungius-peintre-realisme-faune-et-flore\/\">des coups de pinceau puissants<\/a> pour cr\u00e9er des sc\u00e8nes saisissantes.<\/p>\n\n\n\n<p>Son \u0153uvre pr\u00e9sente souvent des paysages et des personnages avec une touche d'originalit\u00e9. <a href=\"https:\/\/masterful-artists.com\/fr\/alexandre-antigna-peintre-realisme-francais\/\">qualit\u00e9 \u00e9motionnelle<\/a>. Von Werefkin a particip\u00e9 \u00e0 la cr\u00e9ation du groupe Blue Rider, un important mouvement artistique en Allemagne.<\/p>\n\n\n\n<h3 class=\"wp-block-heading\">Comment Marianne von Werefkin a-t-elle contribu\u00e9 au mouvement expressionniste allemand ?<\/h3>\n\n\n\n<p>Von Werefkin a jou\u00e9 un r\u00f4le important dans l'expressionnisme allemand. Elle organisait chez elle des rencontres artistiques qui suscitaient de nouvelles id\u00e9es.<\/p>\n\n\n\n<p>Ses peintures ont repouss\u00e9 les limites de la couleur et de la forme. Elle a inspir\u00e9 d'autres artistes \u00e0 faire preuve de plus d'audace dans leur travail.<\/p>\n\n\n\n<h3 class=\"wp-block-heading\">Pouvez-vous d\u00e9crire l'influence de l'Autoportrait de Marianne von Werefkin sur l'art moderne ?<\/h3>\n\n\n\n<p>L'autoportrait de Von Werefkin, r\u00e9alis\u00e9 en 1910, \u00e9tait r\u00e9volutionnaire. Il montre son visage dans des couleurs vives et peu naturelles sur un fond sombre.<\/p>\n\n\n\n<p>Ce style audacieux a incit\u00e9 d'autres artistes \u00e0 peindre plus librement. Il a contribu\u00e9 \u00e0 ouvrir la voie \u00e0 d'autres <a href=\"https:\/\/masterful-artists.com\/fr\/jean-malouel-peintre-art-gothique-hollandais\/\">styles d'art abstrait<\/a>.<\/p>\n\n\n\n<h3 class=\"wp-block-heading\">Quelles sont les caract\u00e9ristiques du style de peinture de Marianne von Werefkin ?<\/h3>\n\n\n\n<p>Von Werefkin utilisait des couleurs intenses dans ses peintures. Elle choisit souvent des bleus, des rouges et des jaunes.<\/p>\n\n\n\n<p>Ses coups de pinceau sont visibles et expressifs. Elle peignait des formes simplifi\u00e9es plut\u00f4t que des <a href=\"https:\/\/masterful-artists.com\/fr\/jan-van-eyck-peintre-renaissance-flamand\/\">des d\u00e9tails r\u00e9alistes<\/a>.<\/p>\n\n\n\n<h3 class=\"wp-block-heading\">En quoi l'art de Marianne von Werefkin a-t-il \u00e9volu\u00e9 au cours de sa carri\u00e8re ?<\/h3>\n\n\n\n<p>Les premi\u00e8res \u0153uvres de Von Werefkin \u00e9taient plus traditionnelles. Elle peint des portraits et des paysages r\u00e9alistes.<\/p>\n\n\n\n<p>Plus tard, elle s'est orient\u00e9e vers un style plus expressif. Ses couleurs sont devenues plus vives et ses formes plus abstraites au fil du temps.<\/p>\n\n\n\n<h3 class=\"wp-block-heading\">Comment Marianne von Werefkin a-t-elle concili\u00e9 sa vie personnelle et sa carri\u00e8re artistique ?<\/h3>\n\n\n\n<p>Von Werefkin a mis son propre art en veilleuse pendant de nombreuses ann\u00e9es. Elle s'est attach\u00e9e \u00e0 soutenir son partenaire, Alexej von Jawlensky, dans sa carri\u00e8re.<\/p>\n\n\n\n<p>Plus tard dans sa vie, elle s'est remise \u00e0 la peinture. Elle a cr\u00e9\u00e9 la plupart de ses \u0153uvres c\u00e9l\u00e8bres apr\u00e8s l'\u00e2ge de 50 ans.<\/p>\n\n\n<style>.wp-block-kadence-advancedgallery .kb-gallery-type-masonry.kb-gallery-id-3745_fcafd6-18{margin:-5.5px;}.kb-gallery-type-masonry.kb-gallery-id-3745_fcafd6-18 .kadence-blocks-gallery-item{padding:5.5px;}.kb-gallery-id-3745_fcafd6-18 .kadence-blocks-gallery-item .kb-gal-image-radius, .kb-gallery-id-3745_fcafd6-18 .kb-slide-item .kb-gal-image-radius img{border-radius:0px 0px 0px 0px;;}.kb-gallery-caption-style-bottom.kb-gallery-id-3745_fcafd6-18 .kadence-blocks-gallery-item .kadence-blocks-gallery-item-inner .kadence-blocks-gallery-item__caption, .kb-gallery-caption-style-bottom-hover.kb-gallery-id-3745_fcafd6-18 .kadence-blocks-gallery-item .kadence-blocks-gallery-item-inner .kadence-blocks-gallery-item__caption{background:linear-gradient(0deg, #000000 0, rgba(0, 0, 0, 0) 100%);}<\/style><div class=\"kb-gallery-wrap-id-3745_fcafd6-18 alignwide alignwide wp-block-kadence-advancedgallery\"><ul class=\"kb-gallery-ul kb-gallery-non-static kb-gallery-type-masonry kb-masonry-init kb-gallery-id-3745_fcafd6-18 kb-gallery-caption-style-bottom-hover kb-gallery-filter-none kb-gallery-magnific-init\" data-image-filter=\"none\" data-item-selector=\".kadence-blocks-gallery-item\" data-lightbox-caption=\"true\" data-columns-xxl=\"3\" data-columns-xl=\"3\" data-columns-md=\"3\" data-columns-sm=\"2\" data-columns-xs=\"1\" data-columns-ss=\"1\"><li class=\"kadence-blocks-gallery-item\"><div class=\"kadence-blocks-gallery-item-inner\"><figure class=\"kb-gallery-figure kb-gallery-item-has-link kadence-blocks-gallery-item-has-caption\"><a href=\"https:\/\/masterful-artists.com\/wp-content\/uploads\/2025\/02\/kr7khavigdi.jpgLarge-e1739013355139.jpg\" data-description=\"Two Children in front of a Billboard for Grand Cirque (c. 1930) by Marianne von Werefkin\" class=\"kb-gallery-item-link\"   role=\"button\" aria-haspopup=\"dialog\"><div class=\"kb-gal-image-radius\" style=\"max-width:472px;\"><div class=\"kb-gallery-image-contain kadence-blocks-gallery-intrinsic\" style=\"padding-bottom:127%;\"><img loading=\"lazy\" decoding=\"async\" src=\"https:\/\/masterful-artists.com\/wp-content\/uploads\/2025\/02\/kr7khavigdi.jpgLarge-e1739013355139.jpg\" width=\"472\" height=\"600\" alt=\"\" data-full-image=\"https:\/\/masterful-artists.com\/wp-content\/uploads\/2025\/02\/kr7khavigdi.jpgLarge-e1739013355139.jpg\" data-light-image=\"https:\/\/masterful-artists.com\/wp-content\/uploads\/2025\/02\/kr7khavigdi.jpgLarge-e1739013355139.jpg\" data-id=\"4985\" class=\"wp-image-4985\" srcset=\"https:\/\/masterful-artists.com\/wp-content\/uploads\/2025\/02\/kr7khavigdi.jpgLarge-e1739013355139.jpg 472w, https:\/\/masterful-artists.com\/wp-content\/uploads\/2025\/02\/kr7khavigdi.jpgLarge-e1739013355139-236x300.jpg 236w\" sizes=\"auto, (max-width: 472px) 100vw, 472px\" \/><\/div><div class=\"kadence-blocks-gallery-item__caption\"><em>Deux enfants devant un panneau d'affichage pour le Grand Cirque (vers 1930) par Marianne von Werefkin<\/em><\/div><\/div><\/a><\/figure><\/div><\/li><li class=\"kadence-blocks-gallery-item\"><div class=\"kadence-blocks-gallery-item-inner\"><figure class=\"kb-gallery-figure kb-gallery-item-has-link kadence-blocks-gallery-item-has-caption\"><a href=\"https:\/\/masterful-artists.com\/wp-content\/uploads\/2025\/02\/marianna_von_werefkin-portrait.400x0-e1739010122268.webp\" data-description=\"A photo of Marianne von Werefkin\" data-alt=\"A photo of Marianne von Werefkin\" class=\"kb-gallery-item-link\"   role=\"button\" aria-haspopup=\"dialog\"><div class=\"kb-gal-image-radius\" style=\"max-width:400px;\"><div class=\"kb-gallery-image-contain kadence-blocks-gallery-intrinsic\" style=\"padding-bottom:73%;\"><img loading=\"lazy\" decoding=\"async\" src=\"https:\/\/masterful-artists.com\/wp-content\/uploads\/2025\/02\/marianna_von_werefkin-portrait.400x0-e1739010122268.webp\" width=\"400\" height=\"293\" alt=\"Une photo de Marianne von Werefkin\" data-full-image=\"https:\/\/masterful-artists.com\/wp-content\/uploads\/2025\/02\/marianna_von_werefkin-portrait.400x0-e1739010122268.webp\" data-light-image=\"https:\/\/masterful-artists.com\/wp-content\/uploads\/2025\/02\/marianna_von_werefkin-portrait.400x0-e1739010122268.webp\" data-id=\"4975\" class=\"wp-image-4975\" srcset=\"https:\/\/masterful-artists.com\/wp-content\/uploads\/2025\/02\/marianna_von_werefkin-portrait.400x0-e1739010122268.webp 400w, https:\/\/masterful-artists.com\/wp-content\/uploads\/2025\/02\/marianna_von_werefkin-portrait.400x0-e1739010122268-300x220.webp 300w\" sizes=\"auto, (max-width: 400px) 100vw, 400px\" \/><\/div><div class=\"kadence-blocks-gallery-item__caption\"><em>Une photo de Marianne von Werefkin<\/em><\/div><\/div><\/a><\/figure><\/div><\/li><li class=\"kadence-blocks-gallery-item\"><div class=\"kadence-blocks-gallery-item-inner\"><figure class=\"kb-gallery-figure kb-gallery-item-has-link kadence-blocks-gallery-item-has-caption\"><a href=\"https:\/\/masterful-artists.com\/wp-content\/uploads\/2025\/02\/ycbhglb8ose.jpgLarge-e1739013341380.jpg\" data-description=\"Fantastic Night (1917) by Marianne von Werefkin\" class=\"kb-gallery-item-link\"   role=\"button\" aria-haspopup=\"dialog\"><div class=\"kb-gal-image-radius\" style=\"max-width:427px;\"><div class=\"kb-gallery-image-contain kadence-blocks-gallery-intrinsic\" style=\"padding-bottom:140%;\"><img loading=\"lazy\" decoding=\"async\" src=\"https:\/\/masterful-artists.com\/wp-content\/uploads\/2025\/02\/ycbhglb8ose.jpgLarge-e1739013341380.jpg\" width=\"427\" height=\"600\" alt=\"\" data-full-image=\"https:\/\/masterful-artists.com\/wp-content\/uploads\/2025\/02\/ycbhglb8ose.jpgLarge-e1739013341380.jpg\" data-light-image=\"https:\/\/masterful-artists.com\/wp-content\/uploads\/2025\/02\/ycbhglb8ose.jpgLarge-e1739013341380.jpg\" data-id=\"4984\" class=\"wp-image-4984\" srcset=\"https:\/\/masterful-artists.com\/wp-content\/uploads\/2025\/02\/ycbhglb8ose.jpgLarge-e1739013341380.jpg 427w, https:\/\/masterful-artists.com\/wp-content\/uploads\/2025\/02\/ycbhglb8ose.jpgLarge-e1739013341380-214x300.jpg 214w\" sizes=\"auto, (max-width: 427px) 100vw, 427px\" \/><\/div><div class=\"kadence-blocks-gallery-item__caption\"><em>La nuit fantastique (1917) de Marianne von Werefkin<\/em><\/div><\/div><\/a><\/figure><\/div><\/li><li class=\"kadence-blocks-gallery-item\"><div class=\"kadence-blocks-gallery-item-inner\"><figure class=\"kb-gallery-figure kb-gallery-item-has-link kadence-blocks-gallery-item-has-caption\"><a href=\"https:\/\/masterful-artists.com\/wp-content\/uploads\/2025\/02\/Marianne_von_Werefkin_-_Schwarze_Frauen_1910-e1739010186716.jpg\" data-description=\"The Black Women (Schwarze Frauen), 1910\" data-alt=\"The Black Women (Schwarze Frauen), 1910\" class=\"kb-gallery-item-link\"   role=\"button\" aria-haspopup=\"dialog\"><div class=\"kb-gal-image-radius\" style=\"max-width:800px;\"><div class=\"kb-gallery-image-contain kadence-blocks-gallery-intrinsic\" style=\"padding-bottom:65%;\"><img loading=\"lazy\" decoding=\"async\" src=\"https:\/\/masterful-artists.com\/wp-content\/uploads\/2025\/02\/Marianne_von_Werefkin_-_Schwarze_Frauen_1910-e1739010186716.jpg\" width=\"800\" height=\"523\" alt=\"Les femmes noires (Schwarze Frauen), 1910\" data-full-image=\"https:\/\/masterful-artists.com\/wp-content\/uploads\/2025\/02\/Marianne_von_Werefkin_-_Schwarze_Frauen_1910-e1739010186716.jpg\" data-light-image=\"https:\/\/masterful-artists.com\/wp-content\/uploads\/2025\/02\/Marianne_von_Werefkin_-_Schwarze_Frauen_1910-e1739010186716.jpg\" data-id=\"4974\" class=\"wp-image-4974\" srcset=\"https:\/\/masterful-artists.com\/wp-content\/uploads\/2025\/02\/Marianne_von_Werefkin_-_Schwarze_Frauen_1910-e1739010186716.jpg 800w, https:\/\/masterful-artists.com\/wp-content\/uploads\/2025\/02\/Marianne_von_Werefkin_-_Schwarze_Frauen_1910-e1739010186716-300x196.jpg 300w, https:\/\/masterful-artists.com\/wp-content\/uploads\/2025\/02\/Marianne_von_Werefkin_-_Schwarze_Frauen_1910-e1739010186716-768x502.jpg 768w\" sizes=\"auto, (max-width: 800px) 100vw, 800px\" \/><\/div><div class=\"kadence-blocks-gallery-item__caption\"><em>Les femmes noires (Schwarze Frauen), 1910<\/em><\/div><\/div><\/a><\/figure><\/div><\/li><li class=\"kadence-blocks-gallery-item\"><div class=\"kadence-blocks-gallery-item-inner\"><figure class=\"kb-gallery-figure kb-gallery-item-has-link kadence-blocks-gallery-item-has-caption\"><a href=\"https:\/\/masterful-artists.com\/wp-content\/uploads\/2025\/02\/Marianne_von_Werefkin_-_I_pattinatori-e1739010429932.jpg\" data-description=\"Ice Skaters (I pattinatori) (1911) by James Ensor\" class=\"kb-gallery-item-link\"   role=\"button\" aria-haspopup=\"dialog\"><div class=\"kb-gal-image-radius\" style=\"max-width:470px;\"><div class=\"kb-gallery-image-contain kadence-blocks-gallery-intrinsic\" style=\"padding-bottom:74%;\"><img loading=\"lazy\" decoding=\"async\" src=\"https:\/\/masterful-artists.com\/wp-content\/uploads\/2025\/02\/Marianne_von_Werefkin_-_I_pattinatori-e1739010429932.jpg\" width=\"470\" height=\"350\" alt=\"\" data-full-image=\"https:\/\/masterful-artists.com\/wp-content\/uploads\/2025\/02\/Marianne_von_Werefkin_-_I_pattinatori-e1739010429932.jpg\" data-light-image=\"https:\/\/masterful-artists.com\/wp-content\/uploads\/2025\/02\/Marianne_von_Werefkin_-_I_pattinatori-e1739010429932.jpg\" data-id=\"4978\" class=\"wp-image-4978\" srcset=\"https:\/\/masterful-artists.com\/wp-content\/uploads\/2025\/02\/Marianne_von_Werefkin_-_I_pattinatori-e1739010429932.jpg 470w, https:\/\/masterful-artists.com\/wp-content\/uploads\/2025\/02\/Marianne_von_Werefkin_-_I_pattinatori-e1739010429932-300x223.jpg 300w\" sizes=\"auto, (max-width: 470px) 100vw, 470px\" \/><\/div><div class=\"kadence-blocks-gallery-item__caption\"><em>Patineurs de glace (I pattinatori) (1911) de James Ensor<\/em><\/div><\/div><\/a><\/figure><\/div><\/li><li class=\"kadence-blocks-gallery-item\"><div class=\"kadence-blocks-gallery-item-inner\"><figure class=\"kb-gallery-figure kb-gallery-item-has-link kadence-blocks-gallery-item-has-caption\"><a href=\"https:\/\/masterful-artists.com\/wp-content\/uploads\/2025\/02\/db0lve28-ky.jpgLarge-e1739010629138.jpg\" data-description=\"Le Chiffonnier (1917) by Marianne von Werefkin\" class=\"kb-gallery-item-link\"   role=\"button\" aria-haspopup=\"dialog\"><div class=\"kb-gal-image-radius\" style=\"max-width:750px;\"><div class=\"kb-gallery-image-contain kadence-blocks-gallery-intrinsic\" style=\"padding-bottom:67%;\"><img loading=\"lazy\" decoding=\"async\" src=\"https:\/\/masterful-artists.com\/wp-content\/uploads\/2025\/02\/db0lve28-ky.jpgLarge-e1739010629138.jpg\" width=\"750\" height=\"509\" alt=\"\" data-full-image=\"https:\/\/masterful-artists.com\/wp-content\/uploads\/2025\/02\/db0lve28-ky.jpgLarge-e1739010629138.jpg\" data-light-image=\"https:\/\/masterful-artists.com\/wp-content\/uploads\/2025\/02\/db0lve28-ky.jpgLarge-e1739010629138.jpg\" data-id=\"4979\" class=\"wp-image-4979\" srcset=\"https:\/\/masterful-artists.com\/wp-content\/uploads\/2025\/02\/db0lve28-ky.jpgLarge-e1739010629138.jpg 750w, https:\/\/masterful-artists.com\/wp-content\/uploads\/2025\/02\/db0lve28-ky.jpgLarge-e1739010629138-300x204.jpg 300w\" sizes=\"auto, (max-width: 750px) 100vw, 750px\" \/><\/div><div class=\"kadence-blocks-gallery-item__caption\"><em>Le Chiffonnier (1917) de Marianne von Werefkin<\/em><\/div><\/div><\/a><\/figure><\/div><\/li><li class=\"kadence-blocks-gallery-item\"><div class=\"kadence-blocks-gallery-item-inner\"><figure class=\"kb-gallery-figure kb-gallery-item-has-link kadence-blocks-gallery-item-has-caption\"><a href=\"https:\/\/masterful-artists.com\/wp-content\/uploads\/2025\/02\/vli0dexguqi.jpgLarge-e1739011156235.jpg\" data-description=\"Snow Overnight (1918) by Marianne von Werefkin\" class=\"kb-gallery-item-link\"   role=\"button\" aria-haspopup=\"dialog\"><div class=\"kb-gal-image-radius\" style=\"max-width:453px;\"><div class=\"kb-gallery-image-contain kadence-blocks-gallery-intrinsic\" style=\"padding-bottom:132%;\"><img loading=\"lazy\" decoding=\"async\" src=\"https:\/\/masterful-artists.com\/wp-content\/uploads\/2025\/02\/vli0dexguqi.jpgLarge-e1739011156235.jpg\" width=\"453\" height=\"600\" alt=\"\" data-full-image=\"https:\/\/masterful-artists.com\/wp-content\/uploads\/2025\/02\/vli0dexguqi.jpgLarge-e1739011156235.jpg\" data-light-image=\"https:\/\/masterful-artists.com\/wp-content\/uploads\/2025\/02\/vli0dexguqi.jpgLarge-e1739011156235.jpg\" data-id=\"4980\" class=\"wp-image-4980\" srcset=\"https:\/\/masterful-artists.com\/wp-content\/uploads\/2025\/02\/vli0dexguqi.jpgLarge-e1739011156235.jpg 453w, https:\/\/masterful-artists.com\/wp-content\/uploads\/2025\/02\/vli0dexguqi.jpgLarge-e1739011156235-227x300.jpg 227w\" sizes=\"auto, (max-width: 453px) 100vw, 453px\" \/><\/div><div class=\"kadence-blocks-gallery-item__caption\"><em>Neige du jour au lendemain (1918) de Marianne von Werefkin<\/em><\/div><\/div><\/a><\/figure><\/div><\/li><li class=\"kadence-blocks-gallery-item\"><div class=\"kadence-blocks-gallery-item-inner\"><figure class=\"kb-gallery-figure kb-gallery-item-has-link kadence-blocks-gallery-item-has-caption\"><a href=\"https:\/\/masterful-artists.com\/wp-content\/uploads\/2025\/02\/dibujo-de-marianne-von-werefkin-12.jpgLarge-e1739011658331.jpg\" data-description=\"Monastery Garden (c. 1926) (Klostergarten) by Marianne von Werefkin\" class=\"kb-gallery-item-link\"   role=\"button\" aria-haspopup=\"dialog\"><div class=\"kb-gal-image-radius\" style=\"max-width:443px;\"><div class=\"kb-gallery-image-contain kadence-blocks-gallery-intrinsic\" style=\"padding-bottom:135%;\"><img loading=\"lazy\" decoding=\"async\" src=\"https:\/\/masterful-artists.com\/wp-content\/uploads\/2025\/02\/dibujo-de-marianne-von-werefkin-12.jpgLarge-e1739011658331.jpg\" width=\"443\" height=\"600\" alt=\"\" data-full-image=\"https:\/\/masterful-artists.com\/wp-content\/uploads\/2025\/02\/dibujo-de-marianne-von-werefkin-12.jpgLarge-e1739011658331.jpg\" data-light-image=\"https:\/\/masterful-artists.com\/wp-content\/uploads\/2025\/02\/dibujo-de-marianne-von-werefkin-12.jpgLarge-e1739011658331.jpg\" data-id=\"4983\" class=\"wp-image-4983\" srcset=\"https:\/\/masterful-artists.com\/wp-content\/uploads\/2025\/02\/dibujo-de-marianne-von-werefkin-12.jpgLarge-e1739011658331.jpg 443w, https:\/\/masterful-artists.com\/wp-content\/uploads\/2025\/02\/dibujo-de-marianne-von-werefkin-12.jpgLarge-e1739011658331-222x300.jpg 222w\" sizes=\"auto, (max-width: 443px) 100vw, 443px\" \/><\/div><div class=\"kadence-blocks-gallery-item__caption\"><em>Jardin du monast\u00e8re (vers 1926) (Klostergarten) par Marianne von Werefkin<\/em><\/div><\/div><\/a><\/figure><\/div><\/li><li class=\"kadence-blocks-gallery-item\"><div class=\"kadence-blocks-gallery-item-inner\"><figure class=\"kb-gallery-figure kb-gallery-item-has-link kadence-blocks-gallery-item-has-caption\"><a href=\"https:\/\/masterful-artists.com\/wp-content\/uploads\/2025\/02\/os93kdpwmrq.jpgLarge-e1739011671375.jpg\" data-description=\"Ave Maria (1927) by Marianne von Werefkin\" class=\"kb-gallery-item-link\"   role=\"button\" aria-haspopup=\"dialog\"><div class=\"kb-gal-image-radius\" style=\"max-width:454px;\"><div class=\"kb-gallery-image-contain kadence-blocks-gallery-intrinsic\" style=\"padding-bottom:132%;\"><img loading=\"lazy\" decoding=\"async\" src=\"https:\/\/masterful-artists.com\/wp-content\/uploads\/2025\/02\/os93kdpwmrq.jpgLarge-e1739011671375.jpg\" width=\"454\" height=\"600\" alt=\"\" data-full-image=\"https:\/\/masterful-artists.com\/wp-content\/uploads\/2025\/02\/os93kdpwmrq.jpgLarge-e1739011671375.jpg\" data-light-image=\"https:\/\/masterful-artists.com\/wp-content\/uploads\/2025\/02\/os93kdpwmrq.jpgLarge-e1739011671375.jpg\" data-id=\"4982\" class=\"wp-image-4982\" srcset=\"https:\/\/masterful-artists.com\/wp-content\/uploads\/2025\/02\/os93kdpwmrq.jpgLarge-e1739011671375.jpg 454w, https:\/\/masterful-artists.com\/wp-content\/uploads\/2025\/02\/os93kdpwmrq.jpgLarge-e1739011671375-227x300.jpg 227w\" sizes=\"auto, (max-width: 454px) 100vw, 454px\" \/><\/div><div class=\"kadence-blocks-gallery-item__caption\"><em>Ave Maria (1927) de Marianne von Werefkin<\/em><\/div><\/div><\/a><\/figure><\/div><\/li><li class=\"kadence-blocks-gallery-item\"><div class=\"kadence-blocks-gallery-item-inner\"><figure class=\"kb-gallery-figure kb-gallery-item-has-link kadence-blocks-gallery-item-has-caption\"><a href=\"https:\/\/masterful-artists.com\/wp-content\/uploads\/2025\/02\/skly5cbesyo.jpgLarge-e1739011168463.jpg\" data-description=\"The Factory (1910\u20131911) by Marianne von Werefkin\" class=\"kb-gallery-item-link\"   role=\"button\" aria-haspopup=\"dialog\"><div class=\"kb-gal-image-radius\" style=\"max-width:434px;\"><div class=\"kb-gallery-image-contain kadence-blocks-gallery-intrinsic\" style=\"padding-bottom:138%;\"><img loading=\"lazy\" decoding=\"async\" src=\"https:\/\/masterful-artists.com\/wp-content\/uploads\/2025\/02\/skly5cbesyo.jpgLarge-e1739011168463.jpg\" width=\"434\" height=\"600\" alt=\"\" data-full-image=\"https:\/\/masterful-artists.com\/wp-content\/uploads\/2025\/02\/skly5cbesyo.jpgLarge-e1739011168463.jpg\" data-light-image=\"https:\/\/masterful-artists.com\/wp-content\/uploads\/2025\/02\/skly5cbesyo.jpgLarge-e1739011168463.jpg\" data-id=\"4981\" class=\"wp-image-4981\" srcset=\"https:\/\/masterful-artists.com\/wp-content\/uploads\/2025\/02\/skly5cbesyo.jpgLarge-e1739011168463.jpg 434w, https:\/\/masterful-artists.com\/wp-content\/uploads\/2025\/02\/skly5cbesyo.jpgLarge-e1739011168463-217x300.jpg 217w\" sizes=\"auto, (max-width: 434px) 100vw, 434px\" \/><\/div><div class=\"kadence-blocks-gallery-item__caption\"><em>L'usine (1910-1911) par Marianne von Werefkin<\/em><\/div><\/div><\/a><\/figure><\/div><\/li><\/ul><\/div>\n\n\n<p><\/p>","protected":false},"excerpt":{"rendered":"<p>D\u00e9couvrez Marianne von Werefkin, peintre expressionniste visionnaire du d\u00e9but du XXe si\u00e8cle, connue pour ses couleurs vives, ses paysages \u00e9mouvants et ses compositions modernistes innovantes.<\/p>","protected":false},"author":3,"featured_media":4974,"comment_status":"closed","ping_status":"closed","sticky":false,"template":"","format":"standard","meta":{"_kad_blocks_custom_css":"","_kad_blocks_head_custom_js":"","_kad_blocks_body_custom_js":"","_kad_blocks_footer_custom_js":"","_kad_post_transparent":"","_kad_post_title":"","_kad_post_layout":"","_kad_post_sidebar_id":"","_kad_post_content_style":"","_kad_post_vertical_padding":"","_kad_post_feature":"","_kad_post_feature_position":"","_kad_post_header":false,"_kad_post_footer":false,"_kad_post_classname":"","footnotes":""},"categories":[99,119,77,52,92],"tags":[105,104,61,23],"class_list":["post-3745","post","type-post","status-publish","format-standard","has-post-thumbnail","hentry","category-russian","category-german","category-master","category-painters","category-realism","tag-19th-century","tag-landscape-painting","tag-portraits","tag-realism"],"taxonomy_info":{"category":[{"value":99,"label":"Russian"},{"value":119,"label":"German"},{"value":77,"label":"Master"},{"value":52,"label":"Painters"},{"value":92,"label":"Realism"}],"post_tag":[{"value":105,"label":"19th century"},{"value":104,"label":"Landscape Painting"},{"value":61,"label":"Portraits"},{"value":23,"label":"Realism"}]},"featured_image_src_large":["https:\/\/masterful-artists.com\/wp-content\/uploads\/2025\/02\/Marianne_von_Werefkin_-_Schwarze_Frauen_1910-e1739010186716.jpg",800,523,false],"author_info":{"display_name":"Richard J. Sheppard","author_link":"https:\/\/masterful-artists.com\/fr\/author\/koala\/"},"comment_info":0,"category_info":[{"term_id":99,"name":"Russian","slug":"russian","term_group":0,"term_taxonomy_id":99,"taxonomy":"category","description":"","parent":0,"count":35,"filter":"raw","cat_ID":99,"category_count":35,"category_description":"","cat_name":"Russian","category_nicename":"russian","category_parent":0},{"term_id":119,"name":"German","slug":"german","term_group":0,"term_taxonomy_id":119,"taxonomy":"category","description":"","parent":0,"count":36,"filter":"raw","cat_ID":119,"category_count":36,"category_description":"","cat_name":"German","category_nicename":"german","category_parent":0},{"term_id":77,"name":"Master","slug":"master","term_group":0,"term_taxonomy_id":77,"taxonomy":"category","description":"","parent":0,"count":172,"filter":"raw","cat_ID":77,"category_count":172,"category_description":"","cat_name":"Master","category_nicename":"master","category_parent":0},{"term_id":52,"name":"Painters","slug":"painters","term_group":0,"term_taxonomy_id":52,"taxonomy":"category","description":"","parent":0,"count":404,"filter":"raw","cat_ID":52,"category_count":404,"category_description":"","cat_name":"Painters","category_nicename":"painters","category_parent":0},{"term_id":92,"name":"Realism","slug":"realism","term_group":0,"term_taxonomy_id":92,"taxonomy":"category","description":"","parent":0,"count":188,"filter":"raw","cat_ID":92,"category_count":188,"category_description":"","cat_name":"Realism","category_nicename":"realism","category_parent":0}],"tag_info":[{"term_id":105,"name":"19th century","slug":"19th-century","term_group":0,"term_taxonomy_id":105,"taxonomy":"post_tag","description":"","parent":0,"count":171,"filter":"raw"},{"term_id":104,"name":"Landscape Painting","slug":"landscape-painting","term_group":0,"term_taxonomy_id":104,"taxonomy":"post_tag","description":"","parent":0,"count":190,"filter":"raw"},{"term_id":61,"name":"Portraits","slug":"portraits","term_group":0,"term_taxonomy_id":61,"taxonomy":"post_tag","description":"","parent":0,"count":228,"filter":"raw"},{"term_id":23,"name":"Realism","slug":"realism","term_group":0,"term_taxonomy_id":23,"taxonomy":"post_tag","description":"","parent":0,"count":176,"filter":"raw"}],"_links":{"self":[{"href":"https:\/\/masterful-artists.com\/fr\/wp-json\/wp\/v2\/posts\/3745","targetHints":{"allow":["GET"]}}],"collection":[{"href":"https:\/\/masterful-artists.com\/fr\/wp-json\/wp\/v2\/posts"}],"about":[{"href":"https:\/\/masterful-artists.com\/fr\/wp-json\/wp\/v2\/types\/post"}],"author":[{"embeddable":true,"href":"https:\/\/masterful-artists.com\/fr\/wp-json\/wp\/v2\/users\/3"}],"replies":[{"embeddable":true,"href":"https:\/\/masterful-artists.com\/fr\/wp-json\/wp\/v2\/comments?post=3745"}],"version-history":[{"count":3,"href":"https:\/\/masterful-artists.com\/fr\/wp-json\/wp\/v2\/posts\/3745\/revisions"}],"predecessor-version":[{"id":4986,"href":"https:\/\/masterful-artists.com\/fr\/wp-json\/wp\/v2\/posts\/3745\/revisions\/4986"}],"wp:featuredmedia":[{"embeddable":true,"href":"https:\/\/masterful-artists.com\/fr\/wp-json\/wp\/v2\/media\/4974"}],"wp:attachment":[{"href":"https:\/\/masterful-artists.com\/fr\/wp-json\/wp\/v2\/media?parent=3745"}],"wp:term":[{"taxonomy":"category","embeddable":true,"href":"https:\/\/masterful-artists.com\/fr\/wp-json\/wp\/v2\/categories?post=3745"},{"taxonomy":"post_tag","embeddable":true,"href":"https:\/\/masterful-artists.com\/fr\/wp-json\/wp\/v2\/tags?post=3745"}],"curies":[{"name":"wp","href":"https:\/\/api.w.org\/{rel}","templated":true}]}}