{"id":3791,"date":"2025-02-04T11:00:00","date_gmt":"2025-02-04T11:00:00","guid":{"rendered":"https:\/\/masterful-artists.com\/?p=3791"},"modified":"2025-01-31T21:58:01","modified_gmt":"2025-01-31T21:58:01","slug":"roger-raveel-peintre","status":"publish","type":"post","link":"https:\/\/masterful-artists.com\/fr\/roger-raveel-peintre\/","title":{"rendered":"Roger Raveel Peintre : Paysagiste hollandais du 20\u00e8me si\u00e8cle"},"content":{"rendered":"<style>.kt-sc3791_d7ed7e-39 .kt-sc-imgcol, .kt-sc3791_d7ed7e-39 .kt-sc-textcol{min-height:450px;}.kt-sc3791_d7ed7e-39 .kt-sc-imgcol{background-size:cover;background-image:url(https:\/\/masterful-artists.com\/wp-content\/uploads\/2025\/01\/Rogerraveelfoto_pers-e1738151814875.jpg);}.kt-sc3791_d7ed7e-39 .kt-sc-textcol{padding-top:24px;padding-right:24px;padding-bottom:24px;padding-left:24px;margin-top:0px;margin-right:0px;margin-bottom:0px;margin-left:0px;}@media all and (max-width: 767px){.kt-sc3791_d7ed7e-39 .kt-sc-imgcol, .kt-sc3791_d7ed7e-39 .kt-sc-textcol{min-height:450px;}}<\/style>\n<div class=\"alignwide kt-sc3791_d7ed7e-39 wp-block-kadence-splitcontent\"><div class=\"kt-split-content-wrap kt-sc-media-side-right\" style=\"grid-template-columns:auto 50%\"><div class=\"kt-sc-imgcol kt-sc-imgcol-bg-cover kt-sc-img-side-right\"><\/div><div class=\"kt-sc-textcol kt-sc-text-valign-center kt-sc-text-halign-left\" style=\"box-shadow:20px 15px 25px -8px rgba(0, 0, 0, 0.2)\"><div class=\"kt-sc-innter-col\">\n<p>N\u00e9e le 15 juillet 1921 \u00e0 Machelen-aan-de-Leie, Belgique<\/p>\n\n\n\n<p style=\"font-size:19px\">D\u00e9c\u00e8s : 30 janvier 2013, Deinze, Belgique<\/p>\n\n\n\n<p style=\"font-size:19px\">Mouvement artistique : Pop Art<\/p>\n\n\n\n<p style=\"font-size:19px\">Nationalit\u00e9 : Belge<\/p>\n\n\n\n<p style=\"font-size:19px\">Influenc\u00e9 par : Lucio Fontana<\/p>\n\n\n\n<p style=\"font-size:19px\">Institution :  Acad\u00e9mies de Deinze<\/p>\n<\/div><\/div><\/div><\/div>\n\n\n\n<p class=\"has-text-align-right has-small-font-size\"><em><sub>Roger Raveel Peintre : Paysagiste hollandais du 18\u00e8me si\u00e8cle<\/sub><\/em><\/p>\n\n\n<style>.kb-table-of-content-nav.kb-table-of-content-id3791_815b88-c1 .kb-table-of-content-wrap{padding-top:var(--global-kb-spacing-sm, 1.5rem);padding-right:var(--global-kb-spacing-sm, 1.5rem);padding-bottom:var(--global-kb-spacing-sm, 1.5rem);padding-left:var(--global-kb-spacing-sm, 1.5rem);background-color:var(--global-palette1, #3182CE);max-width:1001px;}.kb-table-of-content-nav.kb-table-of-content-id3791_815b88-c1 .kb-table-of-contents-title-wrap{padding-top:0px;padding-right:0px;padding-bottom:0px;padding-left:0px;}.kb-table-of-content-nav.kb-table-of-content-id3791_815b88-c1 .kb-table-of-contents-title-wrap{color:var(--global-palette3, #1A202C);}.kb-table-of-content-nav.kb-table-of-content-id3791_815b88-c1 .kb-table-of-contents-title{color:var(--global-palette3, #1A202C);letter-spacing:4.9px;font-weight:regular;font-style:normal;text-transform:uppercase;}.kb-table-of-content-nav.kb-table-of-content-id3791_815b88-c1 .kb-table-of-content-wrap .kb-table-of-content-list{color:var(--global-palette3, #1A202C);font-size:20px;letter-spacing:-0.1px;font-weight:bold;font-style:normal;text-transform:none;margin-top:var(--global-kb-spacing-sm, 1.5rem);margin-right:0px;margin-bottom:0px;margin-left:0px;}.kb-table-of-content-nav.kb-table-of-content-id3791_815b88-c1 .kb-table-of-content-wrap .kb-table-of-content-list .active > .kb-table-of-contents__entry{color:var(--global-palette7, #EDF2F7);}.kb-table-of-content-nav.kb-table-of-content-id3791_815b88-c1 .kb-toggle-icon-style-basiccircle .kb-table-of-contents-icon-trigger:after, .kb-table-of-content-nav.kb-table-of-content-id3791_815b88-c1 .kb-toggle-icon-style-basiccircle .kb-table-of-contents-icon-trigger:before, .kb-table-of-content-nav.kb-table-of-content-id3791_815b88-c1 .kb-toggle-icon-style-arrowcircle .kb-table-of-contents-icon-trigger:after, .kb-table-of-content-nav.kb-table-of-content-id3791_815b88-c1 .kb-toggle-icon-style-arrowcircle .kb-table-of-contents-icon-trigger:before, .kb-table-of-content-nav.kb-table-of-content-id3791_815b88-c1 .kb-toggle-icon-style-xclosecircle .kb-table-of-contents-icon-trigger:after, .kb-table-of-content-nav.kb-table-of-content-id3791_815b88-c1 .kb-toggle-icon-style-xclosecircle .kb-table-of-contents-icon-trigger:before{background-color:var(--global-palette1, #3182CE);}@media all and (max-width: 767px){.kb-table-of-content-nav.kb-table-of-content-id3791_815b88-c1 .kb-table-of-contents-title{font-size:var(--global-kb-font-size-md, 1.25rem);}.kb-table-of-content-nav.kb-table-of-content-id3791_815b88-c1 .kb-table-of-content-wrap .kb-table-of-content-list{font-size:var(--global-kb-font-size-md, 1.25rem);}}<\/style>\n\n\n<h2 class=\"wp-block-heading\">Vie et carri\u00e8re de Roger Raveel<\/h2>\n\n\n\n<p>Roger Raveel \u00e9tait une figure cl\u00e9 de l'art belge. Il r\u00e9alisait des peintures uniques qui m\u00ealaient des \u00e9l\u00e9ments r\u00e9els et imaginaires. Son \u0153uvre a beaucoup \u00e9volu\u00e9 au fil du temps.<\/p>\n\n\n\n<h3 class=\"wp-block-heading\">Petite enfance et \u00e9ducation<\/h3>\n\n\n\n<p>Roger Henri Kamiel Raveel est n\u00e9 en 1921 \u00e0 Machelen-aan-de-Leie, en Belgique. Dans sa jeunesse, il \u00e9tudie l'art aux acad\u00e9mies de Deinze. Cette formation lui a permis d'acqu\u00e9rir de solides connaissances en mati\u00e8re de peinture.<\/p>\n\n\n\n<figure class=\"wp-block-gallery has-nested-images columns-default is-cropped wp-block-gallery-1 is-layout-flex wp-block-gallery-is-layout-flex\">\n<figure class=\"wp-block-image size-large\"><img loading=\"lazy\" decoding=\"async\" width=\"600\" height=\"446\" data-id=\"4248\" src=\"https:\/\/masterful-artists.com\/wp-content\/uploads\/2025\/01\/24_Vader-in-moderne-leegte-600x446-1-e1738153318540.jpg\" alt=\"Cette \u0153uvre illustre l&#039;exploration par Raveel de l&#039;intersection entre l&#039;exp\u00e9rience personnelle et la nature impersonnelle de l&#039;art et de l&#039;architecture modernistes.\" class=\"wp-image-4248\" srcset=\"https:\/\/masterful-artists.com\/wp-content\/uploads\/2025\/01\/24_Vader-in-moderne-leegte-600x446-1-e1738153318540.jpg 600w, https:\/\/masterful-artists.com\/wp-content\/uploads\/2025\/01\/24_Vader-in-moderne-leegte-600x446-1-e1738153318540-300x223.jpg 300w\" sizes=\"auto, (max-width: 600px) 100vw, 600px\" \/><\/figure>\n<\/figure>\n\n\n\n<p class=\"has-text-align-center\"><em><sub>P\u00e8re dans un vide moderne\" (Vader in een moderne leegte)<\/sub><\/em><\/p>\n\n\n\n<p>Raveel a grandi en parlant le n\u00e9erlandais. Ses premi\u00e8res \u0153uvres t\u00e9moignent de l'influence de son environnement rural. Il a commenc\u00e9 \u00e0 d\u00e9velopper son propre style dans les ann\u00e9es 1940 et 1950.<\/p>\n\n\n\n<h3 class=\"wp-block-heading\">P\u00e9riodes notables et \u00e9volution artistique<\/h3>\n\n\n\n<p>Dans les ann\u00e9es 1960, l'art de Raveel a beaucoup \u00e9volu\u00e9. Il a commenc\u00e9 \u00e0 m\u00e9langer l'abstrait et le <a href=\"https:\/\/masterful-artists.com\/fr\/le-realisme-dans-lart\/\">\u00e9l\u00e9ments r\u00e9alistes<\/a> d'une mani\u00e8re nouvelle. Ses peintures comprennent souvent des objets quotidiens et des formes g\u00e9om\u00e9triques.<\/p>\n\n\n\n<p>Raveel a s\u00e9journ\u00e9 en Italie en 1962. Il y a travaill\u00e9 avec des artistes c\u00e9l\u00e8bres comme Lucio Fontana. Cette exp\u00e9rience a contribu\u00e9 \u00e0 fa\u00e7onner son approche unique de l'art.<\/p>\n\n\n\n<p>Au fil des ans, le style de Raveel n'a cess\u00e9 d'\u00e9voluer. Il s'est fait conna\u00eetre pour son utilisation audacieuse des couleurs et son m\u00e9lange cr\u00e9atif de diff\u00e9rentes techniques de peinture.<\/p>\n\n\n\n<h3 class=\"wp-block-heading\">Principales contributions et h\u00e9ritage<\/h3>\n\n\n\n<p>Raveel a eu un impact important sur l'art moderne. Il a contribu\u00e9 \u00e0 cr\u00e9er une nouvelle mani\u00e8re de peindre, entre les styles abstrait et r\u00e9aliste. Son \u0153uvre a influenc\u00e9 de nombreux autres artistes.<\/p>\n\n\n\n<figure class=\"wp-block-gallery has-nested-images columns-default is-cropped wp-block-gallery-2 is-layout-flex wp-block-gallery-is-layout-flex\">\n<figure class=\"wp-block-image size-large\"><img loading=\"lazy\" decoding=\"async\" width=\"200\" height=\"267\" data-id=\"4249\" src=\"https:\/\/masterful-artists.com\/wp-content\/uploads\/2025\/01\/roger-raveel-man-in-landschap-e1738153447694.jpg\" alt=\"(Homme dans le paysage) est une \u0153uvre d&#039;art de l&#039;artiste belge Roger Raveel, r\u00e9alis\u00e9e entre 1987 et 1991\" class=\"wp-image-4249\"\/><figcaption class=\"wp-element-caption\"><em>(Homme dans le paysage) de Roger Raveel, 1987 -1991<\/em><\/figcaption><\/figure>\n\n\n\n<figure class=\"wp-block-image size-large\"><img loading=\"lazy\" decoding=\"async\" width=\"200\" height=\"256\" data-id=\"4250\" src=\"https:\/\/masterful-artists.com\/wp-content\/uploads\/2025\/01\/roger-raveel-de-begroeting-e1738153500548.jpg\" alt=\"De begroeting&quot; (La salutation) est une peinture \u00e0 l&#039;huile de 1979 de l&#039;artiste belge Roger Raveel.\" class=\"wp-image-4250\"\/><figcaption class=\"wp-element-caption\"><em>De begroeting\" (La salutation), 1979<\/em><\/figcaption><\/figure>\n<\/figure>\n\n\n\n<p>En 1999, le mus\u00e9e Roger Raveel a ouvert ses portes dans sa ville natale. Il conserve plus de 300 de ses peintures et des milliers de dessins. Ce mus\u00e9e contribue \u00e0 maintenir l'art de Raveel en vie pour les nouvelles g\u00e9n\u00e9rations.<\/p>\n\n\n\n<p>Raveel est d\u00e9c\u00e9d\u00e9 en 2013 \u00e0 l'\u00e2ge de 91 ans. Il a laiss\u00e9 derri\u00e8re lui une \u0153uvre riche qui continue d'inspirer les gens. Sa vision unique et son esprit cr\u00e9atif ont fait de lui une figure importante de l'art du XXe si\u00e8cle.<\/p>\n\n\n\n<h2 class=\"wp-block-heading\">Style artistique et influences<\/h2>\n\n\n\n<p>Roger Raveel a mis au point un <a href=\"https:\/\/masterful-artists.com\/fr\/artistes\/\">style artistique<\/a> qui m\u00eale diff\u00e9rentes approches. Il s'est inspir\u00e9 de <a href=\"https:\/\/masterful-artists.com\/fr\/jean-malouel-peintre-art-gothique-hollandais\/\">vie quotidienne<\/a> et a explor\u00e9 les fronti\u00e8res entre la r\u00e9alit\u00e9 et l'imagination dans son travail.<\/p>\n\n\n\n<h3 class=\"wp-block-heading\">M\u00e9lange de figuratif et d'abstrait<\/h3>\n\n\n\n<p>L'art de Raveel combine des \u00e9l\u00e9ments figuratifs et abstraits de mani\u00e8re innovante. Il peint souvent des <a href=\"https:\/\/masterful-artists.com\/fr\/jan-van-eyck-peintre-renaissance-flamand\/\">objets reconnaissables<\/a> et des sc\u00e8nes, tout en y incorporant des formes et des motifs abstraits. Ce m\u00e9lange a permis de cr\u00e9er un <a href=\"https:\/\/masterful-artists.com\/fr\/galerie\/\">langage visuel<\/a>.<\/p>\n\n\n\n<p>Ses peintures peuvent pr\u00e9senter des figures humaines r\u00e9alistes \u00e0 c\u00f4t\u00e9 de formes g\u00e9om\u00e9triques ou de blocs de couleur unie. Raveel n'a pas totalement adopt\u00e9 l'abstraction pure. Il a plut\u00f4t trouv\u00e9 un juste milieu qui lui a permis d'exprimer des id\u00e9es \u00e0 la fois concr\u00e8tes et conceptuelles.<\/p>\n\n\n\n<h3 class=\"wp-block-heading\">Utilisation de la lumi\u00e8re et de l'espace<\/h3>\n\n\n\n<p>La lumi\u00e8re et l'espace jouent un r\u00f4le cl\u00e9 dans le travail de Raveel. Il utilise de grandes surfaces blanches pour cr\u00e9er un sentiment d'ouverture et de possibilit\u00e9. Ces espaces servent \u00e0 la fois de premier plan et d'arri\u00e8re-plan dans ses compositions.<\/p>\n\n\n\n<figure class=\"wp-block-gallery has-nested-images columns-default is-cropped wp-block-gallery-3 is-layout-flex wp-block-gallery-is-layout-flex\">\n<figure class=\"wp-block-image size-large\"><img loading=\"lazy\" decoding=\"async\" width=\"200\" height=\"280\" data-id=\"4253\" src=\"https:\/\/masterful-artists.com\/wp-content\/uploads\/2025\/01\/roger-raveel-dubbende-man-e1738154152800.jpg\" alt=\"Dubbende man (Homme inquiet) est une gravure sur bois en couleur de l&#039;artiste belge Roger Raveel, r\u00e9alis\u00e9e en 1983.\" class=\"wp-image-4253\"\/><figcaption class=\"wp-element-caption\"><em>Dubbende man (L'homme inquiet) de Roger Raveel, 1983<\/em><\/figcaption><\/figure>\n\n\n\n<figure class=\"wp-block-image size-large\"><img loading=\"lazy\" decoding=\"async\" width=\"600\" height=\"632\" data-id=\"4254\" src=\"https:\/\/masterful-artists.com\/wp-content\/uploads\/2025\/01\/10_Stier_Bull_circa-1957_Collectie-Vlaamse-Gemeenschap_Roger-Raveel-Museum-600x632-1-e1738154199626.jpg\" alt=\"Bull (Stier) est une peinture de l&#039;artiste belge Roger Raveel, r\u00e9alis\u00e9e vers 1957. \" class=\"wp-image-4254\" srcset=\"https:\/\/masterful-artists.com\/wp-content\/uploads\/2025\/01\/10_Stier_Bull_circa-1957_Collectie-Vlaamse-Gemeenschap_Roger-Raveel-Museum-600x632-1-e1738154199626.jpg 600w, https:\/\/masterful-artists.com\/wp-content\/uploads\/2025\/01\/10_Stier_Bull_circa-1957_Collectie-Vlaamse-Gemeenschap_Roger-Raveel-Museum-600x632-1-e1738154199626-285x300.jpg 285w\" sizes=\"auto, (max-width: 600px) 100vw, 600px\" \/><figcaption class=\"wp-element-caption\"><em>Taureau (Stier) Roger Raveel, 1957<\/em><\/figcaption><\/figure>\n<\/figure>\n\n\n\n<p>Le traitement de la lumi\u00e8re par Raveel n'\u00e9tait pas conventionnel. Il peignait souvent des couleurs vives et plates qui ne respectaient pas les r\u00e8gles de l'\u00e9clairage naturel. Cette approche conf\u00e8re \u00e0 son \u0153uvre une qualit\u00e9 onirique.<\/p>\n\n\n\n<p>L'artiste a \u00e9galement int\u00e9gr\u00e9 des miroirs dans certains tableaux. Ceux-ci refl\u00e8tent l'espace r\u00e9el, brouillant ainsi la fronti\u00e8re entre l'\u0153uvre d'art et le spectateur.<\/p>\n\n\n\n<h3 class=\"wp-block-heading\">Interaction de la fiction et de la r\u00e9alit\u00e9<\/h3>\n\n\n\n<p>Raveel a explor\u00e9 la relation entre la fiction et la r\u00e9alit\u00e9 dans son art. Il peignait des objets quotidiens mais les pr\u00e9sentait de mani\u00e8re surr\u00e9aliste. Des objets communs tels que des chaises ou des bicyclettes sont devenus de myst\u00e9rieux objets d'art entre ses mains.<\/p>\n\n\n\n<p>Il a d\u00e9velopp\u00e9 des motifs r\u00e9p\u00e9titifs qui apparaissent dans de nombreuses \u0153uvres. Un homme avec une charrette en est un exemple c\u00e9l\u00e8bre. Ces \u00e9l\u00e9ments familiers ont cr\u00e9\u00e9 un pont entre le monde r\u00e9el et la vision artistique de Raveel.<\/p>\n\n\n\n<p>Le style de Raveel, connu sous le nom de \"Nouvelle Vision\", a incit\u00e9 les spectateurs \u00e0 voir les choses diff\u00e9remment. <a href=\"https:\/\/masterful-artists.com\/fr\/jules-bastien-lepage-peintre-realisme-francais\/\">les choses ordinaires<\/a> de mani\u00e8re originale. Il a transform\u00e9 le banal en quelque chose de magique et de stimulant.<\/p>\n\n\n\n<h2 class=\"wp-block-heading\">\u0152uvres et expositions<\/h2>\n\n\n\n<figure class=\"wp-block-gallery has-nested-images columns-default is-cropped wp-block-gallery-4 is-layout-flex wp-block-gallery-is-layout-flex\">\n<figure class=\"wp-block-image size-large\"><img loading=\"lazy\" decoding=\"async\" width=\"1024\" height=\"845\" data-id=\"4255\" src=\"https:\/\/masterful-artists.com\/wp-content\/uploads\/2025\/01\/7_Man-with-Wire-in-Garden-1536x1268-1-e1738154531144-1024x845.jpg\" alt=\"Homme avec fil de fer dans le jardin&quot; (Man met ijzerdraad in tuin) est une peinture \u00e0 l&#039;huile r\u00e9alis\u00e9e en 1952-53 par l&#039;artiste belge Roger Raveel.\" class=\"wp-image-4255\" srcset=\"https:\/\/masterful-artists.com\/wp-content\/uploads\/2025\/01\/7_Man-with-Wire-in-Garden-1536x1268-1-e1738154531144-1024x845.jpg 1024w, https:\/\/masterful-artists.com\/wp-content\/uploads\/2025\/01\/7_Man-with-Wire-in-Garden-1536x1268-1-e1738154531144-300x248.jpg 300w, https:\/\/masterful-artists.com\/wp-content\/uploads\/2025\/01\/7_Man-with-Wire-in-Garden-1536x1268-1-e1738154531144-768x634.jpg 768w, https:\/\/masterful-artists.com\/wp-content\/uploads\/2025\/01\/7_Man-with-Wire-in-Garden-1536x1268-1-e1738154531144.jpg 1536w\" sizes=\"auto, (max-width: 1024px) 100vw, 1024px\" \/><\/figure>\n<\/figure>\n\n\n\n<p class=\"has-text-align-center\"><em><sub>Homme avec un fil de fer dans un jardin (Man met ijzerdraad in tuin), 1952-1953<\/sub><\/em><\/p>\n\n\n\n<p>Roger Raveel a cr\u00e9\u00e9 un ensemble diversifi\u00e9 d'\u0153uvres comprenant des peintures, des dessins, des peintures murales et des sculptures. Son art a \u00e9t\u00e9 reconnu tant en Belgique qu'\u00e0 l'\u00e9tranger par le biais d'expositions et de projets d'art public.<\/p>\n\n\n\n<h3 class=\"wp-block-heading\">Principales peintures et s\u00e9ries<\/h3>\n\n\n\n<p>Les peintures de Raveel pr\u00e9sentent souvent le motif du carr\u00e9 blanc qui lui est propre. La s\u00e9rie \"Memory of My Mother's Deathbed\" (M\u00e9moire du lit de mort de ma m\u00e8re) illustre ses r\u00e9flexions personnelles \u00e0 travers l'art. <\/p>\n\n\n\n<p>Son portrait de Zulma est devenu l'une de ses \u0153uvres les plus connues. Raveel a explor\u00e9 les th\u00e8mes de la r\u00e9alit\u00e9 et de la fiction dans ses peintures, en utilisant des couleurs vives et des formes g\u00e9om\u00e9triques. Il a cr\u00e9\u00e9 plusieurs s\u00e9ries qui examinent des objets et des sc\u00e8nes de la vie quotidienne sous de nouvelles perspectives.<\/p>\n\n\n\n<h3 class=\"wp-block-heading\">Art public et peintures murales<\/h3>\n\n\n\n<p>L'\u0153uvre publique la plus c\u00e9l\u00e8bre de Raveel est sa peinture murale pour la station de m\u00e9tro bruxelloise M\u00e9rode. Il a achev\u00e9 ce projet de grande envergure en 1976. La peinture murale s'\u00e9tend sur les murs de la station et incorpore son style distinctif. Raveel a \u00e9galement r\u00e9alis\u00e9 des peintures murales pour d'autres espaces publics en Belgique. Son art public a permis \u00e0 sa vision unique d'atteindre un public plus large que celui des mus\u00e9es et des galeries.<\/p>\n\n\n\n<h3 class=\"wp-block-heading\">Reconnaissance et prix internationaux<\/h3>\n\n\n\n<p>Raveel a re\u00e7u plusieurs distinctions pour sa contribution \u00e0 l'art. Il a \u00e9t\u00e9 nomm\u00e9 Chevalier de l'Ordre de la Couronne en Belgique. En 1996, Raveel a remport\u00e9 le prestigieux prix Joost van den Vondel. <\/p>\n\n\n\n<figure class=\"wp-block-gallery has-nested-images columns-default is-cropped wp-block-gallery-5 is-layout-flex wp-block-gallery-is-layout-flex\">\n<figure class=\"wp-block-image size-large\"><img loading=\"lazy\" decoding=\"async\" width=\"200\" height=\"271\" data-id=\"4251\" src=\"https:\/\/masterful-artists.com\/wp-content\/uploads\/2025\/01\/roger-raveel-gesprek-in-tuin-conversation-in-the-garden-e1738153812944.jpg\" alt=\"Gesprek in tuin (Conversation dans le jardin) est une lithographie en couleurs de l&#039;artiste belge Roger Raveel, r\u00e9alis\u00e9e en 1967. \" class=\"wp-image-4251\"\/><figcaption class=\"wp-element-caption\"><em>Gesprek in tuin\" (Conversation dans le jardin), 1967<\/em><\/figcaption><\/figure>\n\n\n\n<figure class=\"wp-block-image size-large\"><img loading=\"lazy\" decoding=\"async\" width=\"743\" height=\"1024\" data-id=\"4252\" src=\"https:\/\/masterful-artists.com\/wp-content\/uploads\/2025\/01\/1952-Gele-man-met-karretje-e1738153849312-743x1024.jpg\" alt=\"Il s&#039;agit d&#039;un exemple repr\u00e9sentatif du style pr\u00e9coce de Raveel.\" class=\"wp-image-4252\" srcset=\"https:\/\/masterful-artists.com\/wp-content\/uploads\/2025\/01\/1952-Gele-man-met-karretje-e1738153849312-743x1024.jpg 743w, https:\/\/masterful-artists.com\/wp-content\/uploads\/2025\/01\/1952-Gele-man-met-karretje-e1738153849312-218x300.jpg 218w, https:\/\/masterful-artists.com\/wp-content\/uploads\/2025\/01\/1952-Gele-man-met-karretje-e1738153849312-768x1059.jpg 768w, https:\/\/masterful-artists.com\/wp-content\/uploads\/2025\/01\/1952-Gele-man-met-karretje-e1738153849312-1114x1536.jpg 1114w, https:\/\/masterful-artists.com\/wp-content\/uploads\/2025\/01\/1952-Gele-man-met-karretje-e1738153849312.jpg 1200w\" sizes=\"auto, (max-width: 743px) 100vw, 743px\" \/><figcaption class=\"wp-element-caption\"><em>Gele man met karretje (1952) de Roger Raveel<\/em><\/figcaption><\/figure>\n<\/figure>\n\n\n\n<p>Le mus\u00e9e Roger Raveel a ouvert ses portes en 1999 \u00e0 Machelen-aan-de-Leie, en Belgique. Ce mus\u00e9e abrite plus de 800 de ses \u0153uvres d'art. Raveel a organis\u00e9 des expositions importantes \u00e0 Bruxelles, \u00e0 Gand et dans d'autres villes europ\u00e9ennes. Son 95e anniversaire en 2016 a \u00e9t\u00e9 marqu\u00e9 par des expositions sp\u00e9ciales c\u00e9l\u00e9brant sa longue carri\u00e8re et son influence durable sur l'art belge.<\/p>\n\n\n\n<h2 class=\"wp-block-heading\">Questions fr\u00e9quemment pos\u00e9es<\/h2>\n\n\n\n<p>Roger Raveel a apport\u00e9 une contribution unique \u00e0 <a href=\"https:\/\/masterful-artists.com\/fr\/alexandre-antigna-peintre-realisme-francais\/\">peinture moderne<\/a>. Ses \u0153uvres pr\u00e9sentent des styles distincts et sont salu\u00e9es par la critique. L'art de Raveel a laiss\u00e9 un impact durable dans ce domaine.<\/p>\n\n\n\n<h3 class=\"wp-block-heading\">Quels sont les styles caract\u00e9ristiques de Roger Raveel dans ses peintures ?<\/h3>\n\n\n\n<p>Reveel utilisait des couleurs vives et des formes g\u00e9om\u00e9triques dans son travail. Il peignait souvent <a href=\"https:\/\/masterful-artists.com\/fr\/felix-philipp-kanitz-peintre-naturalisme\/\">objets du quotidien<\/a> de mani\u00e8re surprenante. Son art m\u00eale le r\u00e9alisme \u00e0 des \u00e9l\u00e9ments abstraits.<\/p>\n\n\n\n<h3 class=\"wp-block-heading\">Quelle est la p\u00e9riode de l'\u0153uvre de Roger Raveel la plus c\u00e9l\u00e9br\u00e9e par les critiques d'art ?<\/h3>\n\n\n\n<p>Les critiques font l'\u00e9loge des peintures de Raveel des ann\u00e9es 1960 et 1970. C'est \u00e0 cette \u00e9poque qu'il a d\u00e9velopp\u00e9 son style le plus embl\u00e9matique. Son travail de cette \u00e9poque est consid\u00e9r\u00e9 comme r\u00e9volutionnaire.<\/p>\n\n\n\n<h3 class=\"wp-block-heading\">Pouvez-vous citer les \u0153uvres les plus c\u00e9l\u00e8bres de Roger Raveel ?<\/h3>\n\n\n\n<p>\"L'homme carr\u00e9\" est l'une des peintures les plus connues de Raveel. La \"Sc\u00e8ne de village\" et le \"Miroir de la nature\" sont \u00e9galement c\u00e9l\u00e8bres. Ces \u0153uvres t\u00e9moignent de son habilet\u00e9 \u00e0 manier les couleurs et les formes.<\/p>\n\n\n\n<h3 class=\"wp-block-heading\">Quelles ont \u00e9t\u00e9 les principales influences sur la d\u00e9marche artistique de Roger Raveel ?<\/h3>\n\n\n\n<p>L'histoire de l'art flamand a fa\u00e7onn\u00e9 le style de Raveel. Il s'est inspir\u00e9 de la vie quotidienne dans son village. Les mouvements artistiques modernes ont \u00e9galement influenc\u00e9 son travail.<\/p>\n\n\n\n<h3 class=\"wp-block-heading\">Comment l'\u0153uvre de Roger Raveel a-t-elle contribu\u00e9 aux techniques modernes de peinture ?<\/h3>\n\n\n\n<p>L'utilisation par Reveel de couleurs vives a influenc\u00e9 d'autres artistes. Son m\u00e9lange d'\u00e9l\u00e9ments r\u00e9els et abstraits \u00e9tait nouveau. De nombreux peintres utilisent aujourd'hui ses techniques pour montrer la vie quotidienne sous un jour nouveau.<\/p>\n\n\n\n<h3 class=\"wp-block-heading\">O\u00f9 peut-on voir ou acheter les \u0153uvres originales de Roger Raveel ?<\/h3>\n\n\n\n<p>Les mus\u00e9es d'art en Belgique exposent souvent les \u0153uvres de Raveel. Certaines galeries en Europe vendent ses peintures. Les maisons de vente aux ench\u00e8res proposent parfois ses \u0153uvres \u00e0 la vente.<\/p>\n\n\n<style>.wp-block-kadence-advancedgallery .kb-gallery-type-masonry.kb-gallery-id-3791_d29221-63{margin:-5.5px;}.kb-gallery-type-masonry.kb-gallery-id-3791_d29221-63 .kadence-blocks-gallery-item{padding:5.5px;}.kb-gallery-id-3791_d29221-63 .kadence-blocks-gallery-item .kb-gal-image-radius, .kb-gallery-id-3791_d29221-63 .kb-slide-item .kb-gal-image-radius img{border-radius:0px 0px 0px 0px;;}.kb-gallery-caption-style-bottom.kb-gallery-id-3791_d29221-63 .kadence-blocks-gallery-item .kadence-blocks-gallery-item-inner .kadence-blocks-gallery-item__caption, .kb-gallery-caption-style-bottom-hover.kb-gallery-id-3791_d29221-63 .kadence-blocks-gallery-item .kadence-blocks-gallery-item-inner .kadence-blocks-gallery-item__caption{background:linear-gradient(0deg, #000000 0, rgba(0, 0, 0, 0) 100%);}<\/style><div class=\"kb-gallery-wrap-id-3791_d29221-63 alignwide alignwide wp-block-kadence-advancedgallery\"><ul class=\"kb-gallery-ul kb-gallery-non-static kb-gallery-type-masonry kb-masonry-init kb-gallery-id-3791_d29221-63 kb-gallery-caption-style-bottom-hover kb-gallery-filter-none kb-gallery-magnific-init\" data-image-filter=\"none\" data-item-selector=\".kadence-blocks-gallery-item\" data-lightbox-caption=\"true\" data-columns-xxl=\"3\" data-columns-xl=\"3\" data-columns-md=\"3\" data-columns-sm=\"2\" data-columns-xs=\"1\" data-columns-ss=\"1\"><li class=\"kadence-blocks-gallery-item\"><div class=\"kadence-blocks-gallery-item-inner\"><figure class=\"kb-gallery-figure kb-gallery-item-has-link kadence-blocks-gallery-item-has-caption\"><a href=\"https:\/\/masterful-artists.com\/wp-content\/uploads\/2025\/01\/10_Stier_Bull_circa-1957_Collectie-Vlaamse-Gemeenschap_Roger-Raveel-Museum-600x632-1-e1738154199626.jpg\" data-description=\"Bull (Stier) Roger Raveel, 1957\" class=\"kb-gallery-item-link\"   role=\"button\" aria-haspopup=\"dialog\"><div class=\"kb-gal-image-radius\" style=\"max-width:600px;\"><div class=\"kb-gallery-image-contain kadence-blocks-gallery-intrinsic\" style=\"padding-bottom:105%;\"><img loading=\"lazy\" decoding=\"async\" src=\"https:\/\/masterful-artists.com\/wp-content\/uploads\/2025\/01\/10_Stier_Bull_circa-1957_Collectie-Vlaamse-Gemeenschap_Roger-Raveel-Museum-600x632-1-e1738154199626.jpg\" width=\"600\" height=\"632\" alt=\"\" data-full-image=\"https:\/\/masterful-artists.com\/wp-content\/uploads\/2025\/01\/10_Stier_Bull_circa-1957_Collectie-Vlaamse-Gemeenschap_Roger-Raveel-Museum-600x632-1-e1738154199626.jpg\" data-light-image=\"https:\/\/masterful-artists.com\/wp-content\/uploads\/2025\/01\/10_Stier_Bull_circa-1957_Collectie-Vlaamse-Gemeenschap_Roger-Raveel-Museum-600x632-1-e1738154199626.jpg\" data-id=\"4254\" class=\"wp-image-4254\" srcset=\"https:\/\/masterful-artists.com\/wp-content\/uploads\/2025\/01\/10_Stier_Bull_circa-1957_Collectie-Vlaamse-Gemeenschap_Roger-Raveel-Museum-600x632-1-e1738154199626.jpg 600w, https:\/\/masterful-artists.com\/wp-content\/uploads\/2025\/01\/10_Stier_Bull_circa-1957_Collectie-Vlaamse-Gemeenschap_Roger-Raveel-Museum-600x632-1-e1738154199626-285x300.jpg 285w\" sizes=\"auto, (max-width: 600px) 100vw, 600px\" \/><\/div><div class=\"kadence-blocks-gallery-item__caption\"><em>Taureau (Stier) Roger Raveel, 1957<\/em><\/div><\/div><\/a><\/figure><\/div><\/li><li class=\"kadence-blocks-gallery-item\"><div class=\"kadence-blocks-gallery-item-inner\"><figure class=\"kb-gallery-figure kb-gallery-item-has-link kadence-blocks-gallery-item-has-caption\"><a href=\"https:\/\/masterful-artists.com\/wp-content\/uploads\/2025\/01\/roger-raveel-dubbende-man-e1738154152800.jpg\" data-description=\"Dubbende man (Worrying Man) by Roger Raveel, 1983\" class=\"kb-gallery-item-link\"   role=\"button\" aria-haspopup=\"dialog\"><div class=\"kb-gal-image-radius\" style=\"max-width:200px;\"><div class=\"kb-gallery-image-contain kadence-blocks-gallery-intrinsic\" style=\"padding-bottom:140%;\"><img loading=\"lazy\" decoding=\"async\" src=\"https:\/\/masterful-artists.com\/wp-content\/uploads\/2025\/01\/roger-raveel-dubbende-man-e1738154152800.jpg\" width=\"200\" height=\"280\" alt=\"\" data-full-image=\"https:\/\/masterful-artists.com\/wp-content\/uploads\/2025\/01\/roger-raveel-dubbende-man-e1738154152800.jpg\" data-light-image=\"https:\/\/masterful-artists.com\/wp-content\/uploads\/2025\/01\/roger-raveel-dubbende-man-e1738154152800.jpg\" data-id=\"4253\" class=\"wp-image-4253\"\/><\/div><div class=\"kadence-blocks-gallery-item__caption\"><em>Dubbende man (L'homme inquiet) de Roger Raveel, 1983<\/em><\/div><\/div><\/a><\/figure><\/div><\/li><li class=\"kadence-blocks-gallery-item\"><div class=\"kadence-blocks-gallery-item-inner\"><figure class=\"kb-gallery-figure kb-gallery-item-has-link kadence-blocks-gallery-item-has-caption\"><a href=\"https:\/\/masterful-artists.com\/wp-content\/uploads\/2025\/01\/1952-Gele-man-met-karretje-e1738153849312.jpg\" data-description=\"Gele man met karretje (1952) by Roger Raveel\" class=\"kb-gallery-item-link\"   role=\"button\" aria-haspopup=\"dialog\"><div class=\"kb-gal-image-radius\" style=\"max-width:1200px;\"><div class=\"kb-gallery-image-contain kadence-blocks-gallery-intrinsic\" style=\"padding-bottom:137%;\"><img loading=\"lazy\" decoding=\"async\" src=\"https:\/\/masterful-artists.com\/wp-content\/uploads\/2025\/01\/1952-Gele-man-met-karretje-e1738153849312.jpg\" width=\"1200\" height=\"1654\" alt=\"\" data-full-image=\"https:\/\/masterful-artists.com\/wp-content\/uploads\/2025\/01\/1952-Gele-man-met-karretje-e1738153849312.jpg\" data-light-image=\"https:\/\/masterful-artists.com\/wp-content\/uploads\/2025\/01\/1952-Gele-man-met-karretje-e1738153849312.jpg\" data-id=\"4252\" class=\"wp-image-4252\" srcset=\"https:\/\/masterful-artists.com\/wp-content\/uploads\/2025\/01\/1952-Gele-man-met-karretje-e1738153849312.jpg 1200w, https:\/\/masterful-artists.com\/wp-content\/uploads\/2025\/01\/1952-Gele-man-met-karretje-e1738153849312-218x300.jpg 218w, https:\/\/masterful-artists.com\/wp-content\/uploads\/2025\/01\/1952-Gele-man-met-karretje-e1738153849312-743x1024.jpg 743w, https:\/\/masterful-artists.com\/wp-content\/uploads\/2025\/01\/1952-Gele-man-met-karretje-e1738153849312-768x1059.jpg 768w, https:\/\/masterful-artists.com\/wp-content\/uploads\/2025\/01\/1952-Gele-man-met-karretje-e1738153849312-1114x1536.jpg 1114w\" sizes=\"auto, (max-width: 1200px) 100vw, 1200px\" \/><\/div><div class=\"kadence-blocks-gallery-item__caption\"><em>Gele man met karretje (1952) de Roger Raveel<\/em><\/div><\/div><\/a><\/figure><\/div><\/li><li class=\"kadence-blocks-gallery-item\"><div class=\"kadence-blocks-gallery-item-inner\"><figure class=\"kb-gallery-figure kb-gallery-item-has-link kadence-blocks-gallery-item-has-caption\"><a href=\"https:\/\/masterful-artists.com\/wp-content\/uploads\/2025\/01\/roger-raveel-gesprek-in-tuin-conversation-in-the-garden-e1738153812944.jpg\" data-description=\"Gesprek in tuin&quot; (Conversation in the Garden), 1967\" class=\"kb-gallery-item-link\"   role=\"button\" aria-haspopup=\"dialog\"><div class=\"kb-gal-image-radius\" style=\"max-width:200px;\"><div class=\"kb-gallery-image-contain kadence-blocks-gallery-intrinsic\" style=\"padding-bottom:135%;\"><img loading=\"lazy\" decoding=\"async\" src=\"https:\/\/masterful-artists.com\/wp-content\/uploads\/2025\/01\/roger-raveel-gesprek-in-tuin-conversation-in-the-garden-e1738153812944.jpg\" width=\"200\" height=\"271\" alt=\"\" data-full-image=\"https:\/\/masterful-artists.com\/wp-content\/uploads\/2025\/01\/roger-raveel-gesprek-in-tuin-conversation-in-the-garden-e1738153812944.jpg\" data-light-image=\"https:\/\/masterful-artists.com\/wp-content\/uploads\/2025\/01\/roger-raveel-gesprek-in-tuin-conversation-in-the-garden-e1738153812944.jpg\" data-id=\"4251\" class=\"wp-image-4251\"\/><\/div><div class=\"kadence-blocks-gallery-item__caption\"><em>Gesprek in tuin\" (Conversation dans le jardin), 1967<\/em><\/div><\/div><\/a><\/figure><\/div><\/li><li class=\"kadence-blocks-gallery-item\"><div class=\"kadence-blocks-gallery-item-inner\"><figure class=\"kb-gallery-figure kb-gallery-item-has-link kadence-blocks-gallery-item-has-caption\"><a href=\"https:\/\/masterful-artists.com\/wp-content\/uploads\/2025\/01\/Rogerraveelfoto_pers-e1738151814875.jpg\" data-description=\"Roger Raveel Portrait\" data-alt=\"Roger Raveel Portrait\" class=\"kb-gallery-item-link\"   role=\"button\" aria-haspopup=\"dialog\"><div class=\"kb-gal-image-radius\" style=\"max-width:945px;\"><div class=\"kb-gallery-image-contain kadence-blocks-gallery-intrinsic\" style=\"padding-bottom:105%;\"><img loading=\"lazy\" decoding=\"async\" src=\"https:\/\/masterful-artists.com\/wp-content\/uploads\/2025\/01\/Rogerraveelfoto_pers-e1738151814875.jpg\" width=\"945\" height=\"995\" alt=\"Roger Raveel Portrait\" data-full-image=\"https:\/\/masterful-artists.com\/wp-content\/uploads\/2025\/01\/Rogerraveelfoto_pers-e1738151814875.jpg\" data-light-image=\"https:\/\/masterful-artists.com\/wp-content\/uploads\/2025\/01\/Rogerraveelfoto_pers-e1738151814875.jpg\" data-id=\"4244\" class=\"wp-image-4244\" srcset=\"https:\/\/masterful-artists.com\/wp-content\/uploads\/2025\/01\/Rogerraveelfoto_pers-e1738151814875.jpg 945w, https:\/\/masterful-artists.com\/wp-content\/uploads\/2025\/01\/Rogerraveelfoto_pers-e1738151814875-285x300.jpg 285w, https:\/\/masterful-artists.com\/wp-content\/uploads\/2025\/01\/Rogerraveelfoto_pers-e1738151814875-768x809.jpg 768w\" sizes=\"auto, (max-width: 945px) 100vw, 945px\" \/><\/div><div class=\"kadence-blocks-gallery-item__caption\"><em>Roger Raveel Portrait<\/em><\/div><\/div><\/a><\/figure><\/div><\/li><li class=\"kadence-blocks-gallery-item\"><div class=\"kadence-blocks-gallery-item-inner\"><figure class=\"kb-gallery-figure kb-gallery-item-has-link kadence-blocks-gallery-item-has-caption\"><a href=\"https:\/\/masterful-artists.com\/wp-content\/uploads\/2025\/01\/18_De-Schilderijenoptocht-van-1978-te-Machelen-aan-de-Leie_1978_Collectie-Museum-Arnhem-600x301-1-e1738152970620.jpg\" data-description=\"The Parade of Paintings from 1978 in Machelen, 1978\" data-alt=\"The Parade of Paintings from 1978 in Machelen, 1978\" class=\"kb-gallery-item-link\"   role=\"button\" aria-haspopup=\"dialog\"><div class=\"kb-gal-image-radius\" style=\"max-width:600px;\"><div class=\"kb-gallery-image-contain kadence-blocks-gallery-intrinsic\" style=\"padding-bottom:50%;\"><img loading=\"lazy\" decoding=\"async\" src=\"https:\/\/masterful-artists.com\/wp-content\/uploads\/2025\/01\/18_De-Schilderijenoptocht-van-1978-te-Machelen-aan-de-Leie_1978_Collectie-Museum-Arnhem-600x301-1-e1738152970620.jpg\" width=\"600\" height=\"301\" alt=\"Le d\u00e9fil\u00e9 des peintures de 1978 \u00e0 Machelen, 1978\" data-full-image=\"https:\/\/masterful-artists.com\/wp-content\/uploads\/2025\/01\/18_De-Schilderijenoptocht-van-1978-te-Machelen-aan-de-Leie_1978_Collectie-Museum-Arnhem-600x301-1-e1738152970620.jpg\" data-light-image=\"https:\/\/masterful-artists.com\/wp-content\/uploads\/2025\/01\/18_De-Schilderijenoptocht-van-1978-te-Machelen-aan-de-Leie_1978_Collectie-Museum-Arnhem-600x301-1-e1738152970620.jpg\" data-id=\"4245\" class=\"wp-image-4245\" srcset=\"https:\/\/masterful-artists.com\/wp-content\/uploads\/2025\/01\/18_De-Schilderijenoptocht-van-1978-te-Machelen-aan-de-Leie_1978_Collectie-Museum-Arnhem-600x301-1-e1738152970620.jpg 600w, https:\/\/masterful-artists.com\/wp-content\/uploads\/2025\/01\/18_De-Schilderijenoptocht-van-1978-te-Machelen-aan-de-Leie_1978_Collectie-Museum-Arnhem-600x301-1-e1738152970620-300x151.jpg 300w\" sizes=\"auto, (max-width: 600px) 100vw, 600px\" \/><\/div><div class=\"kadence-blocks-gallery-item__caption\"><em>Le d\u00e9fil\u00e9 des peintures de 1978 \u00e0 Machelen, 1978<\/em><\/div><\/div><\/a><\/figure><\/div><\/li><li class=\"kadence-blocks-gallery-item\"><div class=\"kadence-blocks-gallery-item-inner\"><figure class=\"kb-gallery-figure kb-gallery-item-has-link kadence-blocks-gallery-item-has-caption\"><a href=\"https:\/\/masterful-artists.com\/wp-content\/uploads\/2025\/01\/24_Vader-in-moderne-leegte-600x446-1-e1738153318540.jpg\" data-description=\"Father in a Modern Emptiness&quot; (Vader in een moderne leegte)\" class=\"kb-gallery-item-link\"   role=\"button\" aria-haspopup=\"dialog\"><div class=\"kb-gal-image-radius\" style=\"max-width:600px;\"><div class=\"kb-gallery-image-contain kadence-blocks-gallery-intrinsic\" style=\"padding-bottom:74%;\"><img loading=\"lazy\" decoding=\"async\" src=\"https:\/\/masterful-artists.com\/wp-content\/uploads\/2025\/01\/24_Vader-in-moderne-leegte-600x446-1-e1738153318540.jpg\" width=\"600\" height=\"446\" alt=\"\" data-full-image=\"https:\/\/masterful-artists.com\/wp-content\/uploads\/2025\/01\/24_Vader-in-moderne-leegte-600x446-1-e1738153318540.jpg\" data-light-image=\"https:\/\/masterful-artists.com\/wp-content\/uploads\/2025\/01\/24_Vader-in-moderne-leegte-600x446-1-e1738153318540.jpg\" data-id=\"4248\" class=\"wp-image-4248\" srcset=\"https:\/\/masterful-artists.com\/wp-content\/uploads\/2025\/01\/24_Vader-in-moderne-leegte-600x446-1-e1738153318540.jpg 600w, https:\/\/masterful-artists.com\/wp-content\/uploads\/2025\/01\/24_Vader-in-moderne-leegte-600x446-1-e1738153318540-300x223.jpg 300w\" sizes=\"auto, (max-width: 600px) 100vw, 600px\" \/><\/div><div class=\"kadence-blocks-gallery-item__caption\"><em>P\u00e8re dans un vide moderne\" (Vader in een moderne leegte)<\/em><\/div><\/div><\/a><\/figure><\/div><\/li><li class=\"kadence-blocks-gallery-item\"><div class=\"kadence-blocks-gallery-item-inner\"><figure class=\"kb-gallery-figure kb-gallery-item-has-link kadence-blocks-gallery-item-has-caption\"><a href=\"https:\/\/masterful-artists.com\/wp-content\/uploads\/2025\/01\/roger-raveel-man-in-landschap-e1738153447694.jpg\" data-description=\"(Man in Landscape) by Roger Raveel, 1987 -1991\" class=\"kb-gallery-item-link\"   role=\"button\" aria-haspopup=\"dialog\"><div class=\"kb-gal-image-radius\" style=\"max-width:200px;\"><div class=\"kb-gallery-image-contain kadence-blocks-gallery-intrinsic\" style=\"padding-bottom:133%;\"><img loading=\"lazy\" decoding=\"async\" src=\"https:\/\/masterful-artists.com\/wp-content\/uploads\/2025\/01\/roger-raveel-man-in-landschap-e1738153447694.jpg\" width=\"200\" height=\"267\" alt=\"\" data-full-image=\"https:\/\/masterful-artists.com\/wp-content\/uploads\/2025\/01\/roger-raveel-man-in-landschap-e1738153447694.jpg\" data-light-image=\"https:\/\/masterful-artists.com\/wp-content\/uploads\/2025\/01\/roger-raveel-man-in-landschap-e1738153447694.jpg\" data-id=\"4249\" class=\"wp-image-4249\"\/><\/div><div class=\"kadence-blocks-gallery-item__caption\"><em>(Homme dans le paysage) de Roger Raveel, 1987 -1991<\/em><\/div><\/div><\/a><\/figure><\/div><\/li><li class=\"kadence-blocks-gallery-item\"><div class=\"kadence-blocks-gallery-item-inner\"><figure class=\"kb-gallery-figure kb-gallery-item-has-link kadence-blocks-gallery-item-has-caption\"><a href=\"https:\/\/masterful-artists.com\/wp-content\/uploads\/2025\/01\/roger-raveel-de-begroeting-e1738153500548.jpg\" data-description=\"De begroeting&quot; (The Greeting), 1979\" class=\"kb-gallery-item-link\"   role=\"button\" aria-haspopup=\"dialog\"><div class=\"kb-gal-image-radius\" style=\"max-width:200px;\"><div class=\"kb-gallery-image-contain kadence-blocks-gallery-intrinsic\" style=\"padding-bottom:128%;\"><img loading=\"lazy\" decoding=\"async\" src=\"https:\/\/masterful-artists.com\/wp-content\/uploads\/2025\/01\/roger-raveel-de-begroeting-e1738153500548.jpg\" width=\"200\" height=\"256\" alt=\"\" data-full-image=\"https:\/\/masterful-artists.com\/wp-content\/uploads\/2025\/01\/roger-raveel-de-begroeting-e1738153500548.jpg\" data-light-image=\"https:\/\/masterful-artists.com\/wp-content\/uploads\/2025\/01\/roger-raveel-de-begroeting-e1738153500548.jpg\" data-id=\"4250\" class=\"wp-image-4250\"\/><\/div><div class=\"kadence-blocks-gallery-item__caption\"><em>De begroeting\" (La salutation), 1979<\/em><\/div><\/div><\/a><\/figure><\/div><\/li><li class=\"kadence-blocks-gallery-item\"><div class=\"kadence-blocks-gallery-item-inner\"><figure class=\"kb-gallery-figure kb-gallery-item-has-link kadence-blocks-gallery-item-has-caption\"><a href=\"https:\/\/masterful-artists.com\/wp-content\/uploads\/2025\/01\/7_Man-with-Wire-in-Garden-1536x1268-1-e1738154531144.jpg\" data-description=\"Man with Wire in Garden (Man met ijzerdraad in tuin), 1952\u20131953\" class=\"kb-gallery-item-link\"   role=\"button\" aria-haspopup=\"dialog\"><div class=\"kb-gal-image-radius\" style=\"max-width:1536px;\"><div class=\"kb-gallery-image-contain kadence-blocks-gallery-intrinsic\" style=\"padding-bottom:82%;\"><img loading=\"lazy\" decoding=\"async\" src=\"https:\/\/masterful-artists.com\/wp-content\/uploads\/2025\/01\/7_Man-with-Wire-in-Garden-1536x1268-1-e1738154531144.jpg\" width=\"1536\" height=\"1268\" alt=\"\" data-full-image=\"https:\/\/masterful-artists.com\/wp-content\/uploads\/2025\/01\/7_Man-with-Wire-in-Garden-1536x1268-1-e1738154531144.jpg\" data-light-image=\"https:\/\/masterful-artists.com\/wp-content\/uploads\/2025\/01\/7_Man-with-Wire-in-Garden-1536x1268-1-e1738154531144.jpg\" data-id=\"4255\" class=\"wp-image-4255\" srcset=\"https:\/\/masterful-artists.com\/wp-content\/uploads\/2025\/01\/7_Man-with-Wire-in-Garden-1536x1268-1-e1738154531144.jpg 1536w, https:\/\/masterful-artists.com\/wp-content\/uploads\/2025\/01\/7_Man-with-Wire-in-Garden-1536x1268-1-e1738154531144-300x248.jpg 300w, https:\/\/masterful-artists.com\/wp-content\/uploads\/2025\/01\/7_Man-with-Wire-in-Garden-1536x1268-1-e1738154531144-1024x845.jpg 1024w, https:\/\/masterful-artists.com\/wp-content\/uploads\/2025\/01\/7_Man-with-Wire-in-Garden-1536x1268-1-e1738154531144-768x634.jpg 768w\" sizes=\"auto, (max-width: 1536px) 100vw, 1536px\" \/><\/div><div class=\"kadence-blocks-gallery-item__caption\"><em>Homme avec un fil de fer dans un jardin (Man met ijzerdraad in tuin), 1952-1953<\/em><\/div><\/div><\/a><\/figure><\/div><\/li><\/ul><\/div>\n\n\n<p><\/p>","protected":false},"excerpt":{"rendered":"<p>D\u00e9couvrez Roger Raveel, peintre belge renomm\u00e9 pour son exploration de la r\u00e9alit\u00e9 et de la fiction, m\u00ealant couleurs vibrantes et lignes audacieuses dans des \u0153uvres modernistes.<\/p>","protected":false},"author":3,"featured_media":4245,"comment_status":"closed","ping_status":"closed","sticky":false,"template":"","format":"standard","meta":{"_kad_blocks_custom_css":"","_kad_blocks_head_custom_js":"","_kad_blocks_body_custom_js":"","_kad_blocks_footer_custom_js":"","_kad_post_transparent":"","_kad_post_title":"","_kad_post_layout":"","_kad_post_sidebar_id":"","_kad_post_content_style":"","_kad_post_vertical_padding":"","_kad_post_feature":"","_kad_post_feature_position":"","_kad_post_header":false,"_kad_post_footer":false,"_kad_post_classname":"","footnotes":""},"categories":[58,46,90,52,92],"tags":[49,104,22,61,23],"class_list":["post-3791","post","type-post","status-publish","format-standard","has-post-thumbnail","hentry","category-dutch","category-dutch-golden-age","category-naturalism","category-painters","category-realism","tag-dutch","tag-landscape-painting","tag-naturalism","tag-portraits","tag-realism"],"taxonomy_info":{"category":[{"value":58,"label":"Dutch"},{"value":46,"label":"Dutch Golden Age"},{"value":90,"label":"Naturalism"},{"value":52,"label":"Painters"},{"value":92,"label":"Realism"}],"post_tag":[{"value":49,"label":"Dutch"},{"value":104,"label":"Landscape Painting"},{"value":22,"label":"Naturalism"},{"value":61,"label":"Portraits"},{"value":23,"label":"Realism"}]},"featured_image_src_large":["https:\/\/masterful-artists.com\/wp-content\/uploads\/2025\/01\/18_De-Schilderijenoptocht-van-1978-te-Machelen-aan-de-Leie_1978_Collectie-Museum-Arnhem-600x301-1-e1738152970620.jpg",600,301,false],"author_info":{"display_name":"Richard J. Sheppard","author_link":"https:\/\/masterful-artists.com\/fr\/author\/koala\/"},"comment_info":0,"category_info":[{"term_id":58,"name":"Dutch","slug":"dutch","term_group":0,"term_taxonomy_id":58,"taxonomy":"category","description":"","parent":0,"count":26,"filter":"raw","cat_ID":58,"category_count":26,"category_description":"","cat_name":"Dutch","category_nicename":"dutch","category_parent":0},{"term_id":46,"name":"Dutch Golden Age","slug":"dutch-golden-age","term_group":0,"term_taxonomy_id":46,"taxonomy":"category","description":"","parent":0,"count":9,"filter":"raw","cat_ID":46,"category_count":9,"category_description":"","cat_name":"Dutch Golden Age","category_nicename":"dutch-golden-age","category_parent":0},{"term_id":90,"name":"Naturalism","slug":"naturalism","term_group":0,"term_taxonomy_id":90,"taxonomy":"category","description":"","parent":0,"count":69,"filter":"raw","cat_ID":90,"category_count":69,"category_description":"","cat_name":"Naturalism","category_nicename":"naturalism","category_parent":0},{"term_id":52,"name":"Painters","slug":"painters","term_group":0,"term_taxonomy_id":52,"taxonomy":"category","description":"","parent":0,"count":404,"filter":"raw","cat_ID":52,"category_count":404,"category_description":"","cat_name":"Painters","category_nicename":"painters","category_parent":0},{"term_id":92,"name":"Realism","slug":"realism","term_group":0,"term_taxonomy_id":92,"taxonomy":"category","description":"","parent":0,"count":188,"filter":"raw","cat_ID":92,"category_count":188,"category_description":"","cat_name":"Realism","category_nicename":"realism","category_parent":0}],"tag_info":[{"term_id":49,"name":"Dutch","slug":"dutch","term_group":0,"term_taxonomy_id":49,"taxonomy":"post_tag","description":"","parent":0,"count":24,"filter":"raw"},{"term_id":104,"name":"Landscape Painting","slug":"landscape-painting","term_group":0,"term_taxonomy_id":104,"taxonomy":"post_tag","description":"","parent":0,"count":190,"filter":"raw"},{"term_id":22,"name":"Naturalism","slug":"naturalism","term_group":0,"term_taxonomy_id":22,"taxonomy":"post_tag","description":"","parent":0,"count":73,"filter":"raw"},{"term_id":61,"name":"Portraits","slug":"portraits","term_group":0,"term_taxonomy_id":61,"taxonomy":"post_tag","description":"","parent":0,"count":228,"filter":"raw"},{"term_id":23,"name":"Realism","slug":"realism","term_group":0,"term_taxonomy_id":23,"taxonomy":"post_tag","description":"","parent":0,"count":176,"filter":"raw"}],"_links":{"self":[{"href":"https:\/\/masterful-artists.com\/fr\/wp-json\/wp\/v2\/posts\/3791","targetHints":{"allow":["GET"]}}],"collection":[{"href":"https:\/\/masterful-artists.com\/fr\/wp-json\/wp\/v2\/posts"}],"about":[{"href":"https:\/\/masterful-artists.com\/fr\/wp-json\/wp\/v2\/types\/post"}],"author":[{"embeddable":true,"href":"https:\/\/masterful-artists.com\/fr\/wp-json\/wp\/v2\/users\/3"}],"replies":[{"embeddable":true,"href":"https:\/\/masterful-artists.com\/fr\/wp-json\/wp\/v2\/comments?post=3791"}],"version-history":[{"count":4,"href":"https:\/\/masterful-artists.com\/fr\/wp-json\/wp\/v2\/posts\/3791\/revisions"}],"predecessor-version":[{"id":4259,"href":"https:\/\/masterful-artists.com\/fr\/wp-json\/wp\/v2\/posts\/3791\/revisions\/4259"}],"wp:featuredmedia":[{"embeddable":true,"href":"https:\/\/masterful-artists.com\/fr\/wp-json\/wp\/v2\/media\/4245"}],"wp:attachment":[{"href":"https:\/\/masterful-artists.com\/fr\/wp-json\/wp\/v2\/media?parent=3791"}],"wp:term":[{"taxonomy":"category","embeddable":true,"href":"https:\/\/masterful-artists.com\/fr\/wp-json\/wp\/v2\/categories?post=3791"},{"taxonomy":"post_tag","embeddable":true,"href":"https:\/\/masterful-artists.com\/fr\/wp-json\/wp\/v2\/tags?post=3791"}],"curies":[{"name":"wp","href":"https:\/\/api.w.org\/{rel}","templated":true}]}}