{"id":3792,"date":"2025-02-04T11:00:00","date_gmt":"2025-02-04T11:00:00","guid":{"rendered":"https:\/\/masterful-artists.com\/?p=3792"},"modified":"2025-01-31T21:57:07","modified_gmt":"2025-01-31T21:57:07","slug":"mario-comensoli-peintre","status":"publish","type":"post","link":"https:\/\/masterful-artists.com\/fr\/mario-comensoli-peintre\/","title":{"rendered":"Mario Comensoli Peintre : L'h\u00e9ritage de l'artiste suisse dans le r\u00e9alisme social"},"content":{"rendered":"<style>.kt-sc3792_ed0dad-e0 .kt-sc-imgcol, .kt-sc3792_ed0dad-e0 .kt-sc-textcol{min-height:450px;}.kt-sc3792_ed0dad-e0 .kt-sc-imgcol{background-size:cover;background-image:url(https:\/\/masterful-artists.com\/wp-content\/uploads\/2025\/01\/wk-e1738145683660.png);}.kt-sc3792_ed0dad-e0 .kt-sc-textcol{padding-top:24px;padding-right:24px;padding-bottom:24px;padding-left:24px;margin-top:0px;margin-right:0px;margin-bottom:0px;margin-left:0px;}@media all and (max-width: 767px){.kt-sc3792_ed0dad-e0 .kt-sc-imgcol, .kt-sc3792_ed0dad-e0 .kt-sc-textcol{min-height:450px;}}<\/style>\n<div class=\"alignwide kt-sc3792_ed0dad-e0 wp-block-kadence-splitcontent\"><div class=\"kt-split-content-wrap kt-sc-media-side-right\" style=\"grid-template-columns:auto 50%\"><div class=\"kt-sc-imgcol kt-sc-imgcol-bg-cover kt-sc-img-side-right\"><\/div><div class=\"kt-sc-textcol kt-sc-text-valign-center kt-sc-text-halign-left\" style=\"box-shadow:20px 15px 25px -8px rgba(0, 0, 0, 0.2)\"><div class=\"kt-sc-innter-col\">\n<p>N\u00e9 le 15 avril 1922 \u00e0 Lugano, Suisse<\/p>\n\n\n\n<p style=\"font-size:19px\">D\u00e9c\u00e8s : 2 juin 1993 Zurich, Suisse<\/p>\n\n\n\n<p style=\"font-size:19px\">Mouvement artistique : R\u00e9aliste<\/p>\n\n\n\n<p style=\"font-size:19px\">Nationalit\u00e9 : Suisse<\/p>\n\n\n\n<p style=\"font-size:19px\">Influenc\u00e9 par : Carlo Levi<\/p>\n\n\n\n<p style=\"font-size:19px\">Enseignant :  Giuseppe Orazi<\/p>\n<\/div><\/div><\/div><\/div>\n\n\n<style>.kb-table-of-content-nav.kb-table-of-content-id3792_d39cfe-25 .kb-table-of-content-wrap{padding-top:var(--global-kb-spacing-sm, 1.5rem);padding-right:var(--global-kb-spacing-sm, 1.5rem);padding-bottom:var(--global-kb-spacing-sm, 1.5rem);padding-left:var(--global-kb-spacing-sm, 1.5rem);background-color:var(--global-palette1, #3182CE);max-width:1001px;}.kb-table-of-content-nav.kb-table-of-content-id3792_d39cfe-25 .kb-table-of-contents-title-wrap{padding-top:0px;padding-right:0px;padding-bottom:0px;padding-left:0px;}.kb-table-of-content-nav.kb-table-of-content-id3792_d39cfe-25 .kb-table-of-contents-title-wrap{color:var(--global-palette3, #1A202C);}.kb-table-of-content-nav.kb-table-of-content-id3792_d39cfe-25 .kb-table-of-contents-title{color:var(--global-palette3, #1A202C);letter-spacing:4.9px;font-weight:regular;font-style:normal;text-transform:uppercase;}.kb-table-of-content-nav.kb-table-of-content-id3792_d39cfe-25 .kb-table-of-content-wrap .kb-table-of-content-list{color:var(--global-palette3, #1A202C);font-size:20px;letter-spacing:-0.1px;font-weight:bold;font-style:normal;text-transform:none;margin-top:var(--global-kb-spacing-sm, 1.5rem);margin-right:0px;margin-bottom:0px;margin-left:0px;}.kb-table-of-content-nav.kb-table-of-content-id3792_d39cfe-25 .kb-table-of-content-wrap .kb-table-of-content-list .active > .kb-table-of-contents__entry{color:var(--global-palette7, #EDF2F7);}.kb-table-of-content-nav.kb-table-of-content-id3792_d39cfe-25 .kb-toggle-icon-style-basiccircle .kb-table-of-contents-icon-trigger:after, .kb-table-of-content-nav.kb-table-of-content-id3792_d39cfe-25 .kb-toggle-icon-style-basiccircle .kb-table-of-contents-icon-trigger:before, .kb-table-of-content-nav.kb-table-of-content-id3792_d39cfe-25 .kb-toggle-icon-style-arrowcircle .kb-table-of-contents-icon-trigger:after, .kb-table-of-content-nav.kb-table-of-content-id3792_d39cfe-25 .kb-toggle-icon-style-arrowcircle .kb-table-of-contents-icon-trigger:before, .kb-table-of-content-nav.kb-table-of-content-id3792_d39cfe-25 .kb-toggle-icon-style-xclosecircle .kb-table-of-contents-icon-trigger:after, .kb-table-of-content-nav.kb-table-of-content-id3792_d39cfe-25 .kb-toggle-icon-style-xclosecircle .kb-table-of-contents-icon-trigger:before{background-color:var(--global-palette1, #3182CE);}@media all and (max-width: 767px){.kb-table-of-content-nav.kb-table-of-content-id3792_d39cfe-25 .kb-table-of-contents-title{font-size:var(--global-kb-font-size-md, 1.25rem);}.kb-table-of-content-nav.kb-table-of-content-id3792_d39cfe-25 .kb-table-of-content-wrap .kb-table-of-content-list{font-size:var(--global-kb-font-size-md, 1.25rem);}}<\/style>\n\n\n<h2 class=\"wp-block-heading\">Vie et formation de Mario Comensoli<\/h2>\n\n\n\n<p>Le parcours artistique de Mario Comensoli a commenc\u00e9 dans sa ville natale de Lugano et l'a conduit dans les principales villes europ\u00e9ennes. Ses exp\u00e9riences ont fa\u00e7onn\u00e9 son style unique et sa perspective en tant qu'artiste. <a href=\"https:\/\/masterful-artists.com\/fr\/artistes\/\">Peintre suisse<\/a>.<\/p>\n\n\n\n<h3 class=\"wp-block-heading\">Premi\u00e8res influences et \u00e9tudes<\/h3>\n\n\n\n<p>Mario Pasquale Comensoli est n\u00e9 le 15 avril 1922 \u00e0 Lugano, en Suisse. Il a grandi dans une famille de la classe ouvri\u00e8re, ce qui a influenc\u00e9 l'int\u00e9r\u00eat qu'il a port\u00e9 plus tard aux travailleurs et aux immigrants dans son art.<\/p>\n\n\n\n<figure class=\"wp-block-gallery has-nested-images columns-default is-cropped wp-block-gallery-1 is-layout-flex wp-block-gallery-is-layout-flex\">\n<figure class=\"wp-block-image size-large\"><img loading=\"lazy\" decoding=\"async\" width=\"424\" height=\"570\" data-id=\"4230\" src=\"https:\/\/masterful-artists.com\/wp-content\/uploads\/2025\/01\/1ca18763-7112-4dc4-ad66-111d1828047b_570-e1738146145836.webp\" alt=\"Refl\u00e8te l&#039;engagement de Comensoli dans des th\u00e8mes contemporains, repr\u00e9sentant peut-\u00eatre des apprentis ou de jeunes individus.\" class=\"wp-image-4230\" srcset=\"https:\/\/masterful-artists.com\/wp-content\/uploads\/2025\/01\/1ca18763-7112-4dc4-ad66-111d1828047b_570-e1738146145836.webp 424w, https:\/\/masterful-artists.com\/wp-content\/uploads\/2025\/01\/1ca18763-7112-4dc4-ad66-111d1828047b_570-e1738146145836-223x300.webp 223w\" sizes=\"auto, (max-width: 424px) 100vw, 424px\" \/><figcaption class=\"wp-element-caption\"><em>BBC Lehrlinge (1981) de Mario Comensoli<\/em><\/figcaption><\/figure>\n\n\n\n<figure class=\"wp-block-image size-large\"><img loading=\"lazy\" decoding=\"async\" width=\"485\" height=\"400\" data-id=\"4231\" src=\"https:\/\/masterful-artists.com\/wp-content\/uploads\/2025\/01\/il-bambino-1955-e1738146276391.jpg\" alt=\"Il capture l&#039;innocence et la vuln\u00e9rabilit\u00e9 de la jeunesse au milieu des complexit\u00e9s de l&#039;\u00e9poque.\" class=\"wp-image-4231\" srcset=\"https:\/\/masterful-artists.com\/wp-content\/uploads\/2025\/01\/il-bambino-1955-e1738146276391.jpg 485w, https:\/\/masterful-artists.com\/wp-content\/uploads\/2025\/01\/il-bambino-1955-e1738146276391-300x247.jpg 300w\" sizes=\"auto, (max-width: 485px) 100vw, 485px\" \/><figcaption class=\"wp-element-caption\"><em>Il bambino (1955) de Mario Comensoli<\/em><\/figcaption><\/figure>\n<\/figure>\n\n\n\n<p>Dans sa jeunesse, Comensoli travaillait sur des chantiers de construction pour subvenir \u00e0 ses besoins. Bien qu'il n'ait pas re\u00e7u de formation artistique formelle, il fait preuve d'un talent naturel.<\/p>\n\n\n\n<p>\u00c0 Lugano, il a \u00e9tudi\u00e9 avec Giuseppe Orazi, un artiste italien. Ces premiers conseils ont aid\u00e9 Comensoli \u00e0 d\u00e9velopper ses comp\u00e9tences et sa vision artistique.<\/p>\n\n\n\n<h3 class=\"wp-block-heading\">D\u00e9veloppement artistique \u00e0 Zurich et \u00e0 Paris<\/h3>\n\n\n\n<p>Dans les ann\u00e9es 1940, Comensoli s'est install\u00e9 \u00e0 Zurich. Cette ville est devenue sa r\u00e9sidence principale et son lieu de travail pendant la majeure partie de sa vie. Il a install\u00e9 un studio dans la Rousseaustrasse, o\u00f9 il a cr\u00e9\u00e9 un grand nombre de ses \u0153uvres remarquables.<\/p>\n\n\n\n<p>Comensoli a \u00e9galement pass\u00e9 du temps \u00e0 Paris. C'est l\u00e0 qu'il a \u00e9t\u00e9 expos\u00e9 aux styles post-cubistes. Il a \u00e9tudi\u00e9 les \u0153uvres de Picasso et de Fernand L\u00e9ger. Ces artistes ont eu un impact important sur sa technique de peinture.<\/p>\n\n\n\n<p>\u00c0 Paris, Comensoli rencontre Carlo Levi, peintre et \u00e9crivain italien. Le r\u00e9alisme social de Levi a influenc\u00e9 l'approche de Comensoli dans la repr\u00e9sentation des travailleurs et des immigrants. Cette exp\u00e9rience a contribu\u00e9 \u00e0 fa\u00e7onner le style caract\u00e9ristique de Comensoli, \u00e0 savoir des portraits r\u00e9alistes de la soci\u00e9t\u00e9 suisse.<\/p>\n\n\n\n<h2 class=\"wp-block-heading\">\u0152uvres majeures et reconnaissance artistique<\/h2>\n\n\n\n<p>Mario Comensoli a cr\u00e9\u00e9 des peintures qui illustrent les changements sociaux survenus en Suisse apr\u00e8s la Seconde Guerre mondiale. Son art se concentre sur les travailleurs, les immigr\u00e9s et la culture des jeunes.<\/p>\n\n\n\n<h3 class=\"wp-block-heading\">Th\u00e8mes du commentaire social<\/h3>\n\n\n\n<p>Les tableaux de Comensoli repr\u00e9sentent souvent des immigr\u00e9s italiens et des travailleurs en Suisse. Il a peint des personnes en v\u00eatements de travail bleus pour repr\u00e9senter la classe ouvri\u00e8re.<\/p>\n\n\n\n<figure class=\"wp-block-gallery has-nested-images columns-default is-cropped wp-block-gallery-2 is-layout-flex wp-block-gallery-is-layout-flex\">\n<figure class=\"wp-block-image size-large\"><img loading=\"lazy\" decoding=\"async\" width=\"540\" height=\"400\" data-id=\"4232\" src=\"https:\/\/masterful-artists.com\/wp-content\/uploads\/2025\/01\/d-jeuner-dans-la-for-t-1990-e1738146435339.jpg\" alt=\"Elle refl\u00e8te le style expressionniste de Comensoli, capturant les th\u00e8mes des loisirs et de l&#039;interaction sociale.\" class=\"wp-image-4232\" srcset=\"https:\/\/masterful-artists.com\/wp-content\/uploads\/2025\/01\/d-jeuner-dans-la-for-t-1990-e1738146435339.jpg 540w, https:\/\/masterful-artists.com\/wp-content\/uploads\/2025\/01\/d-jeuner-dans-la-for-t-1990-e1738146435339-300x222.jpg 300w\" sizes=\"auto, (max-width: 540px) 100vw, 540px\" \/><\/figure>\n<\/figure>\n\n\n\n<p class=\"has-text-align-center\"><em><sub>D\u00e9jeuner dans la for\u00eat (1990) de Mario Comensoli<\/sub><\/em><\/p>\n\n\n\n<p>Ses \u0153uvres illustrent les manifestations et l'agitation sociale de 1968. Comensoli a \u00e9galement peint des sc\u00e8nes de la culture des jeunes. Il a montr\u00e9 des danseurs disco et des punk rockers. Certaines de ses peintures avaient pour th\u00e8me \"No Future\" (pas d'avenir), un sentiment de d\u00e9sespoir chez les jeunes.<\/p>\n\n\n\n<p>Son style s'inscrit dans la lign\u00e9e des <a href=\"https:\/\/masterful-artists.com\/fr\/le-realisme-dans-lart\/\">mouvement artistique r\u00e9aliste<\/a>. Il a utilis\u00e9 des couleurs vives et des formes simples pour illustrer la vie quotidienne et les probl\u00e8mes sociaux.<\/p>\n\n\n\n<h3 class=\"wp-block-heading\">Expositions marquantes et h\u00e9ritage<\/h3>\n\n\n\n<p>Les \u0153uvres de Comensoli ont \u00e9t\u00e9 expos\u00e9es dans les grandes villes suisses comme Coire et Berne. Les experts en art le consid\u00e8rent comme un important peintre r\u00e9aliste social. Ses peintures sont aujourd'hui conserv\u00e9es dans de nombreux mus\u00e9es suisses et dans des collections priv\u00e9es.<\/p>\n\n\n\n<p>Comensoli a influenc\u00e9 d'autres artistes suisses qui ont peint des th\u00e8mes sociaux. L'attention qu'il a port\u00e9e aux immigr\u00e9s et aux travailleurs a aid\u00e9 les gens \u00e0 voir ces groupes diff\u00e9remment. Aujourd'hui, on se souvient de lui comme d'un artiste qui a montr\u00e9, \u00e0 travers ses peintures, le visage changeant de la Suisse d'apr\u00e8s-guerre.<\/p>\n\n\n\n<h2 class=\"wp-block-heading\">Impact culturel et collaborations<\/h2>\n\n\n\n<figure class=\"wp-block-gallery has-nested-images columns-default is-cropped wp-block-gallery-3 is-layout-flex wp-block-gallery-is-layout-flex\">\n<figure class=\"wp-block-image size-large\"><img loading=\"lazy\" decoding=\"async\" width=\"482\" height=\"400\" data-id=\"4240\" src=\"https:\/\/masterful-artists.com\/wp-content\/uploads\/2025\/01\/la-bague-1993-e1738149867808.jpg\" alt=\"Elle illustre le style dynamique et expressif de Comensoli, caract\u00e9ristique de ses derni\u00e8res \u0153uvres. \" class=\"wp-image-4240\" srcset=\"https:\/\/masterful-artists.com\/wp-content\/uploads\/2025\/01\/la-bague-1993-e1738149867808.jpg 482w, https:\/\/masterful-artists.com\/wp-content\/uploads\/2025\/01\/la-bague-1993-e1738149867808-300x249.jpg 300w\" sizes=\"auto, (max-width: 482px) 100vw, 482px\" \/><\/figure>\n<\/figure>\n\n\n\n<p class=\"has-text-align-center\"><em><sub>La bague (1993) de Mario Comensoli<\/sub><\/em><\/p>\n\n\n\n<p>L'art de Mario Comensoli a marqu\u00e9 durablement la culture suisse. Son \u0153uvre a jet\u00e9 des ponts entre les mouvements artistiques et s'est rapproch\u00e9e d'autres domaines cr\u00e9atifs.<\/p>\n\n\n\n<h3 class=\"wp-block-heading\">Influence du pop art et du r\u00e9alisme<\/h3>\n\n\n\n<p>Comensoli a m\u00e9lang\u00e9 le pop art et le r\u00e9alisme dans ses peintures. Il utilise des couleurs vives et des formes audacieuses issues du pop art. Mais il a peint des personnes et des \u00e9v\u00e9nements r\u00e9els en Suisse. Son art montre des travailleurs, des immigr\u00e9s et la culture des jeunes.<\/p>\n\n\n\n<p>Le style de Comensoli a \u00e9volu\u00e9 au fil du temps. Dans les ann\u00e9es 1950, il a peint des immigr\u00e9s italiens \u00e0 Zurich. Plus tard, il a captur\u00e9 les manifestations de 1968 et l'\u00e8re du disco. Son \u0153uvre retrace l'histoire visuelle de la Suisse d'apr\u00e8s la Seconde Guerre mondiale.<\/p>\n\n\n\n<h3 class=\"wp-block-heading\">Liens avec le cin\u00e9ma et la litt\u00e9rature<\/h3>\n\n\n\n<p>L'art de Comensoli est li\u00e9 aux films et aux livres suisses. Il a con\u00e7u des affiches pour le Festival du film de Locarno. Cela a contribu\u00e9 \u00e0 faire conna\u00eetre son art \u00e0 un public plus large.<\/p>\n\n\n\n<figure class=\"wp-block-gallery has-nested-images columns-default is-cropped wp-block-gallery-4 is-layout-flex wp-block-gallery-is-layout-flex\">\n<figure class=\"wp-block-image size-large\"><img loading=\"lazy\" decoding=\"async\" width=\"430\" height=\"570\" data-id=\"4233\" src=\"https:\/\/masterful-artists.com\/wp-content\/uploads\/2025\/01\/mario-comensoli-in-der-disco-7XRQP-570-e1738146557744.webp\" alt=\"Elle refl\u00e8te l&#039;engagement de Comensoli dans la culture de la jeunesse et la vie nocturne tr\u00e9pidante de l&#039;\u00e8re du disco\" class=\"wp-image-4233\" srcset=\"https:\/\/masterful-artists.com\/wp-content\/uploads\/2025\/01\/mario-comensoli-in-der-disco-7XRQP-570-e1738146557744.webp 430w, https:\/\/masterful-artists.com\/wp-content\/uploads\/2025\/01\/mario-comensoli-in-der-disco-7XRQP-570-e1738146557744-226x300.webp 226w\" sizes=\"auto, (max-width: 430px) 100vw, 430px\" \/><figcaption class=\"wp-element-caption\"><em>In der Disco (1979) de Mario Comensoli<\/em><\/figcaption><\/figure>\n\n\n\n<figure class=\"wp-block-image size-large\"><img loading=\"lazy\" decoding=\"async\" width=\"405\" height=\"400\" data-id=\"4234\" src=\"https:\/\/masterful-artists.com\/wp-content\/uploads\/2025\/01\/die-t-nzerin-1956-e1738146594704.jpg\" alt=\"Elle illustre son r\u00e9alisme social en capturant la gr\u00e2ce et l&#039;\u00e9motion d&#039;une danseuse en plein mouvement. \" class=\"wp-image-4234\" srcset=\"https:\/\/masterful-artists.com\/wp-content\/uploads\/2025\/01\/die-t-nzerin-1956-e1738146594704.jpg 405w, https:\/\/masterful-artists.com\/wp-content\/uploads\/2025\/01\/die-t-nzerin-1956-e1738146594704-300x296.jpg 300w\" sizes=\"auto, (max-width: 405px) 100vw, 405px\" \/><figcaption class=\"wp-element-caption\"><em>Die T\u00e4nzerin (1956) de Mario Comensoli<\/em><\/figcaption><\/figure>\n<\/figure>\n\n\n\n<p>Certains \u00e9crivains ont \u00e9t\u00e9 inspir\u00e9s par les peintures de Comensoli. Son art des travailleurs et de la vie urbaine correspondait aux romans r\u00e9alistes sociaux. Carlo Levi, un \u00e9crivain italien, a lou\u00e9 l'habilet\u00e9 de Comensoli \u00e0 montrer les luttes humaines.<\/p>\n\n\n\n<p>Comensoli a \u00e9galement peint des sc\u00e8nes tir\u00e9es de mythes suisses, comme l'histoire de Guillaume Tell. Cela a permis de relier son style moderne aux traditions culturelles suisses.<\/p>\n\n\n\n<h2 class=\"wp-block-heading\">Questions fr\u00e9quemment pos\u00e9es<\/h2>\n\n\n\n<p>Mario Comensoli \u00e9tait un peintre suisse connu pour ses \u0153uvres r\u00e9alistes d\u00e9peignant la soci\u00e9t\u00e9 suisse d'apr\u00e8s la Seconde Guerre mondiale. Son art explore les th\u00e8mes de l'immigration, de l'agitation sociale et de la culture des jeunes.<\/p>\n\n\n\n<h3 class=\"wp-block-heading\">\u00c0 quel mouvement artistique Mario Comensoli est-il associ\u00e9 ?<\/h3>\n\n\n\n<p>Mario Comensoli est li\u00e9 au mouvement r\u00e9aliste dans l'art. Il a peint des sc\u00e8nes de la vie quotidienne en Suisse apr\u00e8s la Seconde Guerre mondiale.<\/p>\n\n\n\n<p>Son style s'attache \u00e0 montrer le monde r\u00e9el qui l'entoure, et non des versions id\u00e9alis\u00e9es. Cette approche l'a plac\u00e9 \u00e0 l'avant-garde du r\u00e9alisme suisse au milieu du 20e si\u00e8cle.<\/p>\n\n\n\n<h3 class=\"wp-block-heading\">Comment les th\u00e8mes socio-\u00e9conomiques ont-ils \u00e9t\u00e9 abord\u00e9s dans les \u0153uvres de Mario Comensoli ?<\/h3>\n\n\n\n<p>Comensoli a souvent peint des immigr\u00e9s italiens en Suisse. Il a montr\u00e9 leur vie et leurs luttes alors qu'ils essayaient de s'int\u00e9grer dans un nouveau pays.<\/p>\n\n\n\n<p>Il a \u00e9galement d\u00e9peint des troubles sociaux, comme les manifestations de 1968. Ses peintures ont captur\u00e9 le visage changeant de la soci\u00e9t\u00e9 suisse et ses mutations \u00e9conomiques.<\/p>\n\n\n\n<h3 class=\"wp-block-heading\">Pouvez-vous citer quelques-unes des \u0153uvres les plus importantes peintes par Mario Comensoli ?<\/h3>\n\n\n\n<p>Bien que les r\u00e9sultats de la recherche ne mentionnent pas de titres sp\u00e9cifiques, les th\u00e8mes cl\u00e9s de Comensoli sont not\u00e9s. Il s'agit notamment de peintures d'immigr\u00e9s italiens et d'\u0153uvres montrant les jeunes \"No Future\".<\/p>\n\n\n\n<p>Il a \u00e9galement cr\u00e9\u00e9 des \u0153uvres sur l'\u00e8re disco et les changements sociaux en Suisse. Ces sujets sont au c\u0153ur de ses peintures les plus connues.<\/p>\n\n\n\n<h3 class=\"wp-block-heading\">Quelle a \u00e9t\u00e9 l'influence de Mario Comensoli sur l'art europ\u00e9en du XXe si\u00e8cle ?<\/h3>\n\n\n\n<p>Comensoli a eu un impact important sur l'art suisse. Il a \u00e9t\u00e9 l'un des premiers \u00e0 montrer la vie r\u00e9elle des gens apr\u00e8s la Seconde Guerre mondiale.<\/p>\n\n\n\n<p>Son travail a contribu\u00e9 \u00e0 fa\u00e7onner la mani\u00e8re dont les artistes ont repr\u00e9sent\u00e9 les questions sociales en Suisse. Il a attir\u00e9 l'attention sur des sujets tels que l'immigration et la culture des jeunes \u00e0 travers ses peintures.<\/p>\n\n\n\n<h3 class=\"wp-block-heading\">Comment le style de Mario Comensoli a-t-il \u00e9volu\u00e9 au cours de sa carri\u00e8re ?<\/h3>\n\n\n\n<p>L'art de Comensoli a \u00e9volu\u00e9 en fonction de l'\u00e9poque dans laquelle il vivait. Il a commenc\u00e9 par peindre des immigr\u00e9s italiens dans les ann\u00e9es d'apr\u00e8s-guerre.<\/p>\n\n\n\n<p>Plus tard, il a commenc\u00e9 \u00e0 montrer l'agitation des ann\u00e9es 1960. Ses derni\u00e8res \u0153uvres traitent de la culture des jeunes et de l'\u00e8re disco des ann\u00e9es 1970 et 1980.<\/p>\n\n\n\n<h3 class=\"wp-block-heading\">Quelles sont les expositions qui ont pr\u00e9sent\u00e9 les peintures de Mario Comensoli ?<\/h3>\n\n\n\n<p>Les r\u00e9sultats de la recherche ne mentionnent pas d'expositions sp\u00e9cifiques. Cependant, le travail de Comensoli a \u00e9t\u00e9 montr\u00e9 dans de nombreux endroits.<\/p>\n\n\n\n<p>Ses peintures font partie de la Fondation Mario et H\u00e9l\u00e8ne Comensoli. Ce groupe \u0153uvre pour que son art soit expos\u00e9 et reste dans les m\u00e9moires.<\/p>\n\n\n<style>.wp-block-kadence-advancedgallery .kb-gallery-type-masonry.kb-gallery-id-3792_7e8782-cd{margin:-5.5px;}.kb-gallery-type-masonry.kb-gallery-id-3792_7e8782-cd .kadence-blocks-gallery-item{padding:5.5px;}.kb-gallery-id-3792_7e8782-cd .kadence-blocks-gallery-item .kb-gal-image-radius, .kb-gallery-id-3792_7e8782-cd .kb-slide-item .kb-gal-image-radius img{border-radius:0px 0px 0px 0px;;}.kb-gallery-caption-style-bottom.kb-gallery-id-3792_7e8782-cd .kadence-blocks-gallery-item .kadence-blocks-gallery-item-inner .kadence-blocks-gallery-item__caption, .kb-gallery-caption-style-bottom-hover.kb-gallery-id-3792_7e8782-cd .kadence-blocks-gallery-item .kadence-blocks-gallery-item-inner .kadence-blocks-gallery-item__caption{background:linear-gradient(0deg, #000000 0, rgba(0, 0, 0, 0) 100%);}<\/style><div class=\"kb-gallery-wrap-id-3792_7e8782-cd alignwide alignwide wp-block-kadence-advancedgallery\"><ul class=\"kb-gallery-ul kb-gallery-non-static kb-gallery-type-masonry kb-masonry-init kb-gallery-id-3792_7e8782-cd kb-gallery-caption-style-bottom-hover kb-gallery-filter-none kb-gallery-magnific-init\" data-image-filter=\"none\" data-item-selector=\".kadence-blocks-gallery-item\" data-lightbox-caption=\"true\" data-columns-xxl=\"3\" data-columns-xl=\"3\" data-columns-md=\"3\" data-columns-sm=\"2\" data-columns-xs=\"1\" data-columns-ss=\"1\"><li class=\"kadence-blocks-gallery-item\"><div class=\"kadence-blocks-gallery-item-inner\"><figure class=\"kb-gallery-figure kb-gallery-item-has-link kadence-blocks-gallery-item-has-caption\"><a href=\"https:\/\/masterful-artists.com\/wp-content\/uploads\/2025\/01\/la-bague-1993-e1738149867808.jpg\" data-description=\"La bague (1993) by Mario Comensoli\" class=\"kb-gallery-item-link\"   role=\"button\" aria-haspopup=\"dialog\"><div class=\"kb-gal-image-radius\" style=\"max-width:482px;\"><div class=\"kb-gallery-image-contain kadence-blocks-gallery-intrinsic\" style=\"padding-bottom:82%;\"><img loading=\"lazy\" decoding=\"async\" src=\"https:\/\/masterful-artists.com\/wp-content\/uploads\/2025\/01\/la-bague-1993-e1738149867808.jpg\" width=\"482\" height=\"400\" alt=\"\" data-full-image=\"https:\/\/masterful-artists.com\/wp-content\/uploads\/2025\/01\/la-bague-1993-e1738149867808.jpg\" data-light-image=\"https:\/\/masterful-artists.com\/wp-content\/uploads\/2025\/01\/la-bague-1993-e1738149867808.jpg\" data-id=\"4240\" class=\"wp-image-4240\" srcset=\"https:\/\/masterful-artists.com\/wp-content\/uploads\/2025\/01\/la-bague-1993-e1738149867808.jpg 482w, https:\/\/masterful-artists.com\/wp-content\/uploads\/2025\/01\/la-bague-1993-e1738149867808-300x249.jpg 300w\" sizes=\"auto, (max-width: 482px) 100vw, 482px\" \/><\/div><div class=\"kadence-blocks-gallery-item__caption\"><em>La bague (1993) de Mario Comensoli<\/em><\/div><\/div><\/a><\/figure><\/div><\/li><li class=\"kadence-blocks-gallery-item\"><div class=\"kadence-blocks-gallery-item-inner\"><figure class=\"kb-gallery-figure kb-gallery-item-has-link kadence-blocks-gallery-item-has-caption\"><a href=\"https:\/\/masterful-artists.com\/wp-content\/uploads\/2025\/01\/die-t-nzerin-1956-e1738146594704.jpg\" data-description=\"Die T\u00e4nzerin (1956) by Mario Comensoli\" class=\"kb-gallery-item-link\"   role=\"button\" aria-haspopup=\"dialog\"><div class=\"kb-gal-image-radius\" style=\"max-width:405px;\"><div class=\"kb-gallery-image-contain kadence-blocks-gallery-intrinsic\" style=\"padding-bottom:98%;\"><img loading=\"lazy\" decoding=\"async\" src=\"https:\/\/masterful-artists.com\/wp-content\/uploads\/2025\/01\/die-t-nzerin-1956-e1738146594704.jpg\" width=\"405\" height=\"400\" alt=\"\" data-full-image=\"https:\/\/masterful-artists.com\/wp-content\/uploads\/2025\/01\/die-t-nzerin-1956-e1738146594704.jpg\" data-light-image=\"https:\/\/masterful-artists.com\/wp-content\/uploads\/2025\/01\/die-t-nzerin-1956-e1738146594704.jpg\" data-id=\"4234\" class=\"wp-image-4234\" srcset=\"https:\/\/masterful-artists.com\/wp-content\/uploads\/2025\/01\/die-t-nzerin-1956-e1738146594704.jpg 405w, https:\/\/masterful-artists.com\/wp-content\/uploads\/2025\/01\/die-t-nzerin-1956-e1738146594704-300x296.jpg 300w\" sizes=\"auto, (max-width: 405px) 100vw, 405px\" \/><\/div><div class=\"kadence-blocks-gallery-item__caption\"><em>Die T\u00e4nzerin (1956) de Mario Comensoli<\/em><\/div><\/div><\/a><\/figure><\/div><\/li><li class=\"kadence-blocks-gallery-item\"><div class=\"kadence-blocks-gallery-item-inner\"><figure class=\"kb-gallery-figure kb-gallery-item-has-link kadence-blocks-gallery-item-has-caption\"><a href=\"https:\/\/masterful-artists.com\/wp-content\/uploads\/2025\/01\/mario-comensoli-in-der-disco-7XRQP-570-e1738146557744.webp\" data-description=\"In der Disco (1979) by Mario Comensoli\" class=\"kb-gallery-item-link\"   role=\"button\" aria-haspopup=\"dialog\"><div class=\"kb-gal-image-radius\" style=\"max-width:430px;\"><div class=\"kb-gallery-image-contain kadence-blocks-gallery-intrinsic\" style=\"padding-bottom:132%;\"><img loading=\"lazy\" decoding=\"async\" src=\"https:\/\/masterful-artists.com\/wp-content\/uploads\/2025\/01\/mario-comensoli-in-der-disco-7XRQP-570-e1738146557744.webp\" width=\"430\" height=\"570\" alt=\"\" data-full-image=\"https:\/\/masterful-artists.com\/wp-content\/uploads\/2025\/01\/mario-comensoli-in-der-disco-7XRQP-570-e1738146557744.webp\" data-light-image=\"https:\/\/masterful-artists.com\/wp-content\/uploads\/2025\/01\/mario-comensoli-in-der-disco-7XRQP-570-e1738146557744.webp\" data-id=\"4233\" class=\"wp-image-4233\" srcset=\"https:\/\/masterful-artists.com\/wp-content\/uploads\/2025\/01\/mario-comensoli-in-der-disco-7XRQP-570-e1738146557744.webp 430w, https:\/\/masterful-artists.com\/wp-content\/uploads\/2025\/01\/mario-comensoli-in-der-disco-7XRQP-570-e1738146557744-226x300.webp 226w\" sizes=\"auto, (max-width: 430px) 100vw, 430px\" \/><\/div><div class=\"kadence-blocks-gallery-item__caption\"><em>In der Disco (1979) de Mario Comensoli<\/em><\/div><\/div><\/a><\/figure><\/div><\/li><li class=\"kadence-blocks-gallery-item\"><div class=\"kadence-blocks-gallery-item-inner\"><figure class=\"kb-gallery-figure kb-gallery-item-has-link kadence-blocks-gallery-item-has-caption\"><a href=\"https:\/\/masterful-artists.com\/wp-content\/uploads\/2025\/01\/d-jeuner-dans-la-for-t-1990-e1738146435339.jpg\" data-description=\"D\u00e9jeuner dans la for\u00eat (1990) by Mario Comensoli\" class=\"kb-gallery-item-link\"   role=\"button\" aria-haspopup=\"dialog\"><div class=\"kb-gal-image-radius\" style=\"max-width:540px;\"><div class=\"kb-gallery-image-contain kadence-blocks-gallery-intrinsic\" style=\"padding-bottom:74%;\"><img loading=\"lazy\" decoding=\"async\" src=\"https:\/\/masterful-artists.com\/wp-content\/uploads\/2025\/01\/d-jeuner-dans-la-for-t-1990-e1738146435339.jpg\" width=\"540\" height=\"400\" alt=\"\" data-full-image=\"https:\/\/masterful-artists.com\/wp-content\/uploads\/2025\/01\/d-jeuner-dans-la-for-t-1990-e1738146435339.jpg\" data-light-image=\"https:\/\/masterful-artists.com\/wp-content\/uploads\/2025\/01\/d-jeuner-dans-la-for-t-1990-e1738146435339.jpg\" data-id=\"4232\" class=\"wp-image-4232\" srcset=\"https:\/\/masterful-artists.com\/wp-content\/uploads\/2025\/01\/d-jeuner-dans-la-for-t-1990-e1738146435339.jpg 540w, https:\/\/masterful-artists.com\/wp-content\/uploads\/2025\/01\/d-jeuner-dans-la-for-t-1990-e1738146435339-300x222.jpg 300w\" sizes=\"auto, (max-width: 540px) 100vw, 540px\" \/><\/div><div class=\"kadence-blocks-gallery-item__caption\"><em>D\u00e9jeuner dans la for\u00eat (1990) de Mario Comensoli<\/em><\/div><\/div><\/a><\/figure><\/div><\/li><li class=\"kadence-blocks-gallery-item\"><div class=\"kadence-blocks-gallery-item-inner\"><figure class=\"kb-gallery-figure kb-gallery-item-has-link kadence-blocks-gallery-item-has-caption\"><a href=\"https:\/\/masterful-artists.com\/wp-content\/uploads\/2025\/01\/il-bambino-1955-e1738146276391.jpg\" data-description=\"Il bambino (1955) by Mario Comensoli\" class=\"kb-gallery-item-link\"   role=\"button\" aria-haspopup=\"dialog\"><div class=\"kb-gal-image-radius\" style=\"max-width:485px;\"><div class=\"kb-gallery-image-contain kadence-blocks-gallery-intrinsic\" style=\"padding-bottom:82%;\"><img loading=\"lazy\" decoding=\"async\" src=\"https:\/\/masterful-artists.com\/wp-content\/uploads\/2025\/01\/il-bambino-1955-e1738146276391.jpg\" width=\"485\" height=\"400\" alt=\"\" data-full-image=\"https:\/\/masterful-artists.com\/wp-content\/uploads\/2025\/01\/il-bambino-1955-e1738146276391.jpg\" data-light-image=\"https:\/\/masterful-artists.com\/wp-content\/uploads\/2025\/01\/il-bambino-1955-e1738146276391.jpg\" data-id=\"4231\" class=\"wp-image-4231\" srcset=\"https:\/\/masterful-artists.com\/wp-content\/uploads\/2025\/01\/il-bambino-1955-e1738146276391.jpg 485w, https:\/\/masterful-artists.com\/wp-content\/uploads\/2025\/01\/il-bambino-1955-e1738146276391-300x247.jpg 300w\" sizes=\"auto, (max-width: 485px) 100vw, 485px\" \/><\/div><div class=\"kadence-blocks-gallery-item__caption\"><em>Il bambino (1955) de Mario Comensoli<\/em><\/div><\/div><\/a><\/figure><\/div><\/li><li class=\"kadence-blocks-gallery-item\"><div class=\"kadence-blocks-gallery-item-inner\"><figure class=\"kb-gallery-figure kb-gallery-item-has-link kadence-blocks-gallery-item-has-caption\"><a href=\"https:\/\/masterful-artists.com\/wp-content\/uploads\/2025\/01\/1ca18763-7112-4dc4-ad66-111d1828047b_570-e1738146145836.webp\" data-description=\"BBC Lehrlinge (1981) by Mario Comensoli\" data-alt=\"Reflects Comensoli&#039;s engagement with contemporary themes, possibly depicting apprentices or young individuals in a learning environment\" class=\"kb-gallery-item-link\"   role=\"button\" aria-haspopup=\"dialog\"><div class=\"kb-gal-image-radius\" style=\"max-width:424px;\"><div class=\"kb-gallery-image-contain kadence-blocks-gallery-intrinsic\" style=\"padding-bottom:134%;\"><img loading=\"lazy\" decoding=\"async\" src=\"https:\/\/masterful-artists.com\/wp-content\/uploads\/2025\/01\/1ca18763-7112-4dc4-ad66-111d1828047b_570-e1738146145836.webp\" width=\"424\" height=\"570\" alt=\"Refl\u00e8te l&#039;engagement de Comensoli&#039;avec des th\u00e8mes contemporains, repr\u00e9sentant \u00e9ventuellement des apprentis ou de jeunes individus dans un environnement d&#039;apprentissage.\" data-full-image=\"https:\/\/masterful-artists.com\/wp-content\/uploads\/2025\/01\/1ca18763-7112-4dc4-ad66-111d1828047b_570-e1738146145836.webp\" data-light-image=\"https:\/\/masterful-artists.com\/wp-content\/uploads\/2025\/01\/1ca18763-7112-4dc4-ad66-111d1828047b_570-e1738146145836.webp\" data-id=\"4230\" class=\"wp-image-4230\" srcset=\"https:\/\/masterful-artists.com\/wp-content\/uploads\/2025\/01\/1ca18763-7112-4dc4-ad66-111d1828047b_570-e1738146145836.webp 424w, https:\/\/masterful-artists.com\/wp-content\/uploads\/2025\/01\/1ca18763-7112-4dc4-ad66-111d1828047b_570-e1738146145836-223x300.webp 223w\" sizes=\"auto, (max-width: 424px) 100vw, 424px\" \/><\/div><div class=\"kadence-blocks-gallery-item__caption\"><em>BBC Lehrlinge (1981) de Mario Comensoli<\/em><\/div><\/div><\/a><\/figure><\/div><\/li><li class=\"kadence-blocks-gallery-item\"><div class=\"kadence-blocks-gallery-item-inner\"><figure class=\"kb-gallery-figure kb-gallery-item-has-link kadence-blocks-gallery-item-has-caption\"><a href=\"https:\/\/masterful-artists.com\/wp-content\/uploads\/2025\/01\/H4344-L388014314-e1738145832647.jpg\" data-description=\"Mario Comensoli Artwork\" data-alt=\"Mario Comensoli Artwork\" class=\"kb-gallery-item-link\"   role=\"button\" aria-haspopup=\"dialog\"><div class=\"kb-gal-image-radius\" style=\"max-width:1000px;\"><div class=\"kb-gallery-image-contain kadence-blocks-gallery-intrinsic\" style=\"padding-bottom:50%;\"><img loading=\"lazy\" decoding=\"async\" src=\"https:\/\/masterful-artists.com\/wp-content\/uploads\/2025\/01\/H4344-L388014314-e1738145832647.jpg\" width=\"1000\" height=\"505\" alt=\"\u0152uvres d&#039;art de Mario Comensoli\" data-full-image=\"https:\/\/masterful-artists.com\/wp-content\/uploads\/2025\/01\/H4344-L388014314-e1738145832647.jpg\" data-light-image=\"https:\/\/masterful-artists.com\/wp-content\/uploads\/2025\/01\/H4344-L388014314-e1738145832647.jpg\" data-id=\"4227\" class=\"wp-image-4227\" srcset=\"https:\/\/masterful-artists.com\/wp-content\/uploads\/2025\/01\/H4344-L388014314-e1738145832647.jpg 1000w, https:\/\/masterful-artists.com\/wp-content\/uploads\/2025\/01\/H4344-L388014314-e1738145832647-300x152.jpg 300w, https:\/\/masterful-artists.com\/wp-content\/uploads\/2025\/01\/H4344-L388014314-e1738145832647-768x388.jpg 768w\" sizes=\"auto, (max-width: 1000px) 100vw, 1000px\" \/><\/div><div class=\"kadence-blocks-gallery-item__caption\"><em>\u0152uvres d'art de Mario Comensoli<\/em><\/div><\/div><\/a><\/figure><\/div><\/li><li class=\"kadence-blocks-gallery-item\"><div class=\"kadence-blocks-gallery-item-inner\"><figure class=\"kb-gallery-figure kb-gallery-item-has-link kadence-blocks-gallery-item-has-caption\"><a href=\"https:\/\/masterful-artists.com\/wp-content\/uploads\/2025\/01\/wk-e1738145683660.png\" data-description=\"Mario Comensoli Portrait\" data-alt=\"Mario Comensoli Portrait\" class=\"kb-gallery-item-link\"   role=\"button\" aria-haspopup=\"dialog\"><div class=\"kb-gal-image-radius\" style=\"max-width:269px;\"><div class=\"kb-gallery-image-contain kadence-blocks-gallery-intrinsic\" style=\"padding-bottom:77%;\"><img loading=\"lazy\" decoding=\"async\" src=\"https:\/\/masterful-artists.com\/wp-content\/uploads\/2025\/01\/wk-e1738145683660.png\" width=\"269\" height=\"209\" alt=\"Portrait de Mario Comensoli\" data-full-image=\"https:\/\/masterful-artists.com\/wp-content\/uploads\/2025\/01\/wk-e1738145683660.png\" data-light-image=\"https:\/\/masterful-artists.com\/wp-content\/uploads\/2025\/01\/wk-e1738145683660.png\" data-id=\"4226\" class=\"wp-image-4226\"\/><\/div><div class=\"kadence-blocks-gallery-item__caption\"><em>Portrait de Mario Comensoli<\/em><\/div><\/div><\/a><\/figure><\/div><\/li><\/ul><\/div>\n\n\n<p><\/p>","protected":false},"excerpt":{"rendered":"<p>D\u00e9couvrez l'h\u00e9ritage de Mario Comensoli, peintre suisse renomm\u00e9 pour ses contributions au r\u00e9alisme social et ses expressions artistiques dynamiques.<\/p>","protected":false},"author":3,"featured_media":4227,"comment_status":"closed","ping_status":"closed","sticky":false,"template":"","format":"standard","meta":{"_kad_blocks_custom_css":"","_kad_blocks_head_custom_js":"","_kad_blocks_body_custom_js":"","_kad_blocks_footer_custom_js":"","_kad_post_transparent":"","_kad_post_title":"","_kad_post_layout":"","_kad_post_sidebar_id":"","_kad_post_content_style":"","_kad_post_vertical_padding":"","_kad_post_feature":"","_kad_post_feature_position":"","_kad_post_header":false,"_kad_post_footer":false,"_kad_post_classname":"","footnotes":""},"categories":[140,84,52,92],"tags":[104,61,23],"class_list":["post-3792","post","type-post","status-publish","format-standard","has-post-thumbnail","hentry","category-swiss","category-illustration","category-painters","category-realism","tag-landscape-painting","tag-portraits","tag-realism"],"taxonomy_info":{"category":[{"value":140,"label":"Swiss"},{"value":84,"label":"Illustration"},{"value":52,"label":"Painters"},{"value":92,"label":"Realism"}],"post_tag":[{"value":104,"label":"Landscape Painting"},{"value":61,"label":"Portraits"},{"value":23,"label":"Realism"}]},"featured_image_src_large":["https:\/\/masterful-artists.com\/wp-content\/uploads\/2025\/01\/H4344-L388014314-e1738145832647.jpg",1000,505,false],"author_info":{"display_name":"Richard J. Sheppard","author_link":"https:\/\/masterful-artists.com\/fr\/author\/koala\/"},"comment_info":0,"category_info":[{"term_id":140,"name":"Swiss","slug":"swiss","term_group":0,"term_taxonomy_id":140,"taxonomy":"category","description":"","parent":0,"count":9,"filter":"raw","cat_ID":140,"category_count":9,"category_description":"","cat_name":"Swiss","category_nicename":"swiss","category_parent":0},{"term_id":84,"name":"Illustration","slug":"illustration","term_group":0,"term_taxonomy_id":84,"taxonomy":"category","description":"","parent":0,"count":93,"filter":"raw","cat_ID":84,"category_count":93,"category_description":"","cat_name":"Illustration","category_nicename":"illustration","category_parent":0},{"term_id":52,"name":"Painters","slug":"painters","term_group":0,"term_taxonomy_id":52,"taxonomy":"category","description":"","parent":0,"count":404,"filter":"raw","cat_ID":52,"category_count":404,"category_description":"","cat_name":"Painters","category_nicename":"painters","category_parent":0},{"term_id":92,"name":"Realism","slug":"realism","term_group":0,"term_taxonomy_id":92,"taxonomy":"category","description":"","parent":0,"count":188,"filter":"raw","cat_ID":92,"category_count":188,"category_description":"","cat_name":"Realism","category_nicename":"realism","category_parent":0}],"tag_info":[{"term_id":104,"name":"Landscape Painting","slug":"landscape-painting","term_group":0,"term_taxonomy_id":104,"taxonomy":"post_tag","description":"","parent":0,"count":190,"filter":"raw"},{"term_id":61,"name":"Portraits","slug":"portraits","term_group":0,"term_taxonomy_id":61,"taxonomy":"post_tag","description":"","parent":0,"count":228,"filter":"raw"},{"term_id":23,"name":"Realism","slug":"realism","term_group":0,"term_taxonomy_id":23,"taxonomy":"post_tag","description":"","parent":0,"count":176,"filter":"raw"}],"_links":{"self":[{"href":"https:\/\/masterful-artists.com\/fr\/wp-json\/wp\/v2\/posts\/3792","targetHints":{"allow":["GET"]}}],"collection":[{"href":"https:\/\/masterful-artists.com\/fr\/wp-json\/wp\/v2\/posts"}],"about":[{"href":"https:\/\/masterful-artists.com\/fr\/wp-json\/wp\/v2\/types\/post"}],"author":[{"embeddable":true,"href":"https:\/\/masterful-artists.com\/fr\/wp-json\/wp\/v2\/users\/3"}],"replies":[{"embeddable":true,"href":"https:\/\/masterful-artists.com\/fr\/wp-json\/wp\/v2\/comments?post=3792"}],"version-history":[{"count":3,"href":"https:\/\/masterful-artists.com\/fr\/wp-json\/wp\/v2\/posts\/3792\/revisions"}],"predecessor-version":[{"id":4242,"href":"https:\/\/masterful-artists.com\/fr\/wp-json\/wp\/v2\/posts\/3792\/revisions\/4242"}],"wp:featuredmedia":[{"embeddable":true,"href":"https:\/\/masterful-artists.com\/fr\/wp-json\/wp\/v2\/media\/4227"}],"wp:attachment":[{"href":"https:\/\/masterful-artists.com\/fr\/wp-json\/wp\/v2\/media?parent=3792"}],"wp:term":[{"taxonomy":"category","embeddable":true,"href":"https:\/\/masterful-artists.com\/fr\/wp-json\/wp\/v2\/categories?post=3792"},{"taxonomy":"post_tag","embeddable":true,"href":"https:\/\/masterful-artists.com\/fr\/wp-json\/wp\/v2\/tags?post=3792"}],"curies":[{"name":"wp","href":"https:\/\/api.w.org\/{rel}","templated":true}]}}