{"id":7472,"date":"2025-04-03T11:00:00","date_gmt":"2025-04-03T11:00:00","guid":{"rendered":"https:\/\/masterful-artists.com\/?p=7472"},"modified":"2025-03-30T11:27:51","modified_gmt":"2025-03-30T11:27:51","slug":"diego-velazquez-peintre","status":"publish","type":"post","link":"https:\/\/masterful-artists.com\/fr\/diego-velazquez-peintre\/","title":{"rendered":"Diego Vel\u00e1zquez : peintre des chefs-d'\u0153uvre du Si\u00e8cle d'or espagnol"},"content":{"rendered":"<style>.kt-sc7472_4c9a31-81 .kt-sc-imgcol, .kt-sc7472_4c9a31-81 .kt-sc-textcol{min-height:450px;}.kt-sc7472_4c9a31-81 .kt-sc-imgcol{background-size:cover;background-image:url(https:\/\/masterful-artists.com\/wp-content\/uploads\/2025\/03\/Diego_Velazquez_Autorretrato_45_x_38_cm_-_Coleccion_Real_Academia_de_Bellas_Artes_de_San_Carlos_-_Museo_de_Bellas_Artes_de_Valencia-e1741701537211.jpg);}.kt-sc7472_4c9a31-81 .kt-sc-textcol{padding-top:24px;padding-right:24px;padding-bottom:24px;padding-left:24px;margin-top:0px;margin-right:0px;margin-bottom:0px;margin-left:0px;}@media all and (max-width: 767px){.kt-sc7472_4c9a31-81 .kt-sc-imgcol, .kt-sc7472_4c9a31-81 .kt-sc-textcol{min-height:450px;}}<\/style>\n<div class=\"alignwide kt-sc7472_4c9a31-81 wp-block-kadence-splitcontent\"><div class=\"kt-split-content-wrap kt-sc-media-side-right\" style=\"grid-template-columns:auto 50%\"><div class=\"kt-sc-imgcol kt-sc-imgcol-bg-cover kt-sc-img-side-right\"><\/div><div class=\"kt-sc-textcol kt-sc-text-valign-center kt-sc-text-halign-left\" style=\"box-shadow:20px 15px 25px -8px rgba(0, 0, 0, 0.2)\"><div class=\"kt-sc-innter-col\">\n<p>Naissance : 6 juin 1599, S\u00e9ville, Espagne<\/p>\n\n\n\n<p>D\u00e9c\u00e8s : 6 ao\u00fbt 1660, Madrid, Espagne<\/p>\n\n\n\n<p>Mouvement artistique : Baroque<\/p>\n\n\n\n<p style=\"font-size:19px\">Nationalit\u00e9 : Espagnole<\/p>\n\n\n\n<p>Enseignant : Francisco de Herrera et Francisco Pacheco<\/p>\n<\/div><\/div><\/div><\/div>\n\n\n\n<p class=\"has-text-align-right has-small-font-size\"><em><sub>Diego Vel\u00e1zquez : peintre des chefs-d'\u0153uvre du Si\u00e8cle d'or espagnol<\/sub><\/em><\/p>\n\n\n<style>.kb-table-of-content-nav.kb-table-of-content-id7472_40cf85-06 .kb-table-of-content-wrap{padding-top:var(--global-kb-spacing-sm, 1.5rem);padding-right:var(--global-kb-spacing-sm, 1.5rem);padding-bottom:var(--global-kb-spacing-sm, 1.5rem);padding-left:var(--global-kb-spacing-sm, 1.5rem);background-color:var(--global-palette1, #3182CE);max-width:1001px;}.kb-table-of-content-nav.kb-table-of-content-id7472_40cf85-06 .kb-table-of-contents-title-wrap{padding-top:0px;padding-right:0px;padding-bottom:0px;padding-left:0px;}.kb-table-of-content-nav.kb-table-of-content-id7472_40cf85-06 .kb-table-of-contents-title-wrap{color:var(--global-palette3, #1A202C);}.kb-table-of-content-nav.kb-table-of-content-id7472_40cf85-06 .kb-table-of-contents-title{color:var(--global-palette3, #1A202C);letter-spacing:4.9px;font-weight:regular;font-style:normal;text-transform:uppercase;}.kb-table-of-content-nav.kb-table-of-content-id7472_40cf85-06 .kb-table-of-content-wrap .kb-table-of-content-list{color:var(--global-palette3, #1A202C);font-size:20px;letter-spacing:-0.1px;font-weight:bold;font-style:normal;text-transform:none;margin-top:var(--global-kb-spacing-sm, 1.5rem);margin-right:0px;margin-bottom:0px;margin-left:0px;}.kb-table-of-content-nav.kb-table-of-content-id7472_40cf85-06 .kb-table-of-content-wrap .kb-table-of-content-list .active > .kb-table-of-contents__entry{color:var(--global-palette7, #EDF2F7);}.kb-table-of-content-nav.kb-table-of-content-id7472_40cf85-06 .kb-toggle-icon-style-basiccircle .kb-table-of-contents-icon-trigger:after, .kb-table-of-content-nav.kb-table-of-content-id7472_40cf85-06 .kb-toggle-icon-style-basiccircle .kb-table-of-contents-icon-trigger:before, .kb-table-of-content-nav.kb-table-of-content-id7472_40cf85-06 .kb-toggle-icon-style-arrowcircle .kb-table-of-contents-icon-trigger:after, .kb-table-of-content-nav.kb-table-of-content-id7472_40cf85-06 .kb-toggle-icon-style-arrowcircle .kb-table-of-contents-icon-trigger:before, .kb-table-of-content-nav.kb-table-of-content-id7472_40cf85-06 .kb-toggle-icon-style-xclosecircle .kb-table-of-contents-icon-trigger:after, .kb-table-of-content-nav.kb-table-of-content-id7472_40cf85-06 .kb-toggle-icon-style-xclosecircle .kb-table-of-contents-icon-trigger:before{background-color:var(--global-palette1, #3182CE);}@media all and (max-width: 767px){.kb-table-of-content-nav.kb-table-of-content-id7472_40cf85-06 .kb-table-of-contents-title{font-size:var(--global-kb-font-size-md, 1.25rem);}.kb-table-of-content-nav.kb-table-of-content-id7472_40cf85-06 .kb-table-of-content-wrap .kb-table-of-content-list{font-size:var(--global-kb-font-size-md, 1.25rem);}}<\/style>\n\n\n<h2 class=\"wp-block-heading\">Vie et \u00e9ducation<\/h2>\n\n\n\n<p>Apr\u00e8s des d\u00e9buts modestes \u00e0 S\u00e9ville, Diego Vel\u00e1zquez est devenu l'un des peintres les plus c\u00e9l\u00e8bres d'Espagne. Son \u00e9ducation et ses exp\u00e9riences de vie ont fa\u00e7onn\u00e9 son style artistique unique qui a impressionn\u00e9 la cour royale et l'a \u00e9tabli comme un ma\u00eetre de l'art baroque espagnol.<\/p>\n\n\n\n<h3 class=\"wp-block-heading\">Premi\u00e8res ann\u00e9es \u00e0 S\u00e9ville<\/h3>\n\n\n\n<p><a href=\"https:\/\/en.wikipedia.org\/wiki\/Diego_Vel%C3%A1zquez\" rel=\"nofollow noopener\" target=\"_blank\">Diego Rodr\u00edguez de Silva y Vel\u00e1zquez<\/a> est n\u00e9 \u00e0 S\u00e9ville, en Espagne, en juin 1599, dans une famille de petite noblesse. Ses parents ont reconnu tr\u00e8s t\u00f4t son talent artistique et l'ont encourag\u00e9 \u00e0 d\u00e9velopper sa cr\u00e9ativit\u00e9.<\/p>\n\n\n\n<figure class=\"wp-block-gallery has-nested-images columns-default is-cropped wp-block-gallery-1 is-layout-flex wp-block-gallery-is-layout-flex\">\n<figure class=\"wp-block-image size-large\"><img loading=\"lazy\" decoding=\"async\" width=\"750\" height=\"435\" data-id=\"8280\" src=\"https:\/\/masterful-artists.com\/wp-content\/uploads\/2025\/03\/christ-in-the-house-of-mary-and-martha.jpgLarge-e1741701482405.jpg\" alt=\"Le Christ dans la maison de Marie et Marthe (vers 1620) de Diego Vel\u00e1zquez refl\u00e8te l&#039;exploration par Vel\u00e1zquez de th\u00e8mes religieux \u00e0 travers une approche de peinture de genre.\" class=\"wp-image-8280\" srcset=\"https:\/\/masterful-artists.com\/wp-content\/uploads\/2025\/03\/christ-in-the-house-of-mary-and-martha.jpgLarge-e1741701482405.jpg 750w, https:\/\/masterful-artists.com\/wp-content\/uploads\/2025\/03\/christ-in-the-house-of-mary-and-martha.jpgLarge-e1741701482405-300x174.jpg 300w\" sizes=\"auto, (max-width: 750px) 100vw, 750px\" \/><\/figure>\n<\/figure>\n\n\n\n<p class=\"has-text-align-center\"><em><sub>Le Christ dans la maison de Marie et Marthe (vers 1620) par Diego Vel\u00e1zquez<\/sub><\/em><\/p>\n\n\n\n<p>\u00c0 cette \u00e9poque, S\u00e9ville \u00e9tait un riche centre commercial et la porte d'entr\u00e9e de l'Espagne vers le Nouveau Monde. L'atmosph\u00e8re vibrante de la ville a expos\u00e9 le jeune Vel\u00e1zquez \u00e0 diverses influences culturelles.<\/p>\n\n\n\n<p>\u00c0 l'\u00e2ge de 11 ans, Vel\u00e1zquez commence une formation artistique formelle. La riche tradition artistique de S\u00e9ville constituait un environnement id\u00e9al pour un peintre en herbe.<\/p>\n\n\n\n<p>Les \u00e9glises, les monast\u00e8res et les riches marchands de la ville lui offrent de nombreuses occasions d'admirer des \u0153uvres d'art impressionnantes qui influenceront son style naissant.<\/p>\n\n\n\n<h3 class=\"wp-block-heading\">Mentors influents et apprentissage<\/h3>\n\n\n\n<p>Vel\u00e1zquez a d'abord \u00e9t\u00e9 l'apprenti de Francisco de Herrera, un peintre dur mais techniquement comp\u00e9tent, connu pour ses coups de pinceau audacieux. Ce bref apprentissage n'a dur\u00e9 qu'un an avant que Vel\u00e1zquez ne cherche un professeur plus agr\u00e9able.<\/p>\n\n\n\n<p>En 1611, il rejoint l'atelier de Francisco Pacheco, un artiste et th\u00e9oricien respect\u00e9 de S\u00e9ville. L'atelier de Pacheco devient le v\u00e9ritable foyer artistique de Vel\u00e1zquez pendant les cinq ann\u00e9es suivantes.<\/p>\n\n\n\n<p>Sous la direction de Pacheco, Vel\u00e1zquez ma\u00eetrise les techniques de peinture traditionnelles et \u00e9tudie la th\u00e9orie de l'art. Pacheco reconna\u00eet le talent exceptionnel de son \u00e9l\u00e8ve et finit par l'accueillir dans sa famille en permettant \u00e0 Vel\u00e1zquez d'\u00e9pouser sa fille, Juana, en 1618.<\/p>\n\n\n\n<p>Ce lien avec Pacheco a permis \u00e0 Vel\u00e1zquez de nouer des relations sociales pr\u00e9cieuses et de b\u00e9n\u00e9ficier d'une stimulation intellectuelle qui s'est av\u00e9r\u00e9e cruciale pour l'avancement de sa carri\u00e8re.<\/p>\n\n\n\n<h3 class=\"wp-block-heading\">D\u00e9m\u00e9nagement \u00e0 Madrid et nomination au tribunal<\/h3>\n\n\n\n<p>En 1622, Vel\u00e1zquez se rend pour la premi\u00e8re fois \u00e0 Madrid, la capitale de l'Espagne, \u00e0 la recherche de meilleures opportunit\u00e9s. Bien qu'il n'ait pas r\u00e9ussi dans un premier temps \u00e0 obtenir le patronage royal, il revient en 1623 avec des recommandations plus solides.<\/p>\n\n\n\n<figure class=\"wp-block-gallery has-nested-images columns-default is-cropped wp-block-gallery-2 is-layout-flex wp-block-gallery-is-layout-flex\">\n<figure class=\"wp-block-image size-large\"><img loading=\"lazy\" decoding=\"async\" width=\"800\" height=\"584\" data-id=\"8284\" src=\"https:\/\/masterful-artists.com\/wp-content\/uploads\/2025\/03\/800px-Velazquez_-_El_Triunfo_de_Baco_o_Los_Borrachos_Museo_del_Prado_1628-29-e1741701432738.jpg\" alt=\"Le Triomphe de Bacchus\/Les Ivrognes (1629) refl\u00e8te le contraste entre la mythologie et la r\u00e9alit\u00e9\" class=\"wp-image-8284\" srcset=\"https:\/\/masterful-artists.com\/wp-content\/uploads\/2025\/03\/800px-Velazquez_-_El_Triunfo_de_Baco_o_Los_Borrachos_Museo_del_Prado_1628-29-e1741701432738.jpg 800w, https:\/\/masterful-artists.com\/wp-content\/uploads\/2025\/03\/800px-Velazquez_-_El_Triunfo_de_Baco_o_Los_Borrachos_Museo_del_Prado_1628-29-e1741701432738-300x219.jpg 300w, https:\/\/masterful-artists.com\/wp-content\/uploads\/2025\/03\/800px-Velazquez_-_El_Triunfo_de_Baco_o_Los_Borrachos_Museo_del_Prado_1628-29-e1741701432738-768x561.jpg 768w\" sizes=\"auto, (max-width: 800px) 100vw, 800px\" \/><\/figure>\n<\/figure>\n\n\n\n<p class=\"has-text-align-center\"><em><sub>Le triomphe de Bacchus\/Les ivrognes (1629)<\/sub><\/em><\/p>\n\n\n\n<p>Sa perc\u00e9e se produit lorsqu'il peint un portrait du roi Philippe IV qui impressionne le jeune monarque. Le roi est tellement satisfait qu'il d\u00e9clare que personne d'autre ne le peindra dor\u00e9navant.<\/p>\n\n\n\n<p>Vel\u00e1zquez est officiellement nomm\u00e9 <a href=\"https:\/\/masterful-artists.com\/fr\/carlo-maratta-peintre-baroque\/\">peintre judiciaire<\/a> en 1623, un poste prestigieux qui offrait une s\u00e9curit\u00e9 financi\u00e8re et un acc\u00e8s aux collections d'art royales. Cette nomination marque le d\u00e9but d'une relation \u00e0 vie avec Philippe IV.<\/p>\n\n\n\n<p>\u00c0 la cour, Vel\u00e1zquez b\u00e9n\u00e9ficie de privil\u00e8ges particuliers et d'un salaire mensuel. Sa nouvelle position lui permet de d\u00e9velopper son style distinctif tout en \u00e9tudiant les collections royales contenant des \u0153uvres de Titien et de Rubens.<\/p>\n\n\n\n<h2 class=\"wp-block-heading\">\u0152uvres de ma\u00eetres et style artistique<\/h2>\n\n\n\n<p>Diego Vel\u00e1zquez a cr\u00e9\u00e9 des peintures r\u00e9volutionnaires qui ont chang\u00e9 le cours de l'art occidental gr\u00e2ce \u00e0 son style r\u00e9aliste, <a href=\"https:\/\/masterful-artists.com\/fr\/frans-hals-peintre-hollandais-age-dor-baroque\/\">une technique ma\u00eetris\u00e9e<\/a>L'\u0153uvre de l'artiste se caract\u00e9rise par une grande vari\u00e9t\u00e9 de couleurs, de formes et de compositions novatrices. Son travail t\u00e9moigne d'une extraordinaire habilet\u00e9 \u00e0 repr\u00e9senter des figures humaines et \u00e0 capter la lumi\u00e8re.<\/p>\n\n\n\n<h3 class=\"wp-block-heading\">Les traits caract\u00e9ristiques du style de Vel\u00e1zquez<\/h3>\n\n\n\n<p>Vel\u00e1zquez a d\u00e9velopp\u00e9 une <a href=\"https:\/\/masterful-artists.com\/fr\/pietro-da-cortona-peintre-baroque\/\">Style baroque<\/a> caract\u00e9ris\u00e9 par <a href=\"https:\/\/masterful-artists.com\/fr\/le-realisme-dans-lart\/\">r\u00e9alisme naturaliste<\/a> et une utilisation exceptionnelle de la lumi\u00e8re.<\/p>\n\n\n\n<figure class=\"wp-block-gallery has-nested-images columns-default is-cropped wp-block-gallery-3 is-layout-flex wp-block-gallery-is-layout-flex\">\n<figure class=\"wp-block-image size-large\"><img loading=\"lazy\" decoding=\"async\" width=\"750\" height=\"366\" data-id=\"8281\" src=\"https:\/\/masterful-artists.com\/wp-content\/uploads\/2025\/03\/w1500-vel-zquez-kitchen-maid.jpgLarge-e1741701493523.jpg\" alt=\"La sc\u00e8ne de cuisine avec le repas \u00e0 Emma\u00fcs (1618) de Diego Vel\u00e1zquez met en \u00e9vidence le contraste entre le divin et l&#039;ordinaire. \" class=\"wp-image-8281\" srcset=\"https:\/\/masterful-artists.com\/wp-content\/uploads\/2025\/03\/w1500-vel-zquez-kitchen-maid.jpgLarge-e1741701493523.jpg 750w, https:\/\/masterful-artists.com\/wp-content\/uploads\/2025\/03\/w1500-vel-zquez-kitchen-maid.jpgLarge-e1741701493523-300x146.jpg 300w\" sizes=\"auto, (max-width: 750px) 100vw, 750px\" \/><\/figure>\n<\/figure>\n\n\n\n<p class=\"has-text-align-center\"><em><sub>Sc\u00e8ne de cuisine avec le repas \u00e0 Emma\u00fcs (1618) par Diego Vel\u00e1zquez<\/sub><\/em><\/p>\n\n\n\n<p>Il peignait avec des coups de pinceau amples et assur\u00e9s qui donnaient \u00e0 ses sujets une pr\u00e9sence r\u00e9aliste. Contrairement \u00e0 de nombreux contemporains, Vel\u00e1zquez s'est concentr\u00e9 sur des portraits honn\u00eates plut\u00f4t que sur des images id\u00e9alis\u00e9es.<\/p>\n\n\n\n<p>Son utilisation de la perspective et de la disposition spatiale est r\u00e9volutionnaire. Les peintures pr\u00e9sentent souvent plusieurs plans spatiaux, cr\u00e9ant ainsi de la profondeur et de la dimension.<\/p>\n\n\n\n<p>La palette de couleurs de l'artiste \u00e9tait g\u00e9n\u00e9ralement sobre, utilisant des tons sourds ponctu\u00e9s d'accents lumineux occasionnels.<\/p>\n\n\n\n<p>Vel\u00e1zquez a incorpor\u00e9 des \u00e9l\u00e9ments de l'art italien tout en conservant son identit\u00e9 espagnole. Ses \u0153uvres de la maturit\u00e9 font preuve d'une remarquable perspicacit\u00e9 psychologique, capturant l'essence de ses sujets au-del\u00e0 de la simple apparence physique.<\/p>\n\n\n\n<h3 class=\"wp-block-heading\">Peintures remarquables<\/h3>\n\n\n\n<p>\"Las Meninas\" (1656) est le chef-d'\u0153uvre le plus c\u00e9l\u00e8bre de Vel\u00e1zquez. Cette peinture complexe, conserv\u00e9e au mus\u00e9e du Prado, repr\u00e9sente la famille royale espagnole et l'artiste lui-m\u00eame \u00e0 son chevalet. Son utilisation innovante des miroirs, de la perspective et de l'espace continue de fasciner les historiens de l'art.<\/p>\n\n\n\n<figure class=\"wp-block-gallery has-nested-images columns-default is-cropped wp-block-gallery-4 is-layout-flex wp-block-gallery-is-layout-flex\">\n<figure class=\"wp-block-image size-large\"><img loading=\"lazy\" decoding=\"async\" width=\"800\" height=\"921\" data-id=\"8285\" src=\"https:\/\/masterful-artists.com\/wp-content\/uploads\/2025\/03\/Las_Meninas_by_Diego_Velazquez_from_Prado_in_Google_Earth-e1741701444838.jpg\" alt=\"Las Meninas (1656) - Diego Vel\u00e1zquez refl\u00e8te les complexit\u00e9s de la perception, de la r\u00e9alit\u00e9 et de la repr\u00e9sentation artistique. \" class=\"wp-image-8285\" srcset=\"https:\/\/masterful-artists.com\/wp-content\/uploads\/2025\/03\/Las_Meninas_by_Diego_Velazquez_from_Prado_in_Google_Earth-e1741701444838.jpg 800w, https:\/\/masterful-artists.com\/wp-content\/uploads\/2025\/03\/Las_Meninas_by_Diego_Velazquez_from_Prado_in_Google_Earth-e1741701444838-261x300.jpg 261w, https:\/\/masterful-artists.com\/wp-content\/uploads\/2025\/03\/Las_Meninas_by_Diego_Velazquez_from_Prado_in_Google_Earth-e1741701444838-768x884.jpg 768w\" sizes=\"auto, (max-width: 800px) 100vw, 800px\" \/><figcaption class=\"wp-element-caption\"><em>Les M\u00e9nines (1656) - Diego Vel\u00e1zquez<\/em><\/figcaption><\/figure>\n\n\n\n<figure class=\"wp-block-image size-large\"><img loading=\"lazy\" decoding=\"async\" width=\"800\" height=\"1008\" data-id=\"8283\" src=\"https:\/\/masterful-artists.com\/wp-content\/uploads\/2025\/03\/Retrato_del_Papa_Inocencio_X._Roma_by_Diego_Velazquez-e1741701526134.jpg\" alt=\"Le Portrait du pape Innocent X (1650) est un portrait psychologique et r\u00e9aliste du pouvoir et de l&#039;humanit\u00e9.\" class=\"wp-image-8283\" srcset=\"https:\/\/masterful-artists.com\/wp-content\/uploads\/2025\/03\/Retrato_del_Papa_Inocencio_X._Roma_by_Diego_Velazquez-e1741701526134.jpg 800w, https:\/\/masterful-artists.com\/wp-content\/uploads\/2025\/03\/Retrato_del_Papa_Inocencio_X._Roma_by_Diego_Velazquez-e1741701526134-238x300.jpg 238w, https:\/\/masterful-artists.com\/wp-content\/uploads\/2025\/03\/Retrato_del_Papa_Inocencio_X._Roma_by_Diego_Velazquez-e1741701526134-768x968.jpg 768w\" sizes=\"auto, (max-width: 800px) 100vw, 800px\" \/><figcaption class=\"wp-element-caption\"><em>Portrait du pape Innocent X (1650)<\/em><\/figcaption><\/figure>\n<\/figure>\n\n\n\n<p>\"Le Triomphe de Bacchus (1628-1629) t\u00e9moigne de sa ma\u00eetrise pr\u00e9coce des sc\u00e8nes de groupe, avec une attention remarquable pour l'expression humaine. Le tableau repr\u00e9sente des gens ordinaires f\u00eatant avec le dieu du vin.<\/p>\n\n\n\n<p>Son \"Portrait du pape Innocent X\" (1650) d\u00e9montre sa capacit\u00e9 in\u00e9gal\u00e9e \u00e0 saisir le caract\u00e8re humain. Le pape l'aurait d\u00e9clar\u00e9 \"trop v\u00e9ridique\" apr\u00e8s l'avoir vu.<\/p>\n\n\n\n<p>\"V\u00e9nus \u00e0 son miroir\" (1647-1651) rompt avec la tradition en \u00e9tant le premier nu espagnol, montrant la volont\u00e9 de V\u00e9lasquez de d\u00e9fier les conventions artistiques.<\/p>\n\n\n\n<h3 class=\"wp-block-heading\">Technique et influence sur l'art<\/h3>\n\n\n\n<p>Vel\u00e1zquez travaillait principalement \u00e0 l'huile sur toile, d\u00e9veloppant des techniques qui allaient influencer des g\u00e9n\u00e9rations d'artistes. Il appliquait la peinture avec une \u00e9paisseur variable, cr\u00e9ant des contrastes de texture qui renfor\u00e7aient l'impact visuel.<\/p>\n\n\n\n<p>Son approche de la lumi\u00e8re \u00e9tait r\u00e9volutionnaire. Il a saisi l'influence de la lumi\u00e8re sur les couleurs et les formes avec une pr\u00e9cision sans pr\u00e9c\u00e9dent.<\/p>\n\n\n\n<p>Cette ma\u00eetrise de la lumi\u00e8re et de l'ombre a cr\u00e9\u00e9 une atmosph\u00e8re dans ses peintures qui est remarquablement moderne.<\/p>\n\n\n\n<p>Les peintres impressionnistes du XIXe si\u00e8cle se sont largement inspir\u00e9s du travail de Vel\u00e1zquez, de ses coups de pinceau libres et de ses effets atmosph\u00e9riques. Des artistes comme \u00c9douard Manet ont beaucoup \u00e9tudi\u00e9 ses techniques.<\/p>\n\n\n\n<p>Son exploration des th\u00e8mes li\u00e9s \u00e0 la vie de cour espagnole, \u00e0 la mythologie et aux sujets religieux a toujours conserv\u00e9 une humanit\u00e9 distinctive. M\u00eame lorsqu'il peint des membres de la famille royale, Vel\u00e1zquez transmet leur humanit\u00e9 essentielle en m\u00eame temps que leur statut.<\/p>\n\n\n\n<h2 class=\"wp-block-heading\">H\u00e9ritage et impact sur l'histoire de l'art<\/h2>\n\n\n\n<p>L'influence de Diego Vel\u00e1zquez s'\u00e9tend bien au-del\u00e0 de sa vie, fa\u00e7onnant le d\u00e9veloppement de l'art occidental. Son g\u00e9nie technique et sa perspicacit\u00e9 psychologique ont cr\u00e9\u00e9 un h\u00e9ritage durable qui continue d'inspirer les artistes et de captiver le public dans le monde entier.<\/p>\n\n\n\n<h3 class=\"wp-block-heading\">Comm\u00e9moration et mus\u00e9es<\/h3>\n\n\n\n<p>Le mus\u00e9e du Prado \u00e0 Madrid abrite la plus grande collection de peintures de Vel\u00e1zquez au monde. Cette institution prestigieuse expose des chefs-d'\u0153uvre tels que \"Las Meninas\" et \"La reddition de Breda\" dans des galeries d\u00e9di\u00e9es qui attirent des milliers de visiteurs chaque ann\u00e9e.<\/p>\n\n\n\n<figure class=\"wp-block-gallery has-nested-images columns-default is-cropped wp-block-gallery-5 is-layout-flex wp-block-gallery-is-layout-flex\">\n<figure class=\"wp-block-image size-large\"><img loading=\"lazy\" decoding=\"async\" width=\"800\" height=\"660\" data-id=\"8282\" src=\"https:\/\/masterful-artists.com\/wp-content\/uploads\/2025\/03\/Velazquez-The_Surrender_of_Breda-e1741701508533.jpg\" alt=\"La Reddition de Breda (1634-35) est une repr\u00e9sentation digne et humanis\u00e9e de la guerre et de la diplomatie.\" class=\"wp-image-8282\" srcset=\"https:\/\/masterful-artists.com\/wp-content\/uploads\/2025\/03\/Velazquez-The_Surrender_of_Breda-e1741701508533.jpg 800w, https:\/\/masterful-artists.com\/wp-content\/uploads\/2025\/03\/Velazquez-The_Surrender_of_Breda-e1741701508533-300x248.jpg 300w, https:\/\/masterful-artists.com\/wp-content\/uploads\/2025\/03\/Velazquez-The_Surrender_of_Breda-e1741701508533-768x634.jpg 768w\" sizes=\"auto, (max-width: 800px) 100vw, 800px\" \/><\/figure>\n<\/figure>\n\n\n\n<p class=\"has-text-align-center\"><em><sub>La reddition de Breda (1634-35) par Diego Vel\u00e1zquez<\/sub><\/em><\/p>\n\n\n\n<p>L'Espagne honore Vel\u00e1zquez \u00e0 travers de nombreux monuments, dont une statue \u00e9minente \u00e0 l'ext\u00e9rieur du Prado. Son image figure sur la monnaie et les timbres espagnols, consolidant ainsi son statut d'ic\u00f4ne nationale.<\/p>\n\n\n\n<p>Plusieurs de ses \u0153uvres, dont \"L'Immacul\u00e9e Conception\" et \"Les Fileuses\", sont consid\u00e9r\u00e9es comme des \"\u0153uvres d'art\". <a href=\"https:\/\/masterful-artists.com\/fr\/bartolome-bermejo-peintre-art-gothique\/\">tr\u00e9sors nationaux<\/a> avec des protections strictes contre l'exportation ou la vente. Les mus\u00e9es de Londres, Vienne et New York sont \u00e9galement fiers de pr\u00e9senter des \u0153uvres importantes de Vel\u00e1zquez dans leurs collections permanentes.<\/p>\n\n\n\n<h3 class=\"wp-block-heading\">Influence sur les artistes et les mouvements ult\u00e9rieurs<\/h3>\n\n\n\n<p>Le style naturaliste et les techniques novatrices de Vel\u00e1zquez ont influenc\u00e9 des g\u00e9n\u00e9rations de peintres. <strong>\u00c9douard Manet<\/strong> l'a appel\u00e9 \"le peintre des peintres\" et a beaucoup \u00e9tudi\u00e9 son travail au pinceau.<\/p>\n\n\n\n<p>Les impressionnistes admirent son style de peinture libre et spontan\u00e9 et ses effets atmosph\u00e9riques. Des artistes comme John Singer Sargent et James McNeill Whistler s'inspirent directement de ses portraits.<\/p>\n\n\n\n<p>Pablo Picasso a cr\u00e9\u00e9 plus de 40 variations de \"Las Meninas\" de Vel\u00e1zquez, d\u00e9montrant ainsi la pertinence durable du ma\u00eetre espagnol. Peter Paul Rubens, bien que contemporain, a reconnu le g\u00e9nie de Vel\u00e1zquez lors de leur rencontre \u00e0 la cour d'Espagne.<\/p>\n\n\n\n<p>Francisco Goya, un autre ma\u00eetre espagnol, a \u00e9tudi\u00e9 les portraits royaux de Vel\u00e1zquez alors qu'il \u00e9tait au service du roi Charles IV, et a adopt\u00e9 une profondeur psychologique similaire dans son propre travail.<\/p>\n\n\n\n<h3 class=\"wp-block-heading\">Vel\u00e1zquez dans la culture populaire<\/h3>\n\n\n\n<p>Des films et des documentaires explorent fr\u00e9quemment la vie et l'\u0153uvre de Vel\u00e1zquez. Les films \"The Vanishing Vel\u00e1zquez\" (2016) et \"The Art of Spain\" (BBC) ont fait conna\u00eetre son g\u00e9nie au grand public.<\/p>\n\n\n\n<figure class=\"wp-block-gallery has-nested-images columns-default is-cropped wp-block-gallery-6 is-layout-flex wp-block-gallery-is-layout-flex\">\n<figure class=\"wp-block-image size-large\"><img loading=\"lazy\" decoding=\"async\" width=\"750\" height=\"476\" data-id=\"8278\" src=\"https:\/\/masterful-artists.com\/wp-content\/uploads\/2025\/03\/wmr-aph-n070556-001.jpgLarge-e1741701457809.jpg\" alt=\"Deux jeunes gens mangeant \u00e0 une humble table (vers 1622) t\u00e9moigne de la ma\u00eetrise pr\u00e9coce du r\u00e9alisme et de la peinture de genre par Vel\u00e1zquez.\" class=\"wp-image-8278\" srcset=\"https:\/\/masterful-artists.com\/wp-content\/uploads\/2025\/03\/wmr-aph-n070556-001.jpgLarge-e1741701457809.jpg 750w, https:\/\/masterful-artists.com\/wp-content\/uploads\/2025\/03\/wmr-aph-n070556-001.jpgLarge-e1741701457809-300x190.jpg 300w\" sizes=\"auto, (max-width: 750px) 100vw, 750px\" \/><\/figure>\n<\/figure>\n\n\n\n<p class=\"has-text-align-center\"><em><sub>Deux jeunes gens mangeant \u00e0 une humble table (vers 1622) par Diego Vel\u00e1zquez<\/sub><\/em><\/p>\n\n\n\n<p>Son chef-d'\u0153uvre \"Las Meninas\" appara\u00eet dans la litt\u00e9rature, notamment dans les r\u00e9cits de Jorge Luis Borges et d'Antonio Mu\u00f1oz Molina. La perspective complexe et les implications philosophiques du tableau continuent d'inspirer les \u00e9crivains.<\/p>\n\n\n\n<p>Les r\u00e9f\u00e9rences \u00e0 la culture populaire incluent des apparitions dans des jeux vid\u00e9o tels que \"Civilization\" et \"Assassin's Creed\". Les portraits du roi Philippe IV d'Espagne r\u00e9alis\u00e9s par Vel\u00e1zquez sont largement reproduits dans les manuels d'histoire et les publications universitaires.<\/p>\n\n\n\n<p>Les artistes modernes continuent de faire r\u00e9f\u00e9rence \u00e0 ses \u0153uvres et de les r\u00e9interpr\u00e9ter par le biais de la photographie, de l'art num\u00e9rique et de l'installation, ce qui d\u00e9montre l'influence constante de l'artiste sur tous les supports artistiques.<\/p>\n\n\n\n<h2 class=\"wp-block-heading\">Questions fr\u00e9quemment pos\u00e9es<\/h2>\n\n\n\n<p>Diego Vel\u00e1zquez a laiss\u00e9 un h\u00e9ritage remarquable dans le monde de l'art gr\u00e2ce \u00e0 ses techniques innovantes et \u00e0 ses compositions puissantes. Son influence s'\u00e9tend sur plusieurs si\u00e8cles et touche \u00e0 de nombreux aspects des traditions picturales occidentales.<\/p>\n\n\n\n<h3 class=\"wp-block-heading\">Quelles sont les \u0153uvres les plus c\u00e9l\u00e8bres de Diego Vel\u00e1zquez ?<\/h3>\n\n\n\n<p>\"Las Meninas\" (Les Dames d'honneur) est le chef-d'\u0153uvre le plus c\u00e9l\u00e8bre de Vel\u00e1zquez. Cette composition complexe repr\u00e9sente la famille royale espagnole et l'artiste lui-m\u00eame dans un arrangement novateur de l'espace et de la perspective.<\/p>\n\n\n\n<p>\"La capitulation de Breda\" saisit un moment historique avec une humanit\u00e9 remarquable, en montrant le respect entre le vainqueur et le vaincu plut\u00f4t qu'en glorifiant la guerre.<\/p>\n\n\n\n<p>Son portrait du pape Innocent X \u00e9tait si frappant que le pontife aurait d\u00e9clar\u00e9 qu'il \u00e9tait \"trop vrai\". Les tons rouges audacieux et la perspicacit\u00e9 psychologique p\u00e9n\u00e9trante de ce portrait l'ont rendu influent pendant des si\u00e8cles.<\/p>\n\n\n\n<p>La \"V\u00e9nus de Rokeby\" reste son tableau de nu le plus c\u00e9l\u00e8bre, remarquable pour son traitement subtil des formes et sa composition inhabituelle en miroir.<\/p>\n\n\n\n<h3 class=\"wp-block-heading\">Comment Diego Vel\u00e1zquez a-t-il influenc\u00e9 le d\u00e9veloppement de l'art occidental ?<\/h3>\n\n\n\n<p>Vel\u00e1zquez a \u00e9t\u00e9 le pionnier d'une technique de pinceau l\u00e2che et expressive qui a influenc\u00e9 des mouvements ult\u00e9rieurs comme l'impressionnisme. Son approche privil\u00e9gie l'effet d'optique au d\u00e9triment du d\u00e9tail.<\/p>\n\n\n\n<p>La profondeur psychologique de ses portraits a \u00e9tabli de nouvelles normes pour saisir le caract\u00e8re humain. Les artistes, de Goya \u00e0 Francis Bacon, ont qualifi\u00e9 sa vision p\u00e9n\u00e9trante de transformatrice.<\/p>\n\n\n\n<p>Les compositions exp\u00e9rimentales de Vel\u00e1zquez remettent en question les arrangements spatiaux traditionnels. Son utilisation complexe de miroirs, de points de vue multiples et de peintures dans la peinture a anticip\u00e9 les concepts postmodernes des si\u00e8cles avant l'heure.<\/p>\n\n\n\n<h3 class=\"wp-block-heading\">Quelles sont les techniques utilis\u00e9es par Vel\u00e1zquez dans ses portraits ?<\/h3>\n\n\n\n<p>Vel\u00e1zquez ma\u00eetrisait ce que les sp\u00e9cialistes appellent \"le coup de pinceau qui s'\u00e9vanouit\", c'est-\u00e0-dire la peinture appliqu\u00e9e avec tant d'habilet\u00e9 que les marques individuelles disparaissent lorsqu'on les regarde \u00e0 une distance normale.<\/p>\n\n\n\n<p>Il a utilis\u00e9 la mise au point s\u00e9lective, rendant certaines zones avec des d\u00e9tails pr\u00e9cis tout en en laissant d'autres d\u00e9lib\u00e9r\u00e9ment plus l\u00e2ches. Cela cr\u00e9e une impression de profondeur atmosph\u00e9rique qui donne \u00e0 ses sujets un aspect v\u00e9ritablement tridimensionnel.<\/p>\n\n\n\n<p>Sa palette de couleurs \u00e9tait relativement sobre par rapport \u00e0 ses contemporains, privil\u00e9giant des tons de terre et des gris subtils qui donnaient une impression de lumi\u00e8re naturelle et d'atmosph\u00e8re.<\/p>\n\n\n\n<h3 class=\"wp-block-heading\">Comment la vie et la formation de Vel\u00e1zquez ont-elles influenc\u00e9 son style artistique ?<\/h3>\n\n\n\n<p>Vel\u00e1zquez a \u00e9t\u00e9 l'apprenti de Francisco Pacheco \u00e0 S\u00e9ville, o\u00f9 il a appris les techniques traditionnelles et les pratiques de dessin rigoureuses. Cette formation formelle a jet\u00e9 les bases de ses innovations ult\u00e9rieures.<\/p>\n\n\n\n<p>Son exposition pr\u00e9coce \u00e0 la peinture naturaliste s\u00e9villane a influenc\u00e9 son engagement \u00e0 vie pour l'observation plut\u00f4t que l'id\u00e9alisation.<\/p>\n\n\n\n<p>Son \u00e9tude des ma\u00eetres italiens et flamands lors de voyages \u00e0 l'\u00e9tranger parrain\u00e9s par la royaut\u00e9 a \u00e9largi sa palette stylistique. Ces voyages lui ont permis de d\u00e9couvrir des \u0153uvres du Titien, de Rubens et d'autres peintres influents.<\/p>\n\n\n\n<h3 class=\"wp-block-heading\">De quelle mani\u00e8re Vel\u00e1zquez a-t-il contribu\u00e9 \u00e0 l'\u00e2ge d'or de la peinture espagnole ?<\/h3>\n\n\n\n<p>Vel\u00e1zquez \u00e9lev\u00e9 <a href=\"https:\/\/masterful-artists.com\/fr\/jan-van-eyck-peintre-renaissance-flamand\/\">Portrait de la cour d'Espagne<\/a> \u00e0 des sommets artistiques sans pr\u00e9c\u00e9dent. Ses portraits royaux \u00e9quilibrent la dignit\u00e9 formelle et la perspicacit\u00e9 psychologique d'une mani\u00e8re qui a transform\u00e9 le genre.<\/p>\n\n\n\n<p>Il a repr\u00e9sent\u00e9 les gens du peuple et les groupes marginalis\u00e9s avec la m\u00eame dignit\u00e9 que la royaut\u00e9. Des \u0153uvres comme \"Le vendeur d'eau de S\u00e9ville\" conf\u00e8rent de la noblesse \u00e0 des sujets quotidiens.<\/p>\n\n\n\n<p>Ses innovations techniques dans le domaine du pinceau et de la composition ont cr\u00e9\u00e9 une approche de la peinture typiquement espagnole qui a influenc\u00e9 des g\u00e9n\u00e9rations d'artistes dans son pays d'origine.<\/p>\n\n\n\n<h3 class=\"wp-block-heading\">Quel r\u00f4le Diego Vel\u00e1zquez a-t-il jou\u00e9 \u00e0 la cour du roi Philippe IV d'Espagne ?<\/h3>\n\n\n\n<p>Vel\u00e1zquez a \u00e9t\u00e9 le principal peintre de la cour de Philippe IV pendant pr\u00e8s de quatre d\u00e9cennies. Cela lui a permis de jouir d'une libert\u00e9 artistique rare \u00e0 l'\u00e9poque.<\/p>\n\n\n\n<p>Au-del\u00e0 de ses fonctions artistiques, Vel\u00e1zquez a occup\u00e9 d'importantes fonctions administratives. Il finit par devenir chambellan du palais, une fonction prestigieuse qui refl\u00e8te ses relations \u00e9troites avec le roi.<\/p>\n\n\n\n<p>Il \u00e9tait charg\u00e9 d'acqu\u00e9rir des chefs-d'\u0153uvre italiens pour la collection royale. Ses connaissances artistiques ont permis de constituer l'une des collections d'art les plus impressionnantes d'Europe.<\/p>\n\n\n<style>.wp-block-kadence-advancedgallery .kb-gallery-type-masonry.kb-gallery-id-7472_068aab-c8{margin:-5.5px;}.kb-gallery-type-masonry.kb-gallery-id-7472_068aab-c8 .kadence-blocks-gallery-item{padding:5.5px;}.kb-gallery-id-7472_068aab-c8 .kadence-blocks-gallery-item .kb-gal-image-radius, .kb-gallery-id-7472_068aab-c8 .kb-slide-item .kb-gal-image-radius img{border-radius:0px 0px 0px 0px;;}.kb-gallery-caption-style-bottom.kb-gallery-id-7472_068aab-c8 .kadence-blocks-gallery-item .kadence-blocks-gallery-item-inner .kadence-blocks-gallery-item__caption, .kb-gallery-caption-style-bottom-hover.kb-gallery-id-7472_068aab-c8 .kadence-blocks-gallery-item .kadence-blocks-gallery-item-inner .kadence-blocks-gallery-item__caption{background:linear-gradient(0deg, #000000 0, rgba(0, 0, 0, 0) 100%);}<\/style><div class=\"kb-gallery-wrap-id-7472_068aab-c8 alignwide alignwide wp-block-kadence-advancedgallery\"><ul class=\"kb-gallery-ul kb-gallery-non-static kb-gallery-type-masonry kb-masonry-init kb-gallery-id-7472_068aab-c8 kb-gallery-caption-style-bottom-hover kb-gallery-filter-none kb-gallery-magnific-init\" data-image-filter=\"none\" data-item-selector=\".kadence-blocks-gallery-item\" data-lightbox-caption=\"true\" data-columns-xxl=\"3\" data-columns-xl=\"3\" data-columns-md=\"3\" data-columns-sm=\"2\" data-columns-xs=\"1\" data-columns-ss=\"1\"><li class=\"kadence-blocks-gallery-item\"><div class=\"kadence-blocks-gallery-item-inner\"><figure class=\"kb-gallery-figure kb-gallery-item-has-link kadence-blocks-gallery-item-has-caption\"><a href=\"https:\/\/masterful-artists.com\/wp-content\/uploads\/2025\/03\/800px-Velazquez_-_El_Triunfo_de_Baco_o_Los_Borrachos_Museo_del_Prado_1628-29-e1741701432738.jpg\" data-description=\"The Triumph of Bacchus\/The Drunks (1629)\" class=\"kb-gallery-item-link\"   role=\"button\" aria-haspopup=\"dialog\"><div class=\"kb-gal-image-radius\" style=\"max-width:800px;\"><div class=\"kb-gallery-image-contain kadence-blocks-gallery-intrinsic\" style=\"padding-bottom:73%;\"><img loading=\"lazy\" decoding=\"async\" src=\"https:\/\/masterful-artists.com\/wp-content\/uploads\/2025\/03\/800px-Velazquez_-_El_Triunfo_de_Baco_o_Los_Borrachos_Museo_del_Prado_1628-29-e1741701432738.jpg\" width=\"800\" height=\"584\" alt=\"\" data-full-image=\"https:\/\/masterful-artists.com\/wp-content\/uploads\/2025\/03\/800px-Velazquez_-_El_Triunfo_de_Baco_o_Los_Borrachos_Museo_del_Prado_1628-29-e1741701432738.jpg\" data-light-image=\"https:\/\/masterful-artists.com\/wp-content\/uploads\/2025\/03\/800px-Velazquez_-_El_Triunfo_de_Baco_o_Los_Borrachos_Museo_del_Prado_1628-29-e1741701432738.jpg\" data-id=\"8284\" class=\"wp-image-8284\" srcset=\"https:\/\/masterful-artists.com\/wp-content\/uploads\/2025\/03\/800px-Velazquez_-_El_Triunfo_de_Baco_o_Los_Borrachos_Museo_del_Prado_1628-29-e1741701432738.jpg 800w, https:\/\/masterful-artists.com\/wp-content\/uploads\/2025\/03\/800px-Velazquez_-_El_Triunfo_de_Baco_o_Los_Borrachos_Museo_del_Prado_1628-29-e1741701432738-300x219.jpg 300w, https:\/\/masterful-artists.com\/wp-content\/uploads\/2025\/03\/800px-Velazquez_-_El_Triunfo_de_Baco_o_Los_Borrachos_Museo_del_Prado_1628-29-e1741701432738-768x561.jpg 768w\" sizes=\"auto, (max-width: 800px) 100vw, 800px\" \/><\/div><div class=\"kadence-blocks-gallery-item__caption\"><em>Le triomphe de Bacchus\/Les ivrognes (1629)<\/em><\/div><\/div><\/a><\/figure><\/div><\/li><li class=\"kadence-blocks-gallery-item\"><div class=\"kadence-blocks-gallery-item-inner\"><figure class=\"kb-gallery-figure kb-gallery-item-has-link kadence-blocks-gallery-item-has-caption\"><a href=\"https:\/\/masterful-artists.com\/wp-content\/uploads\/2025\/03\/Diego_Velazquez_Autorretrato_45_x_38_cm_-_Coleccion_Real_Academia_de_Bellas_Artes_de_San_Carlos_-_Museo_de_Bellas_Artes_de_Valencia-e1741701537211.jpg\" data-description=\"Self-portrait of Diego Vel\u00e1zquez, c.\u20091640\" data-alt=\"Self-portrait of Diego Vel\u00e1zquez, c.\u20091640\" class=\"kb-gallery-item-link\"   role=\"button\" aria-haspopup=\"dialog\"><div class=\"kb-gal-image-radius\" style=\"max-width:800px;\"><div class=\"kb-gallery-image-contain kadence-blocks-gallery-intrinsic\" style=\"padding-bottom:118%;\"><img loading=\"lazy\" decoding=\"async\" src=\"https:\/\/masterful-artists.com\/wp-content\/uploads\/2025\/03\/Diego_Velazquez_Autorretrato_45_x_38_cm_-_Coleccion_Real_Academia_de_Bellas_Artes_de_San_Carlos_-_Museo_de_Bellas_Artes_de_Valencia-e1741701537211.jpg\" width=\"800\" height=\"947\" alt=\"Autoportrait de Diego Vel\u00e1zquez, vers 1640\" data-full-image=\"https:\/\/masterful-artists.com\/wp-content\/uploads\/2025\/03\/Diego_Velazquez_Autorretrato_45_x_38_cm_-_Coleccion_Real_Academia_de_Bellas_Artes_de_San_Carlos_-_Museo_de_Bellas_Artes_de_Valencia-e1741701537211.jpg\" data-light-image=\"https:\/\/masterful-artists.com\/wp-content\/uploads\/2025\/03\/Diego_Velazquez_Autorretrato_45_x_38_cm_-_Coleccion_Real_Academia_de_Bellas_Artes_de_San_Carlos_-_Museo_de_Bellas_Artes_de_Valencia-e1741701537211.jpg\" data-id=\"8286\" class=\"wp-image-8286\" srcset=\"https:\/\/masterful-artists.com\/wp-content\/uploads\/2025\/03\/Diego_Velazquez_Autorretrato_45_x_38_cm_-_Coleccion_Real_Academia_de_Bellas_Artes_de_San_Carlos_-_Museo_de_Bellas_Artes_de_Valencia-e1741701537211.jpg 800w, https:\/\/masterful-artists.com\/wp-content\/uploads\/2025\/03\/Diego_Velazquez_Autorretrato_45_x_38_cm_-_Coleccion_Real_Academia_de_Bellas_Artes_de_San_Carlos_-_Museo_de_Bellas_Artes_de_Valencia-e1741701537211-253x300.jpg 253w, https:\/\/masterful-artists.com\/wp-content\/uploads\/2025\/03\/Diego_Velazquez_Autorretrato_45_x_38_cm_-_Coleccion_Real_Academia_de_Bellas_Artes_de_San_Carlos_-_Museo_de_Bellas_Artes_de_Valencia-e1741701537211-768x909.jpg 768w\" sizes=\"auto, (max-width: 800px) 100vw, 800px\" \/><\/div><div class=\"kadence-blocks-gallery-item__caption\"><em>Autoportrait de Diego Vel\u00e1zquez, vers 1640<\/em><\/div><\/div><\/a><\/figure><\/div><\/li><li class=\"kadence-blocks-gallery-item\"><div class=\"kadence-blocks-gallery-item-inner\"><figure class=\"kb-gallery-figure kb-gallery-item-has-link kadence-blocks-gallery-item-has-caption\"><a href=\"https:\/\/masterful-artists.com\/wp-content\/uploads\/2025\/03\/Las_Meninas_by_Diego_Velazquez_from_Prado_in_Google_Earth-e1741701444838.jpg\" data-description=\"Las Meninas (1656) \u2013 Diego Vel\u00e1zquez\" class=\"kb-gallery-item-link\"   role=\"button\" aria-haspopup=\"dialog\"><div class=\"kb-gal-image-radius\" style=\"max-width:800px;\"><div class=\"kb-gallery-image-contain kadence-blocks-gallery-intrinsic\" style=\"padding-bottom:115%;\"><img loading=\"lazy\" decoding=\"async\" src=\"https:\/\/masterful-artists.com\/wp-content\/uploads\/2025\/03\/Las_Meninas_by_Diego_Velazquez_from_Prado_in_Google_Earth-e1741701444838.jpg\" width=\"800\" height=\"921\" alt=\"\" data-full-image=\"https:\/\/masterful-artists.com\/wp-content\/uploads\/2025\/03\/Las_Meninas_by_Diego_Velazquez_from_Prado_in_Google_Earth-e1741701444838.jpg\" data-light-image=\"https:\/\/masterful-artists.com\/wp-content\/uploads\/2025\/03\/Las_Meninas_by_Diego_Velazquez_from_Prado_in_Google_Earth-e1741701444838.jpg\" data-id=\"8285\" class=\"wp-image-8285\" srcset=\"https:\/\/masterful-artists.com\/wp-content\/uploads\/2025\/03\/Las_Meninas_by_Diego_Velazquez_from_Prado_in_Google_Earth-e1741701444838.jpg 800w, https:\/\/masterful-artists.com\/wp-content\/uploads\/2025\/03\/Las_Meninas_by_Diego_Velazquez_from_Prado_in_Google_Earth-e1741701444838-261x300.jpg 261w, https:\/\/masterful-artists.com\/wp-content\/uploads\/2025\/03\/Las_Meninas_by_Diego_Velazquez_from_Prado_in_Google_Earth-e1741701444838-768x884.jpg 768w\" sizes=\"auto, (max-width: 800px) 100vw, 800px\" \/><\/div><div class=\"kadence-blocks-gallery-item__caption\"><em>Les M\u00e9nines (1656) - Diego Vel\u00e1zquez<\/em><\/div><\/div><\/a><\/figure><\/div><\/li><li class=\"kadence-blocks-gallery-item\"><div class=\"kadence-blocks-gallery-item-inner\"><figure class=\"kb-gallery-figure kb-gallery-item-has-link kadence-blocks-gallery-item-has-caption\"><a href=\"https:\/\/masterful-artists.com\/wp-content\/uploads\/2025\/03\/Retrato_del_Papa_Inocencio_X._Roma_by_Diego_Velazquez-e1741701526134.jpg\" data-description=\"Portrait of Pope Innocent X (1650)\" class=\"kb-gallery-item-link\"   role=\"button\" aria-haspopup=\"dialog\"><div class=\"kb-gal-image-radius\" style=\"max-width:800px;\"><div class=\"kb-gallery-image-contain kadence-blocks-gallery-intrinsic\" style=\"padding-bottom:126%;\"><img loading=\"lazy\" decoding=\"async\" src=\"https:\/\/masterful-artists.com\/wp-content\/uploads\/2025\/03\/Retrato_del_Papa_Inocencio_X._Roma_by_Diego_Velazquez-e1741701526134.jpg\" width=\"800\" height=\"1008\" alt=\"\" data-full-image=\"https:\/\/masterful-artists.com\/wp-content\/uploads\/2025\/03\/Retrato_del_Papa_Inocencio_X._Roma_by_Diego_Velazquez-e1741701526134.jpg\" data-light-image=\"https:\/\/masterful-artists.com\/wp-content\/uploads\/2025\/03\/Retrato_del_Papa_Inocencio_X._Roma_by_Diego_Velazquez-e1741701526134.jpg\" data-id=\"8283\" class=\"wp-image-8283\" srcset=\"https:\/\/masterful-artists.com\/wp-content\/uploads\/2025\/03\/Retrato_del_Papa_Inocencio_X._Roma_by_Diego_Velazquez-e1741701526134.jpg 800w, https:\/\/masterful-artists.com\/wp-content\/uploads\/2025\/03\/Retrato_del_Papa_Inocencio_X._Roma_by_Diego_Velazquez-e1741701526134-238x300.jpg 238w, https:\/\/masterful-artists.com\/wp-content\/uploads\/2025\/03\/Retrato_del_Papa_Inocencio_X._Roma_by_Diego_Velazquez-e1741701526134-768x968.jpg 768w\" sizes=\"auto, (max-width: 800px) 100vw, 800px\" \/><\/div><div class=\"kadence-blocks-gallery-item__caption\"><em>Portrait du pape Innocent X (1650)<\/em><\/div><\/div><\/a><\/figure><\/div><\/li><li class=\"kadence-blocks-gallery-item\"><div class=\"kadence-blocks-gallery-item-inner\"><figure class=\"kb-gallery-figure kb-gallery-item-has-link kadence-blocks-gallery-item-has-caption\"><a href=\"https:\/\/masterful-artists.com\/wp-content\/uploads\/2025\/03\/Velazquez-The_Surrender_of_Breda-e1741701508533.jpg\" data-description=\"The Surrender of Breda (1634\u201335) by Diego Vel\u00e1zquez\" class=\"kb-gallery-item-link\"   role=\"button\" aria-haspopup=\"dialog\"><div class=\"kb-gal-image-radius\" style=\"max-width:800px;\"><div class=\"kb-gallery-image-contain kadence-blocks-gallery-intrinsic\" style=\"padding-bottom:82%;\"><img loading=\"lazy\" decoding=\"async\" src=\"https:\/\/masterful-artists.com\/wp-content\/uploads\/2025\/03\/Velazquez-The_Surrender_of_Breda-e1741701508533.jpg\" width=\"800\" height=\"660\" alt=\"\" data-full-image=\"https:\/\/masterful-artists.com\/wp-content\/uploads\/2025\/03\/Velazquez-The_Surrender_of_Breda-e1741701508533.jpg\" data-light-image=\"https:\/\/masterful-artists.com\/wp-content\/uploads\/2025\/03\/Velazquez-The_Surrender_of_Breda-e1741701508533.jpg\" data-id=\"8282\" class=\"wp-image-8282\" srcset=\"https:\/\/masterful-artists.com\/wp-content\/uploads\/2025\/03\/Velazquez-The_Surrender_of_Breda-e1741701508533.jpg 800w, https:\/\/masterful-artists.com\/wp-content\/uploads\/2025\/03\/Velazquez-The_Surrender_of_Breda-e1741701508533-300x248.jpg 300w, https:\/\/masterful-artists.com\/wp-content\/uploads\/2025\/03\/Velazquez-The_Surrender_of_Breda-e1741701508533-768x634.jpg 768w\" sizes=\"auto, (max-width: 800px) 100vw, 800px\" \/><\/div><div class=\"kadence-blocks-gallery-item__caption\"><em>La reddition de Breda (1634-35) par Diego Vel\u00e1zquez<\/em><\/div><\/div><\/a><\/figure><\/div><\/li><li class=\"kadence-blocks-gallery-item\"><div class=\"kadence-blocks-gallery-item-inner\"><figure class=\"kb-gallery-figure kb-gallery-item-has-link kadence-blocks-gallery-item-has-caption\"><a href=\"https:\/\/masterful-artists.com\/wp-content\/uploads\/2025\/03\/wmr-aph-n070556-001.jpgLarge-e1741701457809.jpg\" data-description=\"Two Young Men Eating at a Humble Table (c. 1622) by Diego Vel\u00e1zquez\" class=\"kb-gallery-item-link\"   role=\"button\" aria-haspopup=\"dialog\"><div class=\"kb-gal-image-radius\" style=\"max-width:750px;\"><div class=\"kb-gallery-image-contain kadence-blocks-gallery-intrinsic\" style=\"padding-bottom:63%;\"><img loading=\"lazy\" decoding=\"async\" src=\"https:\/\/masterful-artists.com\/wp-content\/uploads\/2025\/03\/wmr-aph-n070556-001.jpgLarge-e1741701457809.jpg\" width=\"750\" height=\"476\" alt=\"\" data-full-image=\"https:\/\/masterful-artists.com\/wp-content\/uploads\/2025\/03\/wmr-aph-n070556-001.jpgLarge-e1741701457809.jpg\" data-light-image=\"https:\/\/masterful-artists.com\/wp-content\/uploads\/2025\/03\/wmr-aph-n070556-001.jpgLarge-e1741701457809.jpg\" data-id=\"8278\" class=\"wp-image-8278\" srcset=\"https:\/\/masterful-artists.com\/wp-content\/uploads\/2025\/03\/wmr-aph-n070556-001.jpgLarge-e1741701457809.jpg 750w, https:\/\/masterful-artists.com\/wp-content\/uploads\/2025\/03\/wmr-aph-n070556-001.jpgLarge-e1741701457809-300x190.jpg 300w\" sizes=\"auto, (max-width: 750px) 100vw, 750px\" \/><\/div><div class=\"kadence-blocks-gallery-item__caption\"><em>Deux jeunes gens mangeant \u00e0 une humble table (vers 1622) par Diego Vel\u00e1zquez<\/em><\/div><\/div><\/a><\/figure><\/div><\/li><li class=\"kadence-blocks-gallery-item\"><div class=\"kadence-blocks-gallery-item-inner\"><figure class=\"kb-gallery-figure kb-gallery-item-has-link kadence-blocks-gallery-item-has-caption\"><a href=\"https:\/\/masterful-artists.com\/wp-content\/uploads\/2025\/03\/mercury-and-argus.jpgLarge-e1741701468487.jpg\" data-description=\"Mercury and Argus (c. 1659) by Diego Vel\u00e1zquez\" data-alt=\"Mercury and Argus (c. 1659) by Diego Vel\u00e1zquez\" class=\"kb-gallery-item-link\"   role=\"button\" aria-haspopup=\"dialog\"><div class=\"kb-gal-image-radius\" style=\"max-width:750px;\"><div class=\"kb-gallery-image-contain kadence-blocks-gallery-intrinsic\" style=\"padding-bottom:42%;\"><img loading=\"lazy\" decoding=\"async\" src=\"https:\/\/masterful-artists.com\/wp-content\/uploads\/2025\/03\/mercury-and-argus.jpgLarge-e1741701468487.jpg\" width=\"750\" height=\"322\" alt=\"Mercure et Argus (vers 1659) par Diego Vel\u00e1zquez\" data-full-image=\"https:\/\/masterful-artists.com\/wp-content\/uploads\/2025\/03\/mercury-and-argus.jpgLarge-e1741701468487.jpg\" data-light-image=\"https:\/\/masterful-artists.com\/wp-content\/uploads\/2025\/03\/mercury-and-argus.jpgLarge-e1741701468487.jpg\" data-id=\"8279\" class=\"wp-image-8279\" srcset=\"https:\/\/masterful-artists.com\/wp-content\/uploads\/2025\/03\/mercury-and-argus.jpgLarge-e1741701468487.jpg 750w, https:\/\/masterful-artists.com\/wp-content\/uploads\/2025\/03\/mercury-and-argus.jpgLarge-e1741701468487-300x129.jpg 300w\" sizes=\"auto, (max-width: 750px) 100vw, 750px\" \/><\/div><div class=\"kadence-blocks-gallery-item__caption\"><em>Mercure et Argus (vers 1659) par Diego Vel\u00e1zquez<\/em><\/div><\/div><\/a><\/figure><\/div><\/li><li class=\"kadence-blocks-gallery-item\"><div class=\"kadence-blocks-gallery-item-inner\"><figure class=\"kb-gallery-figure kb-gallery-item-has-link kadence-blocks-gallery-item-has-caption\"><a href=\"https:\/\/masterful-artists.com\/wp-content\/uploads\/2025\/03\/christ-in-the-house-of-mary-and-martha.jpgLarge-e1741701482405.jpg\" data-description=\"Christ in the House of Mary and Martha (c. 1620) by Diego Vel\u00e1zquez\" class=\"kb-gallery-item-link\"   role=\"button\" aria-haspopup=\"dialog\"><div class=\"kb-gal-image-radius\" style=\"max-width:750px;\"><div class=\"kb-gallery-image-contain kadence-blocks-gallery-intrinsic\" style=\"padding-bottom:57%;\"><img loading=\"lazy\" decoding=\"async\" src=\"https:\/\/masterful-artists.com\/wp-content\/uploads\/2025\/03\/christ-in-the-house-of-mary-and-martha.jpgLarge-e1741701482405.jpg\" width=\"750\" height=\"435\" alt=\"\" data-full-image=\"https:\/\/masterful-artists.com\/wp-content\/uploads\/2025\/03\/christ-in-the-house-of-mary-and-martha.jpgLarge-e1741701482405.jpg\" data-light-image=\"https:\/\/masterful-artists.com\/wp-content\/uploads\/2025\/03\/christ-in-the-house-of-mary-and-martha.jpgLarge-e1741701482405.jpg\" data-id=\"8280\" class=\"wp-image-8280\" srcset=\"https:\/\/masterful-artists.com\/wp-content\/uploads\/2025\/03\/christ-in-the-house-of-mary-and-martha.jpgLarge-e1741701482405.jpg 750w, https:\/\/masterful-artists.com\/wp-content\/uploads\/2025\/03\/christ-in-the-house-of-mary-and-martha.jpgLarge-e1741701482405-300x174.jpg 300w\" sizes=\"auto, (max-width: 750px) 100vw, 750px\" \/><\/div><div class=\"kadence-blocks-gallery-item__caption\"><em>Le Christ dans la maison de Marie et Marthe (vers 1620) par Diego Vel\u00e1zquez<\/em><\/div><\/div><\/a><\/figure><\/div><\/li><li class=\"kadence-blocks-gallery-item\"><div class=\"kadence-blocks-gallery-item-inner\"><figure class=\"kb-gallery-figure kb-gallery-item-has-link kadence-blocks-gallery-item-has-caption\"><a href=\"https:\/\/masterful-artists.com\/wp-content\/uploads\/2025\/03\/w1500-vel-zquez-kitchen-maid.jpgLarge-e1741701493523.jpg\" data-description=\"Kitchen Scene with the Supper in Emmaus (1618) by Diego Vel\u00e1zquez\" class=\"kb-gallery-item-link\"   role=\"button\" aria-haspopup=\"dialog\"><div class=\"kb-gal-image-radius\" style=\"max-width:750px;\"><div class=\"kb-gallery-image-contain kadence-blocks-gallery-intrinsic\" style=\"padding-bottom:48%;\"><img loading=\"lazy\" decoding=\"async\" src=\"https:\/\/masterful-artists.com\/wp-content\/uploads\/2025\/03\/w1500-vel-zquez-kitchen-maid.jpgLarge-e1741701493523.jpg\" width=\"750\" height=\"366\" alt=\"\" data-full-image=\"https:\/\/masterful-artists.com\/wp-content\/uploads\/2025\/03\/w1500-vel-zquez-kitchen-maid.jpgLarge-e1741701493523.jpg\" data-light-image=\"https:\/\/masterful-artists.com\/wp-content\/uploads\/2025\/03\/w1500-vel-zquez-kitchen-maid.jpgLarge-e1741701493523.jpg\" data-id=\"8281\" class=\"wp-image-8281\" srcset=\"https:\/\/masterful-artists.com\/wp-content\/uploads\/2025\/03\/w1500-vel-zquez-kitchen-maid.jpgLarge-e1741701493523.jpg 750w, https:\/\/masterful-artists.com\/wp-content\/uploads\/2025\/03\/w1500-vel-zquez-kitchen-maid.jpgLarge-e1741701493523-300x146.jpg 300w\" sizes=\"auto, (max-width: 750px) 100vw, 750px\" \/><\/div><div class=\"kadence-blocks-gallery-item__caption\"><em>Sc\u00e8ne de cuisine avec le repas \u00e0 Emma\u00fcs (1618) par Diego Vel\u00e1zquez<\/em><\/div><\/div><\/a><\/figure><\/div><\/li><\/ul><\/div>\n\n\n<p><\/p>","protected":false},"excerpt":{"rendered":"<p>Explorez les peintures de Diego Vel\u00e1zquez, o\u00f9 le r\u00e9alisme magistral, les compositions saisissantes et la profondeur psychologique d\u00e9finissent le Si\u00e8cle d'or espagnol.<\/p>","protected":false},"author":3,"featured_media":8279,"comment_status":"closed","ping_status":"closed","sticky":false,"template":"","format":"standard","meta":{"_kad_blocks_custom_css":"","_kad_blocks_head_custom_js":"","_kad_blocks_body_custom_js":"","_kad_blocks_footer_custom_js":"","_kad_post_transparent":"","_kad_post_title":"","_kad_post_layout":"","_kad_post_sidebar_id":"","_kad_post_content_style":"","_kad_post_vertical_padding":"","_kad_post_feature":"","_kad_post_feature_position":"","_kad_post_header":false,"_kad_post_footer":false,"_kad_post_classname":"","footnotes":""},"categories":[65,41,124,90,52,92],"tags":[20,26,22,158,61,23,66],"class_list":["post-7472","post","type-post","status-publish","format-standard","has-post-thumbnail","hentry","category-spanish","category-baroque","category-impressionism","category-naturalism","category-painters","category-realism","tag-baroque","tag-impressionism","tag-naturalism","tag-painter","tag-portraits","tag-realism","tag-spanish"],"taxonomy_info":{"category":[{"value":65,"label":"Spanish"},{"value":41,"label":"Baroque"},{"value":124,"label":"Impressionism"},{"value":90,"label":"Naturalism"},{"value":52,"label":"Painters"},{"value":92,"label":"Realism"}],"post_tag":[{"value":20,"label":"Baroque"},{"value":26,"label":"Impressionism"},{"value":22,"label":"Naturalism"},{"value":158,"label":"Painter"},{"value":61,"label":"Portraits"},{"value":23,"label":"Realism"},{"value":66,"label":"Spanish"}]},"featured_image_src_large":["https:\/\/masterful-artists.com\/wp-content\/uploads\/2025\/03\/mercury-and-argus.jpgLarge-e1741701468487.jpg",750,322,false],"author_info":{"display_name":"Richard J. Sheppard","author_link":"https:\/\/masterful-artists.com\/fr\/author\/koala\/"},"comment_info":0,"category_info":[{"term_id":65,"name":"Spanish","slug":"spanish","term_group":0,"term_taxonomy_id":65,"taxonomy":"category","description":"","parent":0,"count":19,"filter":"raw","cat_ID":65,"category_count":19,"category_description":"","cat_name":"Spanish","category_nicename":"spanish","category_parent":0},{"term_id":41,"name":"Baroque","slug":"baroque","term_group":0,"term_taxonomy_id":41,"taxonomy":"category","description":"","parent":0,"count":28,"filter":"raw","cat_ID":41,"category_count":28,"category_description":"","cat_name":"Baroque","category_nicename":"baroque","category_parent":0},{"term_id":124,"name":"Impressionism","slug":"impressionism","term_group":0,"term_taxonomy_id":124,"taxonomy":"category","description":"","parent":0,"count":103,"filter":"raw","cat_ID":124,"category_count":103,"category_description":"","cat_name":"Impressionism","category_nicename":"impressionism","category_parent":0},{"term_id":90,"name":"Naturalism","slug":"naturalism","term_group":0,"term_taxonomy_id":90,"taxonomy":"category","description":"","parent":0,"count":69,"filter":"raw","cat_ID":90,"category_count":69,"category_description":"","cat_name":"Naturalism","category_nicename":"naturalism","category_parent":0},{"term_id":52,"name":"Painters","slug":"painters","term_group":0,"term_taxonomy_id":52,"taxonomy":"category","description":"","parent":0,"count":404,"filter":"raw","cat_ID":52,"category_count":404,"category_description":"","cat_name":"Painters","category_nicename":"painters","category_parent":0},{"term_id":92,"name":"Realism","slug":"realism","term_group":0,"term_taxonomy_id":92,"taxonomy":"category","description":"","parent":0,"count":188,"filter":"raw","cat_ID":92,"category_count":188,"category_description":"","cat_name":"Realism","category_nicename":"realism","category_parent":0}],"tag_info":[{"term_id":20,"name":"Baroque","slug":"baroque","term_group":0,"term_taxonomy_id":20,"taxonomy":"post_tag","description":"","parent":0,"count":24,"filter":"raw"},{"term_id":26,"name":"Impressionism","slug":"impressionism","term_group":0,"term_taxonomy_id":26,"taxonomy":"post_tag","description":"","parent":0,"count":104,"filter":"raw"},{"term_id":22,"name":"Naturalism","slug":"naturalism","term_group":0,"term_taxonomy_id":22,"taxonomy":"post_tag","description":"","parent":0,"count":73,"filter":"raw"},{"term_id":158,"name":"Painter","slug":"painter","term_group":0,"term_taxonomy_id":158,"taxonomy":"post_tag","description":"","parent":0,"count":246,"filter":"raw"},{"term_id":61,"name":"Portraits","slug":"portraits","term_group":0,"term_taxonomy_id":61,"taxonomy":"post_tag","description":"","parent":0,"count":228,"filter":"raw"},{"term_id":23,"name":"Realism","slug":"realism","term_group":0,"term_taxonomy_id":23,"taxonomy":"post_tag","description":"","parent":0,"count":176,"filter":"raw"},{"term_id":66,"name":"Spanish","slug":"spanish","term_group":0,"term_taxonomy_id":66,"taxonomy":"post_tag","description":"","parent":0,"count":18,"filter":"raw"}],"_links":{"self":[{"href":"https:\/\/masterful-artists.com\/fr\/wp-json\/wp\/v2\/posts\/7472","targetHints":{"allow":["GET"]}}],"collection":[{"href":"https:\/\/masterful-artists.com\/fr\/wp-json\/wp\/v2\/posts"}],"about":[{"href":"https:\/\/masterful-artists.com\/fr\/wp-json\/wp\/v2\/types\/post"}],"author":[{"embeddable":true,"href":"https:\/\/masterful-artists.com\/fr\/wp-json\/wp\/v2\/users\/3"}],"replies":[{"embeddable":true,"href":"https:\/\/masterful-artists.com\/fr\/wp-json\/wp\/v2\/comments?post=7472"}],"version-history":[{"count":2,"href":"https:\/\/masterful-artists.com\/fr\/wp-json\/wp\/v2\/posts\/7472\/revisions"}],"predecessor-version":[{"id":9483,"href":"https:\/\/masterful-artists.com\/fr\/wp-json\/wp\/v2\/posts\/7472\/revisions\/9483"}],"wp:featuredmedia":[{"embeddable":true,"href":"https:\/\/masterful-artists.com\/fr\/wp-json\/wp\/v2\/media\/8279"}],"wp:attachment":[{"href":"https:\/\/masterful-artists.com\/fr\/wp-json\/wp\/v2\/media?parent=7472"}],"wp:term":[{"taxonomy":"category","embeddable":true,"href":"https:\/\/masterful-artists.com\/fr\/wp-json\/wp\/v2\/categories?post=7472"},{"taxonomy":"post_tag","embeddable":true,"href":"https:\/\/masterful-artists.com\/fr\/wp-json\/wp\/v2\/tags?post=7472"}],"curies":[{"name":"wp","href":"https:\/\/api.w.org\/{rel}","templated":true}]}}