{"id":7493,"date":"2025-04-06T11:00:00","date_gmt":"2025-04-06T11:00:00","guid":{"rendered":"https:\/\/masterful-artists.com\/?p=7493"},"modified":"2025-03-30T11:58:23","modified_gmt":"2025-03-30T11:58:23","slug":"georges-braque-peintre","status":"publish","type":"post","link":"https:\/\/masterful-artists.com\/fr\/georges-braque-peintre\/","title":{"rendered":"Georges Braque Peintre : Pionnier du cubisme et innovateur de l'art moderne"},"content":{"rendered":"<style>.kt-sc7493_612ad4-fc .kt-sc-imgcol, .kt-sc7493_612ad4-fc .kt-sc-textcol{min-height:450px;}.kt-sc7493_612ad4-fc .kt-sc-imgcol{background-size:cover;background-image:url(https:\/\/masterful-artists.com\/wp-content\/uploads\/2025\/03\/Georges_Braque_1908_photograph_published_in_Gelett_Burgess_The_Wild_Men_of_Paris_Architectural_Record_May_1910-e1741857245517.jpg);}.kt-sc7493_612ad4-fc .kt-sc-textcol{padding-top:24px;padding-right:24px;padding-bottom:24px;padding-left:24px;margin-top:0px;margin-right:0px;margin-bottom:0px;margin-left:0px;}@media all and (max-width: 767px){.kt-sc7493_612ad4-fc .kt-sc-imgcol, .kt-sc7493_612ad4-fc .kt-sc-textcol{min-height:450px;}}<\/style>\n<div class=\"alignwide kt-sc7493_612ad4-fc wp-block-kadence-splitcontent\"><div class=\"kt-split-content-wrap kt-sc-media-side-right\" style=\"grid-template-columns:auto 50%\"><div class=\"kt-sc-imgcol kt-sc-imgcol-bg-cover kt-sc-img-side-right\"><\/div><div class=\"kt-sc-textcol kt-sc-text-valign-center kt-sc-text-halign-left\" style=\"box-shadow:20px 15px 25px -8px rgba(0, 0, 0, 0.2)\"><div class=\"kt-sc-innter-col\">\n<p>N\u00e9 : 13 mai 1882, Val-d'Oise, France<\/p>\n\n\n\n<p>D\u00e9c\u00e8s : 31 ao\u00fbt 1963, Paris, France<\/p>\n\n\n\n<p>Mouvement artistique : Cubisme, Fauvisme<\/p>\n\n\n\n<p style=\"font-size:19px\">Nationalit\u00e9 : Fran\u00e7ais<\/p>\n\n\n\n<p>Influenc\u00e9 par : Paul C\u00e9zanne<\/p>\n\n\n\n<p>Institution : \u00c9cole sup\u00e9rieure d'art et design Le Havre-Rouen et Acad\u00e9mie Humbert<\/p>\n<\/div><\/div><\/div><\/div>\n\n\n\n<p class=\"has-text-align-right has-small-font-size\"><em><sub>Georges Braque Peintre : Pionnier du cubisme et innovateur de l'art moderne<\/sub><\/em><\/p>\n\n\n<style>.kb-table-of-content-nav.kb-table-of-content-id7493_9ee959-87 .kb-table-of-content-wrap{padding-top:var(--global-kb-spacing-sm, 1.5rem);padding-right:var(--global-kb-spacing-sm, 1.5rem);padding-bottom:var(--global-kb-spacing-sm, 1.5rem);padding-left:var(--global-kb-spacing-sm, 1.5rem);background-color:var(--global-palette1, #3182CE);max-width:1001px;}.kb-table-of-content-nav.kb-table-of-content-id7493_9ee959-87 .kb-table-of-contents-title-wrap{padding-top:0px;padding-right:0px;padding-bottom:0px;padding-left:0px;}.kb-table-of-content-nav.kb-table-of-content-id7493_9ee959-87 .kb-table-of-contents-title-wrap{color:var(--global-palette3, #1A202C);}.kb-table-of-content-nav.kb-table-of-content-id7493_9ee959-87 .kb-table-of-contents-title{color:var(--global-palette3, #1A202C);letter-spacing:4.9px;font-weight:regular;font-style:normal;text-transform:uppercase;}.kb-table-of-content-nav.kb-table-of-content-id7493_9ee959-87 .kb-table-of-content-wrap .kb-table-of-content-list{color:var(--global-palette3, #1A202C);font-size:20px;letter-spacing:-0.1px;font-weight:bold;font-style:normal;text-transform:none;margin-top:var(--global-kb-spacing-sm, 1.5rem);margin-right:0px;margin-bottom:0px;margin-left:0px;}.kb-table-of-content-nav.kb-table-of-content-id7493_9ee959-87 .kb-table-of-content-wrap .kb-table-of-content-list .active > .kb-table-of-contents__entry{color:var(--global-palette7, #EDF2F7);}.kb-table-of-content-nav.kb-table-of-content-id7493_9ee959-87 .kb-toggle-icon-style-basiccircle .kb-table-of-contents-icon-trigger:after, .kb-table-of-content-nav.kb-table-of-content-id7493_9ee959-87 .kb-toggle-icon-style-basiccircle .kb-table-of-contents-icon-trigger:before, .kb-table-of-content-nav.kb-table-of-content-id7493_9ee959-87 .kb-toggle-icon-style-arrowcircle .kb-table-of-contents-icon-trigger:after, .kb-table-of-content-nav.kb-table-of-content-id7493_9ee959-87 .kb-toggle-icon-style-arrowcircle .kb-table-of-contents-icon-trigger:before, .kb-table-of-content-nav.kb-table-of-content-id7493_9ee959-87 .kb-toggle-icon-style-xclosecircle .kb-table-of-contents-icon-trigger:after, .kb-table-of-content-nav.kb-table-of-content-id7493_9ee959-87 .kb-toggle-icon-style-xclosecircle .kb-table-of-contents-icon-trigger:before{background-color:var(--global-palette1, #3182CE);}@media all and (max-width: 767px){.kb-table-of-content-nav.kb-table-of-content-id7493_9ee959-87 .kb-table-of-contents-title{font-size:var(--global-kb-font-size-md, 1.25rem);}.kb-table-of-content-nav.kb-table-of-content-id7493_9ee959-87 .kb-table-of-content-wrap .kb-table-of-content-list{font-size:var(--global-kb-font-size-md, 1.25rem);}}<\/style>\n\n\n<h2 class=\"wp-block-heading\">Vie et carri\u00e8re de Georges Braque<\/h2>\n\n\n\n<p>Georges Braque (1882-1963) a transform\u00e9 l'art moderne gr\u00e2ce \u00e0 son travail de pionnier du cubisme aux c\u00f4t\u00e9s de Pablo Picasso. Son parcours artistique a travers\u00e9 de nombreux mouvements influents, du fauvisme \u00e0 son style plus personnel par la suite, le consacrant comme l'un des peintres les plus importants du XXe si\u00e8cle.<\/p>\n\n\n\n<h3 class=\"wp-block-heading\">Vie et \u00e9ducation pr\u00e9coces<\/h3>\n\n\n\n<p>Georges Braque est n\u00e9 le 13 mai 1882 \u00e0 Argenteuil, en France. Il grandit au Havre, o\u00f9 son p\u00e8re dirige une entreprise de peinture. Cette exposition pr\u00e9coce aux techniques de la peinture d\u00e9corative influencera plus tard son approche artistique.<\/p>\n\n\n\n<figure class=\"wp-block-gallery has-nested-images columns-default is-cropped wp-block-gallery-1 is-layout-flex wp-block-gallery-is-layout-flex\">\n<figure class=\"wp-block-image size-large\"><img loading=\"lazy\" decoding=\"async\" width=\"750\" height=\"433\" data-id=\"8465\" src=\"https:\/\/masterful-artists.com\/wp-content\/uploads\/2025\/03\/nude-reclining-on-the-pedestal-1931.jpgLarge-e1741857192756.jpg\" alt=\"Le Nu couch\u00e9 sur le pi\u00e9destal, 1931, refl\u00e8te l&#039;exploration par Braque de la forme et du volume.\" class=\"wp-image-8465\" srcset=\"https:\/\/masterful-artists.com\/wp-content\/uploads\/2025\/03\/nude-reclining-on-the-pedestal-1931.jpgLarge-e1741857192756.jpg 750w, https:\/\/masterful-artists.com\/wp-content\/uploads\/2025\/03\/nude-reclining-on-the-pedestal-1931.jpgLarge-e1741857192756-300x173.jpg 300w\" sizes=\"auto, (max-width: 750px) 100vw, 750px\" \/><\/figure>\n<\/figure>\n\n\n\n<p class=\"has-text-align-center\"><em><sub>Nu couch\u00e9 sur le pi\u00e9destal, 1931 par Georges Braque<\/sub><\/em><\/p>\n\n\n\n<p>Braque commence sa formation \u00e0 l'\u00c9cole des Beaux-Arts du Havre de 1897 \u00e0 1899. Il s'installe ensuite \u00e0 Paris vers 1900 pour \u00e9tudier \u00e0 l'Acad\u00e9mie Humbert.<\/p>\n\n\n\n<p>Ses premi\u00e8res \u0153uvres montrent des influences de l'impressionnisme. Pendant cette p\u00e9riode, il effectue son service militaire de 1901 \u00e0 1902. De retour \u00e0 Paris, Braque se consacre pleinement \u00e0 son d\u00e9veloppement artistique.<\/p>\n\n\n\n<p>Le jeune artiste noue des relations dans les milieux artistiques parisiens qui s'av\u00e9reront cruciales pour son d\u00e9veloppement. Sa formation technique en peinture d\u00e9corative lui donne une perspective unique sur la couleur et la forme.<\/p>\n\n\n\n<h3 class=\"wp-block-heading\">P\u00e9riode du fauvisme<\/h3>\n\n\n\n<p>Braque adopte le fauvisme vers 1905 apr\u00e8s avoir vu les \u0153uvres d'Henri Matisse et d'Andr\u00e9 Derain. Ce style audacieux utilise des couleurs vives, non naturalistes et des formes simplifi\u00e9es.<\/p>\n\n\n\n<p>Ses paysages fauvistes de l'Estaque, un village de p\u00eacheurs pr\u00e8s de Marseille, se caract\u00e9risent par des couleurs vives et un coup de pinceau expressif. Des \u0153uvres comme \"Maisons \u00e0 l'Estaque\" (1906) t\u00e9moignent de sa ma\u00eetrise de ce style.<\/p>\n\n\n\n<p>En 1907, Braque expose ses peintures fauves au Salon des Ind\u00e9pendants. Les critiques notent son approche distincte, m\u00eame au sein de ce mouvement r\u00e9volutionnaire.<\/p>\n\n\n\n<p>Sa p\u00e9riode fauve fut br\u00e8ve mais productive. L'utilisation audacieuse de la couleur et des formes simplifi\u00e9es pendant cette p\u00e9riode l'a pr\u00e9par\u00e9 \u00e0 sa prochaine perc\u00e9e artistique.<\/p>\n\n\n\n<p>C'est \u00e0 cette \u00e9poque que na\u00eet l'amiti\u00e9 entre Braque et Picasso, pr\u00e9parant ainsi le terrain pour leur collaboration historique. Leur int\u00e9r\u00eat mutuel pour l'exp\u00e9rimentation formelle va bient\u00f4t transformer l'histoire de l'art.<\/p>\n\n\n\n<h3 class=\"wp-block-heading\">L'invention du cubisme<\/h3>\n\n\n\n<p>En 1907, Braque visite l'atelier de Picasso et voit \"Les Demoiselles d'Avignon\", un tableau qui le choque par son approche radicale. Cette rencontre marque un tournant dans son orientation artistique.<\/p>\n\n\n\n<figure class=\"wp-block-gallery has-nested-images columns-default is-cropped wp-block-gallery-2 is-layout-flex wp-block-gallery-is-layout-flex\">\n<figure class=\"wp-block-image size-large\"><img loading=\"lazy\" decoding=\"async\" width=\"750\" height=\"374\" data-id=\"8467\" src=\"https:\/\/masterful-artists.com\/wp-content\/uploads\/2025\/03\/still-life-with-a-guitar-1919.jpgLarge-e1741857209162.jpg\" alt=\"Nature morte \u00e0 la guitare, 1919, refl\u00e8te la poursuite de l&#039;exploration du cubisme par Braque, avec une approche plus raffin\u00e9e et d\u00e9corative.\" class=\"wp-image-8467\" srcset=\"https:\/\/masterful-artists.com\/wp-content\/uploads\/2025\/03\/still-life-with-a-guitar-1919.jpgLarge-e1741857209162.jpg 750w, https:\/\/masterful-artists.com\/wp-content\/uploads\/2025\/03\/still-life-with-a-guitar-1919.jpgLarge-e1741857209162-300x150.jpg 300w\" sizes=\"auto, (max-width: 750px) 100vw, 750px\" \/><\/figure>\n<\/figure>\n\n\n\n<p class=\"has-text-align-center\"><em><sub>Nature morte \u00e0 la guitare, 1919 par Georges Braque<\/sub><\/em><\/p>\n\n\n\n<p>Entre 1908 et 1914, Braque et Picasso ont travaill\u00e9 si \u00e9troitement qu'ils se sont qualifi\u00e9s de \"deux alpinistes encord\u00e9s l'un \u00e0 l'autre\". Leur collaboration a permis de d\u00e9velopper le cubisme gr\u00e2ce \u00e0 une analyse et une reconstruction minutieuses des formes.<\/p>\n\n\n\n<p>Les \"Maisons de l'Estaque\" (1908) de Braque ont incit\u00e9 le critique Louis Vauxcelles \u00e0 d\u00e9crire les peintures comme \u00e9tant constitu\u00e9es de \"petits cubes\", donnant ainsi son nom au mouvement. Cette \u0153uvre t\u00e9moigne de son \u00e9volution vers la simplification g\u00e9om\u00e9trique.<\/p>\n\n\n\n<p>Les artistes d\u00e9veloppent le cubisme analytique, d\u00e9composant les objets en plans \u00e0 facettes. Plus tard, ils ont invent\u00e9 le cubisme synth\u00e9tique, en incorporant des \u00e9l\u00e9ments de collage et des mat\u00e9riaux r\u00e9els comme le papier journal.<\/p>\n\n\n\n<p>Braque a \u00e9t\u00e9 le premier \u00e0 utiliser la technique du papier coll\u00e9 en 1912, en collant du papier imprim\u00e9 dans ses compositions. Cette innovation a \u00e9largi les possibilit\u00e9s artistiques au-del\u00e0 des m\u00e9thodes de peinture traditionnelles.<\/p>\n\n\n\n<h3 class=\"wp-block-heading\">Service pendant la Premi\u00e8re Guerre mondiale<\/h3>\n\n\n\n<p>Braque s'engage dans l'arm\u00e9e fran\u00e7aise en 1914 lorsque la Premi\u00e8re Guerre mondiale \u00e9clate. Cette d\u00e9cision interrompt temporairement sa collaboration artistique avec Picasso.<\/p>\n\n\n\n<p>En 1915, il est gravement bless\u00e9 \u00e0 la t\u00eate lors de la bataille de Carency. Cette blessure n\u00e9cessite une tr\u00e9panation (chirurgie du cr\u00e2ne) et une longue p\u00e9riode de convalescence. Braque perd temporairement la vue et souffre d'une paralysie temporaire.<\/p>\n\n\n\n<p>Il ne pourra reprendre la peinture qu'en 1917. Cette interruption marque la fin de son \u00e9troite collaboration avec Picasso, leurs chemins artistiques ayant commenc\u00e9 \u00e0 diverger apr\u00e8s la guerre.<\/p>\n\n\n\n<p>L'exp\u00e9rience de la guerre a profond\u00e9ment affect\u00e9 la vision et l'approche artistique de Braque. Son travail d'apr\u00e8s-guerre montrera une expression plus personnelle et un int\u00e9r\u00eat renouvel\u00e9 pour la couleur et la texture.<\/p>\n\n\n\n<p>Malgr\u00e9 le traumatisme, Braque a maintenu son engagement envers les principes cubistes tout au long de sa convalescence. Son service de guerre lui a valu la Croix de guerre et la citoyennet\u00e9 fran\u00e7aise.<\/p>\n\n\n\n<h3 class=\"wp-block-heading\">D\u00e9veloppements artistiques de l'apr\u00e8s-guerre<\/h3>\n\n\n\n<p>Apr\u00e8s sa convalescence, Braque a d\u00e9velopp\u00e9 un style plus personnel tout en conservant des \u00e9l\u00e9ments cubistes. Ses \u0153uvres d'apr\u00e8s-guerre pr\u00e9sentent des formes plus douces et des textures plus riches que ses peintures d'avant-guerre.<\/p>\n\n\n\n<figure class=\"wp-block-gallery has-nested-images columns-default is-cropped wp-block-gallery-3 is-layout-flex wp-block-gallery-is-layout-flex\">\n<figure class=\"wp-block-image size-large\"><img loading=\"lazy\" decoding=\"async\" width=\"750\" height=\"416\" data-id=\"8470\" src=\"https:\/\/masterful-artists.com\/wp-content\/uploads\/2025\/03\/the-weeding-machine-1961.jpgLarge-e1741857236358.jpg\" alt=\"La Machine \u00e0 d\u00e9sherber, 1961 de Georges Braque refl\u00e8te sa derni\u00e8re p\u00e9riode, o\u00f9 il m\u00e9lange l&#039;abstraction et les formes organiques.\" class=\"wp-image-8470\" srcset=\"https:\/\/masterful-artists.com\/wp-content\/uploads\/2025\/03\/the-weeding-machine-1961.jpgLarge-e1741857236358.jpg 750w, https:\/\/masterful-artists.com\/wp-content\/uploads\/2025\/03\/the-weeding-machine-1961.jpgLarge-e1741857236358-300x166.jpg 300w\" sizes=\"auto, (max-width: 750px) 100vw, 750px\" \/><\/figure>\n<\/figure>\n\n\n\n<p class=\"has-text-align-center\"><em><sub>La machine \u00e0 sarcler, 1961 par Georges Braque<\/sub><\/em><\/p>\n\n\n\n<p>Dans les ann\u00e9es 1920, il cr\u00e9e des natures mortes avec des instruments de musique, des fruits et des objets de table. Ces \u0153uvres combinent la structure cubiste avec des \u00e9l\u00e9ments plus naturalistes et des couleurs vives.<\/p>\n\n\n\n<p>Dans les ann\u00e9es 1930, Braque commence sa c\u00e9l\u00e8bre s\u00e9rie des \"Int\u00e9rieurs\", repr\u00e9sentant des espaces domestiques avec des motifs complexes. Il cr\u00e9e \u00e9galement la s\u00e9rie des \"Oiseaux\", qui se poursuit jusque dans les ann\u00e9es 1950, et qui repr\u00e9sente des oiseaux stylis\u00e9s en vol.<\/p>\n\n\n\n<p>Braque est de plus en plus reconnu et obtient notamment une exposition personnelle au Louvre en 1961, un honneur rarement accord\u00e9 \u00e0 des artistes vivants. Il a continu\u00e9 \u00e0 travailler malgr\u00e9 une sant\u00e9 d\u00e9clinante dans les derni\u00e8res ann\u00e9es de sa vie.<\/p>\n\n\n\n<p>Il est d\u00e9c\u00e9d\u00e9 le 31 ao\u00fbt 1963 \u00e0 Paris. Tout au long de sa carri\u00e8re, Braque a conserv\u00e9 son int\u00e9grit\u00e9 artistique et son esprit novateur, laissant derri\u00e8re lui un ensemble d'\u0153uvres qui ont transform\u00e9 l'art moderne.<\/p>\n\n\n\n<h2 class=\"wp-block-heading\">Style artistique et techniques<\/h2>\n\n\n\n<p>Georges Braque a d\u00e9velopp\u00e9 des approches artistiques distinctives qui ont r\u00e9volutionn\u00e9 l'art moderne. Ses techniques innovantes et ses contributions th\u00e9oriques ont fa\u00e7onn\u00e9 le cubisme et influenc\u00e9 les g\u00e9n\u00e9rations d'artistes qui ont suivi.<\/p>\n\n\n\n<h3 class=\"wp-block-heading\">Th\u00e9ories cubistes et collaboration avec Picasso<\/h3>\n\n\n\n<p>Le partenariat de Braque avec Pablo Picasso entre 1908 et 1914 a donn\u00e9 naissance au cubisme analytique, qui se d\u00e9marque radicalement du cubisme classique. <a href=\"https:\/\/masterful-artists.com\/fr\/le-realisme-dans-lart\/\">repr\u00e9sentation traditionnelle<\/a>. Ils travaillaient si \u00e9troitement qu'il leur \u00e9tait souvent impossible d'identifier l'artiste qui avait cr\u00e9\u00e9 le tableau.<\/p>\n\n\n\n<figure class=\"wp-block-gallery has-nested-images columns-default is-cropped wp-block-gallery-4 is-layout-flex wp-block-gallery-is-layout-flex\">\n<figure class=\"wp-block-image size-large\"><img loading=\"lazy\" decoding=\"async\" width=\"750\" height=\"442\" data-id=\"8469\" src=\"https:\/\/masterful-artists.com\/wp-content\/uploads\/2025\/03\/the-plow-1961.jpgLarge-e1741857226103.jpg\" alt=\"La charrue, 1961, refl\u00e8te l&#039;exploration par Braque de th\u00e8mes agricoles par le biais de l&#039;abstraction.\" class=\"wp-image-8469\" srcset=\"https:\/\/masterful-artists.com\/wp-content\/uploads\/2025\/03\/the-plow-1961.jpgLarge-e1741857226103.jpg 750w, https:\/\/masterful-artists.com\/wp-content\/uploads\/2025\/03\/the-plow-1961.jpgLarge-e1741857226103-300x177.jpg 300w\" sizes=\"auto, (max-width: 750px) 100vw, 750px\" \/><\/figure>\n<\/figure>\n\n\n\n<p class=\"has-text-align-center\"><em><sub>La charrue, 1961 par Georges Braque<\/sub><\/em><\/p>\n\n\n\n<p>Leur m\u00e9thode consiste \u00e0 d\u00e9composer les objets en formes g\u00e9om\u00e9triques et \u00e0 pr\u00e9senter simultan\u00e9ment plusieurs points de vue. Braque a expliqu\u00e9 un jour : \"Il ne s'agit pas de reconstituer un fait anecdotique, mais de constituer un fait pictural.\"<\/p>\n\n\n\n<p>Contrairement aux mouvements pr\u00e9c\u00e9dents, Braque et Picasso ont rejet\u00e9 la perspective \u00e0 point unique qui avait domin\u00e9 l'art occidental depuis la Renaissance. Au lieu de cela, ils ont cr\u00e9\u00e9 des compositions aplaties et fragment\u00e9es qui r\u00e9v\u00e8lent les objets sous plusieurs angles \u00e0 la fois.<\/p>\n\n\n\n<p>Braque a particuli\u00e8rement contribu\u00e9 au concept de \"passage\" - la technique de fusion du premier plan et de l'arri\u00e8re-plan par chevauchement des plans - qui est devenu un \u00e9l\u00e9ment central de la th\u00e9orie cubiste.<\/p>\n\n\n\n<h3 class=\"wp-block-heading\">Utilisation de la couleur et de la texture<\/h3>\n\n\n\n<p>Braque a utilis\u00e9 une palette de couleurs restreinte pendant sa p\u00e9riode cubiste, se concentrant sur les bruns, les gris et les tons sourds. Cette limitation d\u00e9lib\u00e9r\u00e9e a permis de mettre l'accent sur les \u00e9l\u00e9ments structurels plut\u00f4t que sur les aspects d\u00e9coratifs.<\/p>\n\n\n\n<p>Ses techniques texturales sont r\u00e9volutionnaires. Braque a d\u00e9velopp\u00e9 le \"faux bois\" et d'autres m\u00e9thodes de peinture d\u00e9corative qui simulent des mat\u00e9riaux tels que le marbre, le grain du bois et le papier peint.<\/p>\n\n\n\n<p>Il applique la peinture de diff\u00e9rentes mani\u00e8res, tant\u00f4t fine et transparente, tant\u00f4t \u00e9paisse et textur\u00e9e. Braque utilise souvent un peigne pour cr\u00e9er des motifs lin\u00e9aires dans la peinture humide.<\/p>\n\n\n\n<p>Apr\u00e8s 1912, sa palette s'est progressivement \u00e9largie pour inclure des couleurs plus vives, en particulier lors de sa transition vers le cubisme synth\u00e9tique. Son approche unique de la texture cr\u00e9e des surfaces tactiles qui invitent le spectateur \u00e0 consid\u00e9rer la r\u00e9alit\u00e9 physique de la surface peinte.<\/p>\n\n\n\n<h3 class=\"wp-block-heading\">Collage pionnier<\/h3>\n\n\n\n<p>En 1912, Braque invente le papier coll\u00e9, une technique r\u00e9volutionnaire qui transforme l'art moderne. Il incorpore pour la premi\u00e8re fois des \u00e9l\u00e9ments \u00e9trangers - coupures de journaux, papier peint et papier imitant le grain du bois - dans sa composition \"Coupe de fruits et verre\".<\/p>\n\n\n\n<figure class=\"wp-block-gallery has-nested-images columns-default is-cropped wp-block-gallery-5 is-layout-flex wp-block-gallery-is-layout-flex\">\n<figure class=\"wp-block-image size-large\"><img loading=\"lazy\" decoding=\"async\" width=\"750\" height=\"407\" data-id=\"8464\" src=\"https:\/\/masterful-artists.com\/wp-content\/uploads\/2025\/03\/still-life-mandolin-ii.jpgLarge-e1741857182633.jpg\" alt=\"Still Life Mandolin II, vers 1939, refl\u00e8te la poursuite de l&#039;exploration par Braque des compositions de natures mortes.\" class=\"wp-image-8464\" srcset=\"https:\/\/masterful-artists.com\/wp-content\/uploads\/2025\/03\/still-life-mandolin-ii.jpgLarge-e1741857182633.jpg 750w, https:\/\/masterful-artists.com\/wp-content\/uploads\/2025\/03\/still-life-mandolin-ii.jpgLarge-e1741857182633-300x163.jpg 300w\" sizes=\"auto, (max-width: 750px) 100vw, 750px\" \/><\/figure>\n<\/figure>\n\n\n\n<p class=\"has-text-align-center\"><em><sub>Nature morte \u00e0 la mandoline II, vers 1939 - Georges Braque<\/sub><\/em><\/p>\n\n\n\n<p>Cette innovation a permis \u00e0 Braque de :<\/p>\n\n\n\n<ul class=\"wp-block-list\">\n<li>Cr\u00e9er des contrastes de texture entre les surfaces peintes et non peintes<\/li>\n\n\n\n<li>Introduire la r\u00e9alit\u00e9 directement dans les compositions abstraites<\/li>\n\n\n\n<li>Jouer avec les relations entre la repr\u00e9sentation et les objets r\u00e9els<\/li>\n<\/ul>\n\n\n\n<p>Le collage a remis en question les id\u00e9es fondamentales sur l'art en incorporant des mat\u00e9riaux de tous les jours dans le \"grand art\". Il a brouill\u00e9 les fronti\u00e8res entre la repr\u00e9sentation et la r\u00e9alit\u00e9, permettant aux objets d'exister \u00e0 la fois en tant que tels et en tant qu'\u00e9l\u00e9ments artistiques.<\/p>\n\n\n\n<p>Les techniques de collage de Braque ont influenc\u00e9 Dada, le surr\u00e9alisme et d'innombrables mouvements qui ont suivi. Son approche r\u00e9volutionnaire a permis aux artistes d'explorer de nouveaux mat\u00e9riaux et de nouvelles m\u00e9thodes de construction.<\/p>\n\n\n\n<h3 class=\"wp-block-heading\">\u0152uvres et styles ult\u00e9rieurs<\/h3>\n\n\n\n<p>Apr\u00e8s la Premi\u00e8re Guerre mondiale, Braque s'\u00e9loigne du cubisme strict pour adopter un style plus personnel. Ses \u0153uvres conservent des \u00e9l\u00e9ments g\u00e9om\u00e9triques, mais deviennent plus color\u00e9es et plus rythm\u00e9es.<\/p>\n\n\n\n<p>Dans les ann\u00e9es 1920, il cr\u00e9e la s\u00e9rie \"Canephora\", qui met en sc\u00e8ne des figures f\u00e9minines classiques. Ces \u0153uvres m\u00ealent la fragmentation cubiste \u00e0 une repr\u00e9sentation plus traditionnelle.<\/p>\n\n\n\n<p>Les ann\u00e9es 1930 sont marqu\u00e9es par les \"Int\u00e9rieurs\" de Braque, des sc\u00e8nes domestiques intimes \u00e0 la perspective aplatie et aux motifs superpos\u00e9s. Dans ces \u0153uvres, il explore la po\u00e9sie des objets quotidiens \u00e0 travers des natures mortes de tables, de chaises et d'articles m\u00e9nagers.<\/p>\n\n\n\n<p>Sa derni\u00e8re p\u00e9riode a \u00e9t\u00e9 marqu\u00e9e par la c\u00e9l\u00e8bre s\u00e9rie \"Bird\", o\u00f9 des formes d'oiseaux simplifi\u00e9es s'\u00e9l\u00e8vent dans des espaces abstraits. Ces \u0153uvres combinent des \u00e9l\u00e9ments d\u00e9coratifs avec une profonde signification symbolique.<\/p>\n\n\n\n<p>Tout au long de sa carri\u00e8re, Braque a fait preuve d'un savoir-faire exceptionnel. Il m\u00e9langeait ses propres pigments et pr\u00e9parait soigneusement les surfaces pour obtenir des effets visuels pr\u00e9cis.<\/p>\n\n\n\n<h2 class=\"wp-block-heading\">Impact et h\u00e9ritage<\/h2>\n\n\n\n<p>La contribution de Georges Braque \u00e0 l'histoire de l'art s'\u00e9tend bien au-del\u00e0 de sa vie. Son approche novatrice de la forme, de l'espace et de la perspective a transform\u00e9 l'art moderne et influenc\u00e9 d'innombrables artistes \u00e0 travers les g\u00e9n\u00e9rations.<\/p>\n\n\n\n<h3 class=\"wp-block-heading\">Influence sur l'art moderne<\/h3>\n\n\n\n<p>Le travail de pionnier de Braque avec <a href=\"https:\/\/masterful-artists.com\/fr\/artistes\/\">Le cubisme<\/a> a fondamentalement chang\u00e9 la fa\u00e7on dont les artistes abordaient la repr\u00e9sentation. Avec Picasso, il a remis en question la perspective traditionnelle \u00e0 point de vue unique qui avait domin\u00e9 l'art occidental pendant des si\u00e8cles. Cette approche r\u00e9volutionnaire a influenc\u00e9 presque tous les grands mouvements artistiques qui ont suivi, notamment le futurisme, le constructivisme et l'expressionnisme abstrait.<\/p>\n\n\n\n<figure class=\"wp-block-gallery has-nested-images columns-default is-cropped wp-block-gallery-6 is-layout-flex wp-block-gallery-is-layout-flex\">\n<figure class=\"wp-block-image size-large\"><img loading=\"lazy\" decoding=\"async\" width=\"750\" height=\"356\" data-id=\"8468\" src=\"https:\/\/masterful-artists.com\/wp-content\/uploads\/2025\/03\/still-life-with-fruits.jpgLarge-e1741857218338.jpg\" alt=\"Nature morte aux fruits, vers 1925, refl\u00e8te le passage de Braque du cubisme initial \u00e0 une approche plus raffin\u00e9e et d\u00e9corative.\" class=\"wp-image-8468\" srcset=\"https:\/\/masterful-artists.com\/wp-content\/uploads\/2025\/03\/still-life-with-fruits.jpgLarge-e1741857218338.jpg 750w, https:\/\/masterful-artists.com\/wp-content\/uploads\/2025\/03\/still-life-with-fruits.jpgLarge-e1741857218338-300x142.jpg 300w\" sizes=\"auto, (max-width: 750px) 100vw, 750px\" \/><\/figure>\n<\/figure>\n\n\n\n<p class=\"has-text-align-center\"><em><sub>Nature morte aux fruits, vers 1925 par Georges Braque<\/sub><\/em><\/p>\n\n\n\n<p>De nombreux artistes ont adopt\u00e9 les techniques de fragmentation et de perspectives multiples de Braque. Ses surfaces textur\u00e9es et ses innovations en mati\u00e8re de collage sont devenues des pratiques courantes dans l'art moderne.<\/p>\n\n\n\n<p>L'approche m\u00e9thodique et r\u00e9fl\u00e9chie de Braque contrastait avec le style plus impulsif de Picasso, fournissant aux artistes des mod\u00e8les diff\u00e9rents pour d\u00e9velopper les principes cubistes. Son influence est perceptible dans le travail d'artistes tels que Juan Gris, Fernand L\u00e9ger, et m\u00eame plus tard dans celui de Richard Diebenkorn.<\/p>\n\n\n\n<h3 class=\"wp-block-heading\">Principales \u0153uvres et expositions<\/h3>\n\n\n\n<p>Les \u0153uvres les plus importantes de Braque comprennent ses premiers paysages fauves et ses peintures cubistes r\u00e9volutionnaires. <strong>Parmi les exemples cl\u00e9s, on peut citer<\/strong>:<\/p>\n\n\n\n<figure class=\"wp-block-gallery has-nested-images columns-default is-cropped wp-block-gallery-7 is-layout-flex wp-block-gallery-is-layout-flex\">\n<figure class=\"wp-block-image size-large\"><img loading=\"lazy\" decoding=\"async\" width=\"800\" height=\"998\" data-id=\"8473\" src=\"https:\/\/masterful-artists.com\/wp-content\/uploads\/2025\/03\/Georges_Braque_1908_Maisons_et_arbre_oil_on_canvas_40.5_x_32.5_cm_Lille_Metropole_Museum_of_Modern_Contemporary_and_Outsider_Art-e1741857268294.jpg\" alt=\"Maisons et arbre (Houses at l&#039;Estaque), 1908 - Georges Braque refl\u00e8te les premiers d\u00e9veloppements du cubisme.\" class=\"wp-image-8473\" srcset=\"https:\/\/masterful-artists.com\/wp-content\/uploads\/2025\/03\/Georges_Braque_1908_Maisons_et_arbre_oil_on_canvas_40.5_x_32.5_cm_Lille_Metropole_Museum_of_Modern_Contemporary_and_Outsider_Art-e1741857268294.jpg 800w, https:\/\/masterful-artists.com\/wp-content\/uploads\/2025\/03\/Georges_Braque_1908_Maisons_et_arbre_oil_on_canvas_40.5_x_32.5_cm_Lille_Metropole_Museum_of_Modern_Contemporary_and_Outsider_Art-e1741857268294-240x300.jpg 240w, https:\/\/masterful-artists.com\/wp-content\/uploads\/2025\/03\/Georges_Braque_1908_Maisons_et_arbre_oil_on_canvas_40.5_x_32.5_cm_Lille_Metropole_Museum_of_Modern_Contemporary_and_Outsider_Art-e1741857268294-768x958.jpg 768w\" sizes=\"auto, (max-width: 800px) 100vw, 800px\" \/><figcaption class=\"wp-element-caption\"><em>Maisons et arbre, 1908 - Georges Braque<\/em><\/figcaption><\/figure>\n\n\n\n<figure class=\"wp-block-image size-large\"><img loading=\"lazy\" decoding=\"async\" width=\"320\" height=\"709\" data-id=\"8472\" src=\"https:\/\/masterful-artists.com\/wp-content\/uploads\/2025\/03\/320px-Georges_Braque_1909_September_Violin_and_Palette_Violon_et_palette_Dans_latelier_oil_on_canvas_91.7_x_42.8_cm_Solomon_R._Guggenheim_Museum-e1741857256484.jpg\" alt=\"Violon et palette (Dans l&#039;atelier), 1909, refl\u00e8te la phase du cubisme analytique.\" class=\"wp-image-8472\" srcset=\"https:\/\/masterful-artists.com\/wp-content\/uploads\/2025\/03\/320px-Georges_Braque_1909_September_Violin_and_Palette_Violon_et_palette_Dans_latelier_oil_on_canvas_91.7_x_42.8_cm_Solomon_R._Guggenheim_Museum-e1741857256484.jpg 320w, https:\/\/masterful-artists.com\/wp-content\/uploads\/2025\/03\/320px-Georges_Braque_1909_September_Violin_and_Palette_Violon_et_palette_Dans_latelier_oil_on_canvas_91.7_x_42.8_cm_Solomon_R._Guggenheim_Museum-e1741857256484-135x300.jpg 135w\" sizes=\"auto, (max-width: 320px) 100vw, 320px\" \/><figcaption class=\"wp-element-caption\"><em>Violon et palette (Violon et palette, Dans l'atelier), 1909<\/em><\/figcaption><\/figure>\n<\/figure>\n\n\n\n<ul class=\"wp-block-list\">\n<li><em>Maisons \u00e0 l'Estaque<\/em> (1908) - a incit\u00e9 le critique Louis Vauxcelles \u00e0 inventer le terme \"cubisme\"<\/li>\n\n\n\n<li><em>Violon et palette<\/em> (1909) - d\u00e9montre son approche cubiste analytique<\/li>\n\n\n\n<li><em>Coupe \u00e0 fruits et verre<\/em> (1912) - pionnier de la technique du papier coll\u00e9<\/li>\n\n\n\n<li><em>Les Portugais<\/em> (1911) - illustre la maturit\u00e9 du cubisme analytique<\/li>\n<\/ul>\n\n\n\n<p>Son travail a fait l'objet de r\u00e9trospectives majeures dans des institutions prestigieuses du monde entier. Le Museum of Modern Art de New York a organis\u00e9 d'importantes expositions de son travail en 1949 et en 1989.<\/p>\n\n\n\n<p>Le Centre Pompidou \u00e0 Paris a organis\u00e9 une r\u00e9trospective compl\u00e8te en 2013, qui a attir\u00e9 l'attention sur les contributions de Braque au-del\u00e0 du cubisme.<\/p>\n\n\n\n<h3 class=\"wp-block-heading\">Reconnaissance et prix<\/h3>\n\n\n\n<p>Braque a re\u00e7u de nombreuses distinctions au cours de sa vie. Le gouvernement fran\u00e7ais lui a d\u00e9cern\u00e9 la L\u00e9gion d'honneur en 1951, en reconnaissance de sa contribution \u00e0 la culture et \u00e0 l'art fran\u00e7ais.<\/p>\n\n\n\n<p>En 1961, Braque est le premier artiste vivant \u00e0 voir ses \u0153uvres expos\u00e9es au Louvre. Cet honneur sans pr\u00e9c\u00e9dent souligne son importance dans l'histoire de l'art.<\/p>\n\n\n\n<p>Il a remport\u00e9 le prix Carnegie en 1937 pour son tableau \"La nappe jaune\". Les critiques et les historiens de l'art reconnaissent de plus en plus son r\u00f4le \u00e9gal \u00e0 celui de Picasso dans le d\u00e9veloppement du cubisme.<\/p>\n\n\n\n<p>Apr\u00e8s sa mort en 1963, l'h\u00e9ritage de Braque a \u00e9t\u00e9 consolid\u00e9 par des r\u00e9trospectives, des \u00e9tudes scientifiques et l'augmentation de la valeur de ses \u0153uvres. Ses pratiques en atelier et son approche philosophique de l'art continuent d'inspirer les artistes contemporains.<\/p>\n\n\n\n<h2 class=\"wp-block-heading\">Questions fr\u00e9quemment pos\u00e9es<\/h2>\n\n\n\n<p>Georges Braque <a href=\"https:\/\/masterful-artists.com\/fr\/alexandre-antigna-peintre-realisme-francais\/\">parcours artistique<\/a> et ses contributions \u00e0 l'art moderne suscitent souvent la curiosit\u00e9 des amateurs d'art. Son travail de pionnier, <a href=\"https:\/\/masterful-artists.com\/fr\/bernat-martorell-peintre-gothique-catalan\/\">collaborations<\/a>et son \u00e9volution en tant qu'artiste <a href=\"https:\/\/masterful-artists.com\/fr\/jules-bastien-lepage-peintre-realisme-francais\/\">mouvements significatifs<\/a> dans l'art du 20e si\u00e8cle.<\/p>\n\n\n\n<h3 class=\"wp-block-heading\">Quel est le mouvement artistique dont Georges Braque est le plus connu pour avoir \u00e9t\u00e9 le cofondateur ?<\/h3>\n\n\n\n<p>Georges Braque est surtout connu pour avoir cofond\u00e9 le cubisme avec Pablo Picasso. Ce mouvement artistique r\u00e9volutionnaire est apparu vers 1907-1908 et a rompu avec la repr\u00e9sentation traditionnelle en d\u00e9peignant des objets de plusieurs points de vue simultan\u00e9ment.<\/p>\n\n\n\n<p>Le cubisme a fondamentalement chang\u00e9 la fa\u00e7on dont les artistes abordaient l'espace et la forme dans la peinture. Les premi\u00e8res \u0153uvres cubistes de Braque, comme \"Maisons \u00e0 l'Estaque\" (1908), ont contribu\u00e9 \u00e0 \u00e9tablir la r\u00e9putation du mouvement. <a href=\"https:\/\/masterful-artists.com\/fr\/carlo-maratta-peintre-baroque\/\">style distinctif<\/a>.<\/p>\n\n\n\n<p>Le mouvement est g\u00e9n\u00e9ralement divis\u00e9 en deux phases : le cubisme analytique et le cubisme synth\u00e9tique. Braque a apport\u00e9 des contributions significatives \u00e0 ces deux p\u00e9riodes.<\/p>\n\n\n\n<h3 class=\"wp-block-heading\">Comment le style de Georges Braque a-t-il \u00e9volu\u00e9 au cours de sa carri\u00e8re ?<\/h3>\n\n\n\n<p>Braque a commenc\u00e9 comme fauviste, utilisant des couleurs vives et des coups de pinceau audacieux dans des \u0153uvres comme \"Paysage \u00e0 La Ciotat\" (1907). Son style change radicalement lorsqu'il rencontre Picasso et commence \u00e0 explorer les id\u00e9es cubistes.<\/p>\n\n\n\n<p>Au cours de sa p\u00e9riode cubiste, il passe du cubisme analytique, qui fragmente les objets, au cubisme synth\u00e9tique, qui incorpore des collages et des techniques mixtes. Apr\u00e8s la Premi\u00e8re Guerre mondiale, son travail est devenu plus color\u00e9 et d\u00e9coratif.<\/p>\n\n\n\n<p>Dans les derni\u00e8res ann\u00e9es de sa vie, Braque d\u00e9veloppe un style plus personnel, avec des oiseaux, des paysages et des int\u00e9rieurs d'atelier. Ces \u0153uvres pr\u00e9sentent un travail au pinceau plus l\u00e2che, tout en conservant son int\u00e9r\u00eat pour l'espace et la forme.<\/p>\n\n\n\n<h3 class=\"wp-block-heading\">Pouvez-vous d\u00e9tailler la collaboration entre Georges Braque et Pablo Picasso ?<\/h3>\n\n\n\n<p>Braque et Picasso ont collabor\u00e9 intens\u00e9ment entre 1908 et 1914, un partenariat souvent d\u00e9crit comme l'un des plus importants de l'histoire de l'art. <a href=\"https:\/\/masterful-artists.com\/fr\/pietro-da-cortona-peintre-baroque\/\">histoire de l'art<\/a>les plus productifs. Ils travaillaient si \u00e9troitement qu'il leur arrivait de ne pas signer leurs tableaux, ce qui rendait difficile la distinction de leurs \u0153uvres.<\/p>\n\n\n\n<p>Ensemble, ils d\u00e9veloppent le cubisme analytique, r\u00e9duisant les objets \u00e0 des formes g\u00e9om\u00e9triques et \u00e0 des points de vue multiples. En 1912, ils sont les premiers \u00e0 utiliser les techniques du papier coll\u00e9, introduisant des mat\u00e9riaux du monde r\u00e9el dans les beaux-arts.<\/p>\n\n\n\n<p>Leur collaboration prend fin lorsque Braque s'engage dans la Premi\u00e8re Guerre mondiale en 1914. Bien qu'ils soient rest\u00e9s amis, ils n'ont plus jamais travaill\u00e9 ensemble avec la m\u00eame intensit\u00e9.<\/p>\n\n\n\n<h3 class=\"wp-block-heading\">Quelles sont les peintures les plus embl\u00e9matiques de Georges Braque ?<\/h3>\n\n\n\n<p>\"Violon et palette\" (1909) illustre la p\u00e9riode cubiste analytique de Braque. Le tableau pr\u00e9sente une approche fragment\u00e9e et g\u00e9om\u00e9trique de la repr\u00e9sentation d'un violon.<\/p>\n\n\n\n<p>\"L'homme \u00e0 la guitare (1911) approfondit ces explorations de la forme et de l'espace.<\/p>\n\n\n\n<p>\"Le Portugais\" (1911) est consid\u00e9r\u00e9 comme l'un de ses chefs-d'\u0153uvre. Ce tableau t\u00e9moigne de son habilet\u00e9 \u00e0 d\u00e9composer les objets tout en conservant des \u00e9l\u00e9ments reconnaissables.<\/p>\n\n\n\n<p>\"Fruit Dish and Glass\" (1912) marque sa transition vers le cubisme synth\u00e9tique.<\/p>\n\n\n\n<p>Les \u0153uvres ult\u00e9rieures, comme la s\u00e9rie \"The Studio\" (1949-1956), t\u00e9moignent de la maturit\u00e9 de son style. Ces peintures combinent des \u00e9l\u00e9ments de nature morte avec des explorations plus lyriques de l'espace et de la lumi\u00e8re.<\/p>\n\n\n\n<h3 class=\"wp-block-heading\">Quel a \u00e9t\u00e9 l'impact de la Premi\u00e8re Guerre mondiale sur l'\u0153uvre de Georges Braque et sur son approche de la peinture ?<\/h3>\n\n\n\n<p>Braque a subi une grave blessure \u00e0 la t\u00eate pendant la Premi\u00e8re Guerre mondiale. Cette blessure a n\u00e9cessit\u00e9 une longue p\u00e9riode de convalescence.<\/p>\n\n\n\n<p>Cette exp\u00e9rience traumatisante a cr\u00e9\u00e9 une rupture importante dans son d\u00e9veloppement artistique et a mis fin \u00e0 son \u00e9troite collaboration avec Picasso.<\/p>\n\n\n\n<p>Lorsqu'il reprend la peinture en 1917, son style est devenu plus personnel et plus r\u00e9fl\u00e9chi. Ses \u0153uvres d'apr\u00e8s-guerre pr\u00e9sentent des couleurs et des textures plus riches, s'\u00e9loignant de la palette aust\u00e8re des d\u00e9buts du cubisme.<\/p>\n\n\n\n<p>L'exp\u00e9rience de la guerre l'a amen\u00e9 \u00e0 explorer des aspects plus tactiles de la peinture. Il d\u00e9veloppe une approche m\u00e9ticuleuse qui met l'accent sur les propri\u00e9t\u00e9s physiques de la peinture et de la surface.<\/p>\n\n\n\n<h3 class=\"wp-block-heading\">Quelle a \u00e9t\u00e9 l'influence de Georges Braque sur les artistes et les mouvements artistiques ult\u00e9rieurs ?<\/h3>\n\n\n\n<p>Les innovations de Braque dans le cubisme ont profond\u00e9ment influenc\u00e9 de nombreux mouvements. Parmi ceux-ci figurent le futurisme, le constructivisme et l'expressionnisme abstrait. Ses techniques de collage sont devenues fondamentales pour Dada et le surr\u00e9alisme.<\/p>\n\n\n\n<p>Son exploration de l'espace aplati et des perspectives multiples a chang\u00e9 la fa\u00e7on dont les artistes abordaient la repr\u00e9sentation. Plus tard, des artistes comme Richard Diebenkorn ont cit\u00e9 les compositions spatiales de Braque comme des influences importantes.<\/p>\n\n\n\n<p>L'approche m\u00e9thodique et r\u00e9fl\u00e9chie de Braque a \u00e9galement influenc\u00e9 des g\u00e9n\u00e9rations de peintres. Ces peintres appr\u00e9ciaient le travail artisanal et l'examen minutieux des \u00e9l\u00e9ments formels dans leurs \u0153uvres.<\/p>\n\n\n<style>.wp-block-kadence-advancedgallery .kb-gallery-type-masonry.kb-gallery-id-7493_9c2c37-1b{margin:-5.5px;}.kb-gallery-type-masonry.kb-gallery-id-7493_9c2c37-1b .kadence-blocks-gallery-item{padding:5.5px;}.kb-gallery-id-7493_9c2c37-1b .kadence-blocks-gallery-item .kb-gal-image-radius, .kb-gallery-id-7493_9c2c37-1b .kb-slide-item .kb-gal-image-radius img{border-radius:0px 0px 0px 0px;;}.kb-gallery-caption-style-bottom.kb-gallery-id-7493_9c2c37-1b .kadence-blocks-gallery-item .kadence-blocks-gallery-item-inner .kadence-blocks-gallery-item__caption, .kb-gallery-caption-style-bottom-hover.kb-gallery-id-7493_9c2c37-1b .kadence-blocks-gallery-item .kadence-blocks-gallery-item-inner .kadence-blocks-gallery-item__caption{background:linear-gradient(0deg, #000000 0, rgba(0, 0, 0, 0) 100%);}<\/style><div class=\"kb-gallery-wrap-id-7493_9c2c37-1b alignwide alignwide wp-block-kadence-advancedgallery\"><ul class=\"kb-gallery-ul kb-gallery-non-static kb-gallery-type-masonry kb-masonry-init kb-gallery-id-7493_9c2c37-1b kb-gallery-caption-style-bottom-hover kb-gallery-filter-none kb-gallery-magnific-init\" data-image-filter=\"none\" data-item-selector=\".kadence-blocks-gallery-item\" data-lightbox-caption=\"true\" data-columns-xxl=\"3\" data-columns-xl=\"3\" data-columns-md=\"3\" data-columns-sm=\"2\" data-columns-xs=\"1\" data-columns-ss=\"1\"><li class=\"kadence-blocks-gallery-item\"><div class=\"kadence-blocks-gallery-item-inner\"><figure class=\"kb-gallery-figure kb-gallery-item-has-link kadence-blocks-gallery-item-has-caption\"><a href=\"https:\/\/masterful-artists.com\/wp-content\/uploads\/2025\/03\/Georges_Braque_1908_Maisons_et_arbre_oil_on_canvas_40.5_x_32.5_cm_Lille_Metropole_Museum_of_Modern_Contemporary_and_Outsider_Art-e1741857268294.jpg\" data-description=\"Maisons et arbre (Houses at l&#039;Estaque), 1908 \u2013 Georges Braque\" class=\"kb-gallery-item-link\"   role=\"button\" aria-haspopup=\"dialog\"><div class=\"kb-gal-image-radius\" style=\"max-width:800px;\"><div class=\"kb-gallery-image-contain kadence-blocks-gallery-intrinsic\" style=\"padding-bottom:124%;\"><img loading=\"lazy\" decoding=\"async\" src=\"https:\/\/masterful-artists.com\/wp-content\/uploads\/2025\/03\/Georges_Braque_1908_Maisons_et_arbre_oil_on_canvas_40.5_x_32.5_cm_Lille_Metropole_Museum_of_Modern_Contemporary_and_Outsider_Art-e1741857268294.jpg\" width=\"800\" height=\"998\" alt=\"\" data-full-image=\"https:\/\/masterful-artists.com\/wp-content\/uploads\/2025\/03\/Georges_Braque_1908_Maisons_et_arbre_oil_on_canvas_40.5_x_32.5_cm_Lille_Metropole_Museum_of_Modern_Contemporary_and_Outsider_Art-e1741857268294.jpg\" data-light-image=\"https:\/\/masterful-artists.com\/wp-content\/uploads\/2025\/03\/Georges_Braque_1908_Maisons_et_arbre_oil_on_canvas_40.5_x_32.5_cm_Lille_Metropole_Museum_of_Modern_Contemporary_and_Outsider_Art-e1741857268294.jpg\" data-id=\"8473\" class=\"wp-image-8473\" srcset=\"https:\/\/masterful-artists.com\/wp-content\/uploads\/2025\/03\/Georges_Braque_1908_Maisons_et_arbre_oil_on_canvas_40.5_x_32.5_cm_Lille_Metropole_Museum_of_Modern_Contemporary_and_Outsider_Art-e1741857268294.jpg 800w, https:\/\/masterful-artists.com\/wp-content\/uploads\/2025\/03\/Georges_Braque_1908_Maisons_et_arbre_oil_on_canvas_40.5_x_32.5_cm_Lille_Metropole_Museum_of_Modern_Contemporary_and_Outsider_Art-e1741857268294-240x300.jpg 240w, https:\/\/masterful-artists.com\/wp-content\/uploads\/2025\/03\/Georges_Braque_1908_Maisons_et_arbre_oil_on_canvas_40.5_x_32.5_cm_Lille_Metropole_Museum_of_Modern_Contemporary_and_Outsider_Art-e1741857268294-768x958.jpg 768w\" sizes=\"auto, (max-width: 800px) 100vw, 800px\" \/><\/div><div class=\"kadence-blocks-gallery-item__caption\"><em>Maisons et arbre, 1908 - Georges Braque<\/em><\/div><\/div><\/a><\/figure><\/div><\/li><li class=\"kadence-blocks-gallery-item\"><div class=\"kadence-blocks-gallery-item-inner\"><figure class=\"kb-gallery-figure kb-gallery-item-has-link kadence-blocks-gallery-item-has-caption\"><a href=\"https:\/\/masterful-artists.com\/wp-content\/uploads\/2025\/03\/Georges_Braque_1908_photograph_published_in_Gelett_Burgess_The_Wild_Men_of_Paris_Architectural_Record_May_1910-e1741857245517.jpg\" data-description=\"A photo of Georges Braque in 1908\" data-alt=\"A photo of Georges Braque in 1908\" class=\"kb-gallery-item-link\"   role=\"button\" aria-haspopup=\"dialog\"><div class=\"kb-gal-image-radius\" style=\"max-width:391px;\"><div class=\"kb-gallery-image-contain kadence-blocks-gallery-intrinsic\" style=\"padding-bottom:140%;\"><img loading=\"lazy\" decoding=\"async\" src=\"https:\/\/masterful-artists.com\/wp-content\/uploads\/2025\/03\/Georges_Braque_1908_photograph_published_in_Gelett_Burgess_The_Wild_Men_of_Paris_Architectural_Record_May_1910-e1741857245517.jpg\" width=\"391\" height=\"550\" alt=\"Une photo de Georges Braque en 1908\" data-full-image=\"https:\/\/masterful-artists.com\/wp-content\/uploads\/2025\/03\/Georges_Braque_1908_photograph_published_in_Gelett_Burgess_The_Wild_Men_of_Paris_Architectural_Record_May_1910-e1741857245517.jpg\" data-light-image=\"https:\/\/masterful-artists.com\/wp-content\/uploads\/2025\/03\/Georges_Braque_1908_photograph_published_in_Gelett_Burgess_The_Wild_Men_of_Paris_Architectural_Record_May_1910-e1741857245517.jpg\" data-id=\"8471\" class=\"wp-image-8471\" srcset=\"https:\/\/masterful-artists.com\/wp-content\/uploads\/2025\/03\/Georges_Braque_1908_photograph_published_in_Gelett_Burgess_The_Wild_Men_of_Paris_Architectural_Record_May_1910-e1741857245517.jpg 391w, https:\/\/masterful-artists.com\/wp-content\/uploads\/2025\/03\/Georges_Braque_1908_photograph_published_in_Gelett_Burgess_The_Wild_Men_of_Paris_Architectural_Record_May_1910-e1741857245517-213x300.jpg 213w\" sizes=\"auto, (max-width: 391px) 100vw, 391px\" \/><\/div><div class=\"kadence-blocks-gallery-item__caption\"><em>Une photo de Georges Braque en 1908<\/em><\/div><\/div><\/a><\/figure><\/div><\/li><li class=\"kadence-blocks-gallery-item\"><div class=\"kadence-blocks-gallery-item-inner\"><figure class=\"kb-gallery-figure kb-gallery-item-has-link kadence-blocks-gallery-item-has-caption\"><a href=\"https:\/\/masterful-artists.com\/wp-content\/uploads\/2025\/03\/320px-Georges_Braque_1909_September_Violin_and_Palette_Violon_et_palette_Dans_latelier_oil_on_canvas_91.7_x_42.8_cm_Solomon_R._Guggenheim_Museum-e1741857256484.jpg\" data-description=\"Violin and Palette (Violon et palette, Dans l&#039;atelier), 1909\" class=\"kb-gallery-item-link\"   role=\"button\" aria-haspopup=\"dialog\"><div class=\"kb-gal-image-radius\" style=\"max-width:320px;\"><div class=\"kb-gallery-image-contain kadence-blocks-gallery-intrinsic\" style=\"padding-bottom:221%;\"><img loading=\"lazy\" decoding=\"async\" src=\"https:\/\/masterful-artists.com\/wp-content\/uploads\/2025\/03\/320px-Georges_Braque_1909_September_Violin_and_Palette_Violon_et_palette_Dans_latelier_oil_on_canvas_91.7_x_42.8_cm_Solomon_R._Guggenheim_Museum-e1741857256484.jpg\" width=\"320\" height=\"709\" alt=\"\" data-full-image=\"https:\/\/masterful-artists.com\/wp-content\/uploads\/2025\/03\/320px-Georges_Braque_1909_September_Violin_and_Palette_Violon_et_palette_Dans_latelier_oil_on_canvas_91.7_x_42.8_cm_Solomon_R._Guggenheim_Museum-e1741857256484.jpg\" data-light-image=\"https:\/\/masterful-artists.com\/wp-content\/uploads\/2025\/03\/320px-Georges_Braque_1909_September_Violin_and_Palette_Violon_et_palette_Dans_latelier_oil_on_canvas_91.7_x_42.8_cm_Solomon_R._Guggenheim_Museum-e1741857256484.jpg\" data-id=\"8472\" class=\"wp-image-8472\" srcset=\"https:\/\/masterful-artists.com\/wp-content\/uploads\/2025\/03\/320px-Georges_Braque_1909_September_Violin_and_Palette_Violon_et_palette_Dans_latelier_oil_on_canvas_91.7_x_42.8_cm_Solomon_R._Guggenheim_Museum-e1741857256484.jpg 320w, https:\/\/masterful-artists.com\/wp-content\/uploads\/2025\/03\/320px-Georges_Braque_1909_September_Violin_and_Palette_Violon_et_palette_Dans_latelier_oil_on_canvas_91.7_x_42.8_cm_Solomon_R._Guggenheim_Museum-e1741857256484-135x300.jpg 135w\" sizes=\"auto, (max-width: 320px) 100vw, 320px\" \/><\/div><div class=\"kadence-blocks-gallery-item__caption\"><em>Violon et palette (Violon et palette, Dans l'atelier), 1909<\/em><\/div><\/div><\/a><\/figure><\/div><\/li><li class=\"kadence-blocks-gallery-item\"><div class=\"kadence-blocks-gallery-item-inner\"><figure class=\"kb-gallery-figure kb-gallery-item-has-link kadence-blocks-gallery-item-has-caption\"><a href=\"https:\/\/masterful-artists.com\/wp-content\/uploads\/2025\/03\/the-weeding-machine-1961.jpgLarge-e1741857236358.jpg\" data-description=\"The Weeding Machine, 1961 by Georges Braque\" class=\"kb-gallery-item-link\"   role=\"button\" aria-haspopup=\"dialog\"><div class=\"kb-gal-image-radius\" style=\"max-width:750px;\"><div class=\"kb-gallery-image-contain kadence-blocks-gallery-intrinsic\" style=\"padding-bottom:55%;\"><img loading=\"lazy\" decoding=\"async\" src=\"https:\/\/masterful-artists.com\/wp-content\/uploads\/2025\/03\/the-weeding-machine-1961.jpgLarge-e1741857236358.jpg\" width=\"750\" height=\"416\" alt=\"\" data-full-image=\"https:\/\/masterful-artists.com\/wp-content\/uploads\/2025\/03\/the-weeding-machine-1961.jpgLarge-e1741857236358.jpg\" data-light-image=\"https:\/\/masterful-artists.com\/wp-content\/uploads\/2025\/03\/the-weeding-machine-1961.jpgLarge-e1741857236358.jpg\" data-id=\"8470\" class=\"wp-image-8470\" srcset=\"https:\/\/masterful-artists.com\/wp-content\/uploads\/2025\/03\/the-weeding-machine-1961.jpgLarge-e1741857236358.jpg 750w, https:\/\/masterful-artists.com\/wp-content\/uploads\/2025\/03\/the-weeding-machine-1961.jpgLarge-e1741857236358-300x166.jpg 300w\" sizes=\"auto, (max-width: 750px) 100vw, 750px\" \/><\/div><div class=\"kadence-blocks-gallery-item__caption\"><em>La machine \u00e0 sarcler, 1961 par Georges Braque<\/em><\/div><\/div><\/a><\/figure><\/div><\/li><li class=\"kadence-blocks-gallery-item\"><div class=\"kadence-blocks-gallery-item-inner\"><figure class=\"kb-gallery-figure kb-gallery-item-has-link kadence-blocks-gallery-item-has-caption\"><a href=\"https:\/\/masterful-artists.com\/wp-content\/uploads\/2025\/03\/nude-reclining-on-the-pedestal-1931.jpgLarge-e1741857192756.jpg\" data-description=\"Nude Reclining on the Pedestal, 1931 by Georges Braque\" class=\"kb-gallery-item-link\"   role=\"button\" aria-haspopup=\"dialog\"><div class=\"kb-gal-image-radius\" style=\"max-width:750px;\"><div class=\"kb-gallery-image-contain kadence-blocks-gallery-intrinsic\" style=\"padding-bottom:57%;\"><img loading=\"lazy\" decoding=\"async\" src=\"https:\/\/masterful-artists.com\/wp-content\/uploads\/2025\/03\/nude-reclining-on-the-pedestal-1931.jpgLarge-e1741857192756.jpg\" width=\"750\" height=\"433\" alt=\"\" data-full-image=\"https:\/\/masterful-artists.com\/wp-content\/uploads\/2025\/03\/nude-reclining-on-the-pedestal-1931.jpgLarge-e1741857192756.jpg\" data-light-image=\"https:\/\/masterful-artists.com\/wp-content\/uploads\/2025\/03\/nude-reclining-on-the-pedestal-1931.jpgLarge-e1741857192756.jpg\" data-id=\"8465\" class=\"wp-image-8465\" srcset=\"https:\/\/masterful-artists.com\/wp-content\/uploads\/2025\/03\/nude-reclining-on-the-pedestal-1931.jpgLarge-e1741857192756.jpg 750w, https:\/\/masterful-artists.com\/wp-content\/uploads\/2025\/03\/nude-reclining-on-the-pedestal-1931.jpgLarge-e1741857192756-300x173.jpg 300w\" sizes=\"auto, (max-width: 750px) 100vw, 750px\" \/><\/div><div class=\"kadence-blocks-gallery-item__caption\"><em>Nu couch\u00e9 sur le pi\u00e9destal, 1931 par Georges Braque<\/em><\/div><\/div><\/a><\/figure><\/div><\/li><li class=\"kadence-blocks-gallery-item\"><div class=\"kadence-blocks-gallery-item-inner\"><figure class=\"kb-gallery-figure kb-gallery-item-has-link kadence-blocks-gallery-item-has-caption\"><a href=\"https:\/\/masterful-artists.com\/wp-content\/uploads\/2025\/03\/still-life-with-a-guitar-1919.jpgLarge-e1741857209162.jpg\" data-description=\"Still Life with a Guitar, 1919 by Georges Braque\" class=\"kb-gallery-item-link\"   role=\"button\" aria-haspopup=\"dialog\"><div class=\"kb-gal-image-radius\" style=\"max-width:750px;\"><div class=\"kb-gallery-image-contain kadence-blocks-gallery-intrinsic\" style=\"padding-bottom:49%;\"><img loading=\"lazy\" decoding=\"async\" src=\"https:\/\/masterful-artists.com\/wp-content\/uploads\/2025\/03\/still-life-with-a-guitar-1919.jpgLarge-e1741857209162.jpg\" width=\"750\" height=\"374\" alt=\"\" data-full-image=\"https:\/\/masterful-artists.com\/wp-content\/uploads\/2025\/03\/still-life-with-a-guitar-1919.jpgLarge-e1741857209162.jpg\" data-light-image=\"https:\/\/masterful-artists.com\/wp-content\/uploads\/2025\/03\/still-life-with-a-guitar-1919.jpgLarge-e1741857209162.jpg\" data-id=\"8467\" class=\"wp-image-8467\" srcset=\"https:\/\/masterful-artists.com\/wp-content\/uploads\/2025\/03\/still-life-with-a-guitar-1919.jpgLarge-e1741857209162.jpg 750w, https:\/\/masterful-artists.com\/wp-content\/uploads\/2025\/03\/still-life-with-a-guitar-1919.jpgLarge-e1741857209162-300x150.jpg 300w\" sizes=\"auto, (max-width: 750px) 100vw, 750px\" \/><\/div><div class=\"kadence-blocks-gallery-item__caption\"><em>Nature morte \u00e0 la guitare, 1919 par Georges Braque<\/em><\/div><\/div><\/a><\/figure><\/div><\/li><li class=\"kadence-blocks-gallery-item\"><div class=\"kadence-blocks-gallery-item-inner\"><figure class=\"kb-gallery-figure kb-gallery-item-has-link kadence-blocks-gallery-item-has-caption\"><a href=\"https:\/\/masterful-artists.com\/wp-content\/uploads\/2025\/03\/the-plow-1961.jpgLarge-e1741857226103.jpg\" data-description=\"The Plow, 1961 by Georges Braque\" class=\"kb-gallery-item-link\"   role=\"button\" aria-haspopup=\"dialog\"><div class=\"kb-gal-image-radius\" style=\"max-width:750px;\"><div class=\"kb-gallery-image-contain kadence-blocks-gallery-intrinsic\" style=\"padding-bottom:58%;\"><img loading=\"lazy\" decoding=\"async\" src=\"https:\/\/masterful-artists.com\/wp-content\/uploads\/2025\/03\/the-plow-1961.jpgLarge-e1741857226103.jpg\" width=\"750\" height=\"442\" alt=\"\" data-full-image=\"https:\/\/masterful-artists.com\/wp-content\/uploads\/2025\/03\/the-plow-1961.jpgLarge-e1741857226103.jpg\" data-light-image=\"https:\/\/masterful-artists.com\/wp-content\/uploads\/2025\/03\/the-plow-1961.jpgLarge-e1741857226103.jpg\" data-id=\"8469\" class=\"wp-image-8469\" srcset=\"https:\/\/masterful-artists.com\/wp-content\/uploads\/2025\/03\/the-plow-1961.jpgLarge-e1741857226103.jpg 750w, https:\/\/masterful-artists.com\/wp-content\/uploads\/2025\/03\/the-plow-1961.jpgLarge-e1741857226103-300x177.jpg 300w\" sizes=\"auto, (max-width: 750px) 100vw, 750px\" \/><\/div><div class=\"kadence-blocks-gallery-item__caption\"><em>La charrue, 1961 par Georges Braque<\/em><\/div><\/div><\/a><\/figure><\/div><\/li><li class=\"kadence-blocks-gallery-item\"><div class=\"kadence-blocks-gallery-item-inner\"><figure class=\"kb-gallery-figure kb-gallery-item-has-link kadence-blocks-gallery-item-has-caption\"><a href=\"https:\/\/masterful-artists.com\/wp-content\/uploads\/2025\/03\/still-life-with-fruits.jpgLarge-e1741857218338.jpg\" data-description=\"Still Life with Fruits, c. 1925 by Georges Braque\" class=\"kb-gallery-item-link\"   role=\"button\" aria-haspopup=\"dialog\"><div class=\"kb-gal-image-radius\" style=\"max-width:750px;\"><div class=\"kb-gallery-image-contain kadence-blocks-gallery-intrinsic\" style=\"padding-bottom:47%;\"><img loading=\"lazy\" decoding=\"async\" src=\"https:\/\/masterful-artists.com\/wp-content\/uploads\/2025\/03\/still-life-with-fruits.jpgLarge-e1741857218338.jpg\" width=\"750\" height=\"356\" alt=\"\" data-full-image=\"https:\/\/masterful-artists.com\/wp-content\/uploads\/2025\/03\/still-life-with-fruits.jpgLarge-e1741857218338.jpg\" data-light-image=\"https:\/\/masterful-artists.com\/wp-content\/uploads\/2025\/03\/still-life-with-fruits.jpgLarge-e1741857218338.jpg\" data-id=\"8468\" class=\"wp-image-8468\" srcset=\"https:\/\/masterful-artists.com\/wp-content\/uploads\/2025\/03\/still-life-with-fruits.jpgLarge-e1741857218338.jpg 750w, https:\/\/masterful-artists.com\/wp-content\/uploads\/2025\/03\/still-life-with-fruits.jpgLarge-e1741857218338-300x142.jpg 300w\" sizes=\"auto, (max-width: 750px) 100vw, 750px\" \/><\/div><div class=\"kadence-blocks-gallery-item__caption\"><em>Nature morte aux fruits, vers 1925 par Georges Braque<\/em><\/div><\/div><\/a><\/figure><\/div><\/li><li class=\"kadence-blocks-gallery-item\"><div class=\"kadence-blocks-gallery-item-inner\"><figure class=\"kb-gallery-figure kb-gallery-item-has-link kadence-blocks-gallery-item-has-caption\"><a href=\"https:\/\/masterful-artists.com\/wp-content\/uploads\/2025\/03\/still-life-mandolin-ii.jpgLarge-e1741857182633.jpg\" data-description=\"Still Life Mandolin II, c.1939 \u2013 Georges Braque\" class=\"kb-gallery-item-link\"   role=\"button\" aria-haspopup=\"dialog\"><div class=\"kb-gal-image-radius\" style=\"max-width:750px;\"><div class=\"kb-gallery-image-contain kadence-blocks-gallery-intrinsic\" style=\"padding-bottom:54%;\"><img loading=\"lazy\" decoding=\"async\" src=\"https:\/\/masterful-artists.com\/wp-content\/uploads\/2025\/03\/still-life-mandolin-ii.jpgLarge-e1741857182633.jpg\" width=\"750\" height=\"407\" alt=\"\" data-full-image=\"https:\/\/masterful-artists.com\/wp-content\/uploads\/2025\/03\/still-life-mandolin-ii.jpgLarge-e1741857182633.jpg\" data-light-image=\"https:\/\/masterful-artists.com\/wp-content\/uploads\/2025\/03\/still-life-mandolin-ii.jpgLarge-e1741857182633.jpg\" data-id=\"8464\" class=\"wp-image-8464\" srcset=\"https:\/\/masterful-artists.com\/wp-content\/uploads\/2025\/03\/still-life-mandolin-ii.jpgLarge-e1741857182633.jpg 750w, https:\/\/masterful-artists.com\/wp-content\/uploads\/2025\/03\/still-life-mandolin-ii.jpgLarge-e1741857182633-300x163.jpg 300w\" sizes=\"auto, (max-width: 750px) 100vw, 750px\" \/><\/div><div class=\"kadence-blocks-gallery-item__caption\"><em>Nature morte \u00e0 la mandoline II, vers 1939 - Georges Braque<\/em><\/div><\/div><\/a><\/figure><\/div><\/li><li class=\"kadence-blocks-gallery-item\"><div class=\"kadence-blocks-gallery-item-inner\"><figure class=\"kb-gallery-figure kb-gallery-item-has-link kadence-blocks-gallery-item-has-caption\"><a href=\"https:\/\/masterful-artists.com\/wp-content\/uploads\/2025\/03\/78.2514.2_ph_web-e1741857400158.jpg\" data-description=\"Teapot on Yellow Background (Th\u00e9i\u00e8re sur fond jaune), 1955\" data-alt=\"Teapot on Yellow Background (Th\u00e9i\u00e8re sur fond jaune), 1955\" class=\"kb-gallery-item-link\"   role=\"button\" aria-haspopup=\"dialog\"><div class=\"kb-gal-image-radius\" style=\"max-width:1280px;\"><div class=\"kb-gallery-image-contain kadence-blocks-gallery-intrinsic\" style=\"padding-bottom:54%;\"><img loading=\"lazy\" decoding=\"async\" src=\"https:\/\/masterful-artists.com\/wp-content\/uploads\/2025\/03\/78.2514.2_ph_web-e1741857400158.jpg\" width=\"1280\" height=\"698\" alt=\"Th\u00e9i\u00e8re sur fond jaune, 1955\" data-full-image=\"https:\/\/masterful-artists.com\/wp-content\/uploads\/2025\/03\/78.2514.2_ph_web-e1741857400158.jpg\" data-light-image=\"https:\/\/masterful-artists.com\/wp-content\/uploads\/2025\/03\/78.2514.2_ph_web-e1741857400158.jpg\" data-id=\"8474\" class=\"wp-image-8474\" srcset=\"https:\/\/masterful-artists.com\/wp-content\/uploads\/2025\/03\/78.2514.2_ph_web-e1741857400158.jpg 1280w, https:\/\/masterful-artists.com\/wp-content\/uploads\/2025\/03\/78.2514.2_ph_web-e1741857400158-300x164.jpg 300w, https:\/\/masterful-artists.com\/wp-content\/uploads\/2025\/03\/78.2514.2_ph_web-e1741857400158-1024x558.jpg 1024w, https:\/\/masterful-artists.com\/wp-content\/uploads\/2025\/03\/78.2514.2_ph_web-e1741857400158-768x419.jpg 768w\" sizes=\"auto, (max-width: 1280px) 100vw, 1280px\" \/><\/div><div class=\"kadence-blocks-gallery-item__caption\"><em>Th\u00e9i\u00e8re sur fond jaune, 1955<\/em><\/div><\/div><\/a><\/figure><\/div><\/li><\/ul><\/div>\n\n\n<p><\/p>","protected":false},"excerpt":{"rendered":"<p>Explorez les peintures de Georges Braque, o\u00f9 la g\u00e9om\u00e9trie audacieuse, les perspectives changeantes et les techniques innovantes d\u00e9finissent l'essence du cubisme.<\/p>","protected":false},"author":3,"featured_media":8474,"comment_status":"closed","ping_status":"closed","sticky":false,"template":"","format":"standard","meta":{"_kad_blocks_custom_css":"","_kad_blocks_head_custom_js":"","_kad_blocks_body_custom_js":"","_kad_blocks_footer_custom_js":"","_kad_post_transparent":"","_kad_post_title":"","_kad_post_layout":"","_kad_post_sidebar_id":"","_kad_post_content_style":"","_kad_post_vertical_padding":"","_kad_post_feature":"","_kad_post_feature_position":"","_kad_post_header":false,"_kad_post_footer":false,"_kad_post_classname":"","footnotes":""},"categories":[91,189,177,197,124,52,72,133,165,147],"tags":[37,31,210,29,26,158,134,27],"class_list":["post-7493","post","type-post","status-publish","format-standard","has-post-thumbnail","hentry","category-french","category-abstract-expressionism","category-cubism","category-futurism","category-impressionism","category-painters","category-sculptor","category-still-life","category-surrealism","category-symbolism","tag-abstract-expressionism","tag-cubism","tag-dada","tag-fauvism","tag-impressionism","tag-painter","tag-still-life","tag-surrealism"],"taxonomy_info":{"category":[{"value":91,"label":"French"},{"value":189,"label":"Abstract Expressionism"},{"value":177,"label":"Cubism"},{"value":197,"label":"Futurism"},{"value":124,"label":"Impressionism"},{"value":52,"label":"Painters"},{"value":72,"label":"Sculptor"},{"value":133,"label":"Still Life"},{"value":165,"label":"Surrealism"},{"value":147,"label":"Symbolism"}],"post_tag":[{"value":37,"label":"Abstract Expressionism"},{"value":31,"label":"Cubism"},{"value":210,"label":"Dada"},{"value":29,"label":"Fauvism"},{"value":26,"label":"Impressionism"},{"value":158,"label":"Painter"},{"value":134,"label":"Still life"},{"value":27,"label":"Surrealism"}]},"featured_image_src_large":["https:\/\/masterful-artists.com\/wp-content\/uploads\/2025\/03\/78.2514.2_ph_web-e1741857400158-1024x558.jpg",1024,558,true],"author_info":{"display_name":"Richard J. Sheppard","author_link":"https:\/\/masterful-artists.com\/fr\/author\/koala\/"},"comment_info":0,"category_info":[{"term_id":91,"name":"French","slug":"french","term_group":0,"term_taxonomy_id":91,"taxonomy":"category","description":"","parent":0,"count":78,"filter":"raw","cat_ID":91,"category_count":78,"category_description":"","cat_name":"French","category_nicename":"french","category_parent":0},{"term_id":189,"name":"Abstract Expressionism","slug":"abstract-expressionism","term_group":0,"term_taxonomy_id":189,"taxonomy":"category","description":"","parent":0,"count":70,"filter":"raw","cat_ID":189,"category_count":70,"category_description":"","cat_name":"Abstract Expressionism","category_nicename":"abstract-expressionism","category_parent":0},{"term_id":177,"name":"Cubism","slug":"cubism","term_group":0,"term_taxonomy_id":177,"taxonomy":"category","description":"","parent":0,"count":27,"filter":"raw","cat_ID":177,"category_count":27,"category_description":"","cat_name":"Cubism","category_nicename":"cubism","category_parent":0},{"term_id":197,"name":"Futurism","slug":"futurism","term_group":0,"term_taxonomy_id":197,"taxonomy":"category","description":"","parent":196,"count":5,"filter":"raw","cat_ID":197,"category_count":5,"category_description":"","cat_name":"Futurism","category_nicename":"futurism","category_parent":196},{"term_id":124,"name":"Impressionism","slug":"impressionism","term_group":0,"term_taxonomy_id":124,"taxonomy":"category","description":"","parent":0,"count":103,"filter":"raw","cat_ID":124,"category_count":103,"category_description":"","cat_name":"Impressionism","category_nicename":"impressionism","category_parent":0},{"term_id":52,"name":"Painters","slug":"painters","term_group":0,"term_taxonomy_id":52,"taxonomy":"category","description":"","parent":0,"count":404,"filter":"raw","cat_ID":52,"category_count":404,"category_description":"","cat_name":"Painters","category_nicename":"painters","category_parent":0},{"term_id":72,"name":"Sculptor","slug":"sculptor","term_group":0,"term_taxonomy_id":72,"taxonomy":"category","description":"","parent":0,"count":65,"filter":"raw","cat_ID":72,"category_count":65,"category_description":"","cat_name":"Sculptor","category_nicename":"sculptor","category_parent":0},{"term_id":133,"name":"Still Life","slug":"still-life","term_group":0,"term_taxonomy_id":133,"taxonomy":"category","description":"","parent":0,"count":36,"filter":"raw","cat_ID":133,"category_count":36,"category_description":"","cat_name":"Still Life","category_nicename":"still-life","category_parent":0},{"term_id":165,"name":"Surrealism","slug":"surrealism","term_group":0,"term_taxonomy_id":165,"taxonomy":"category","description":"","parent":0,"count":30,"filter":"raw","cat_ID":165,"category_count":30,"category_description":"","cat_name":"Surrealism","category_nicename":"surrealism","category_parent":0},{"term_id":147,"name":"Symbolism","slug":"symbolism","term_group":0,"term_taxonomy_id":147,"taxonomy":"category","description":"","parent":0,"count":105,"filter":"raw","cat_ID":147,"category_count":105,"category_description":"","cat_name":"Symbolism","category_nicename":"symbolism","category_parent":0}],"tag_info":[{"term_id":37,"name":"Abstract Expressionism","slug":"abstract-expressionism","term_group":0,"term_taxonomy_id":37,"taxonomy":"post_tag","description":"\r\n","parent":0,"count":59,"filter":"raw"},{"term_id":31,"name":"Cubism","slug":"cubism","term_group":0,"term_taxonomy_id":31,"taxonomy":"post_tag","description":"","parent":0,"count":26,"filter":"raw"},{"term_id":210,"name":"Dada","slug":"dada","term_group":0,"term_taxonomy_id":210,"taxonomy":"post_tag","description":"","parent":0,"count":6,"filter":"raw"},{"term_id":29,"name":"Fauvism","slug":"fauvism","term_group":0,"term_taxonomy_id":29,"taxonomy":"post_tag","description":"","parent":0,"count":5,"filter":"raw"},{"term_id":26,"name":"Impressionism","slug":"impressionism","term_group":0,"term_taxonomy_id":26,"taxonomy":"post_tag","description":"","parent":0,"count":104,"filter":"raw"},{"term_id":158,"name":"Painter","slug":"painter","term_group":0,"term_taxonomy_id":158,"taxonomy":"post_tag","description":"","parent":0,"count":246,"filter":"raw"},{"term_id":134,"name":"Still life","slug":"still-life","term_group":0,"term_taxonomy_id":134,"taxonomy":"post_tag","description":"","parent":0,"count":19,"filter":"raw"},{"term_id":27,"name":"Surrealism","slug":"surrealism","term_group":0,"term_taxonomy_id":27,"taxonomy":"post_tag","description":"","parent":0,"count":43,"filter":"raw"}],"_links":{"self":[{"href":"https:\/\/masterful-artists.com\/fr\/wp-json\/wp\/v2\/posts\/7493","targetHints":{"allow":["GET"]}}],"collection":[{"href":"https:\/\/masterful-artists.com\/fr\/wp-json\/wp\/v2\/posts"}],"about":[{"href":"https:\/\/masterful-artists.com\/fr\/wp-json\/wp\/v2\/types\/post"}],"author":[{"embeddable":true,"href":"https:\/\/masterful-artists.com\/fr\/wp-json\/wp\/v2\/users\/3"}],"replies":[{"embeddable":true,"href":"https:\/\/masterful-artists.com\/fr\/wp-json\/wp\/v2\/comments?post=7493"}],"version-history":[{"count":1,"href":"https:\/\/masterful-artists.com\/fr\/wp-json\/wp\/v2\/posts\/7493\/revisions"}],"predecessor-version":[{"id":8475,"href":"https:\/\/masterful-artists.com\/fr\/wp-json\/wp\/v2\/posts\/7493\/revisions\/8475"}],"wp:featuredmedia":[{"embeddable":true,"href":"https:\/\/masterful-artists.com\/fr\/wp-json\/wp\/v2\/media\/8474"}],"wp:attachment":[{"href":"https:\/\/masterful-artists.com\/fr\/wp-json\/wp\/v2\/media?parent=7493"}],"wp:term":[{"taxonomy":"category","embeddable":true,"href":"https:\/\/masterful-artists.com\/fr\/wp-json\/wp\/v2\/categories?post=7493"},{"taxonomy":"post_tag","embeddable":true,"href":"https:\/\/masterful-artists.com\/fr\/wp-json\/wp\/v2\/tags?post=7493"}],"curies":[{"name":"wp","href":"https:\/\/api.w.org\/{rel}","templated":true}]}}