{"id":7496,"date":"2025-04-07T11:00:00","date_gmt":"2025-04-07T11:00:00","guid":{"rendered":"https:\/\/masterful-artists.com\/?p=7496"},"modified":"2025-03-30T12:07:05","modified_gmt":"2025-03-30T12:07:05","slug":"salvador-dali-peintre","status":"publish","type":"post","link":"https:\/\/masterful-artists.com\/fr\/salvador-dali-peintre\/","title":{"rendered":"Salvador Dal\u00ed Peintre : Le ma\u00eetre surr\u00e9aliste qui a transform\u00e9 l'art moderne"},"content":{"rendered":"<style>.kt-sc7496_2729e4-25 .kt-sc-imgcol, .kt-sc7496_2729e4-25 .kt-sc-textcol{min-height:450px;}.kt-sc7496_2729e4-25 .kt-sc-imgcol{background-size:cover;background-image:url(https:\/\/masterful-artists.com\/wp-content\/uploads\/2025\/03\/Dali_Harcourt_1936-e1741871380990.jpg);}.kt-sc7496_2729e4-25 .kt-sc-textcol{padding-top:24px;padding-right:24px;padding-bottom:24px;padding-left:24px;margin-top:0px;margin-right:0px;margin-bottom:0px;margin-left:0px;}@media all and (max-width: 767px){.kt-sc7496_2729e4-25 .kt-sc-imgcol, .kt-sc7496_2729e4-25 .kt-sc-textcol{min-height:450px;}}<\/style>\n<div class=\"alignwide kt-sc7496_2729e4-25 wp-block-kadence-splitcontent\"><div class=\"kt-split-content-wrap kt-sc-media-side-right\" style=\"grid-template-columns:auto 50%\"><div class=\"kt-sc-imgcol kt-sc-imgcol-bg-cover kt-sc-img-side-right\"><\/div><div class=\"kt-sc-textcol kt-sc-text-valign-center kt-sc-text-halign-left\" style=\"box-shadow:20px 15px 25px -8px rgba(0, 0, 0, 0.2)\"><div class=\"kt-sc-innter-col\">\n<p>N\u00e9e : 11 mai 1904, Figueres, Espagne<\/p>\n\n\n\n<p>D\u00e9c\u00e8s : 23 janvier 1989, Figueres, Espagne<\/p>\n\n\n\n<p>Mouvement artistique : Surr\u00e9alisme<\/p>\n\n\n\n<p style=\"font-size:19px\">Nationalit\u00e9 : Espagnole<\/p>\n\n\n\n<p>Influenc\u00e9 par : Pablo Picasso et Joan Mir\u00f3<\/p>\n\n\n\n<p>Institution : Acad\u00e9mie royale des beaux-arts de San Fernando et \u00e9cole municipale de dessin, Espagne<\/p>\n<\/div><\/div><\/div><\/div>\n\n\n\n<p class=\"has-text-align-right has-small-font-size\"><em><sub>Salvador Dal\u00ed Peintre : Le ma\u00eetre surr\u00e9aliste qui a transform\u00e9 l'art moderne<\/sub><\/em><\/p>\n\n\n<style>.kb-table-of-content-nav.kb-table-of-content-id7496_59a022-2b .kb-table-of-content-wrap{padding-top:var(--global-kb-spacing-sm, 1.5rem);padding-right:var(--global-kb-spacing-sm, 1.5rem);padding-bottom:var(--global-kb-spacing-sm, 1.5rem);padding-left:var(--global-kb-spacing-sm, 1.5rem);background-color:var(--global-palette1, #3182CE);max-width:1001px;}.kb-table-of-content-nav.kb-table-of-content-id7496_59a022-2b .kb-table-of-contents-title-wrap{padding-top:0px;padding-right:0px;padding-bottom:0px;padding-left:0px;}.kb-table-of-content-nav.kb-table-of-content-id7496_59a022-2b .kb-table-of-contents-title-wrap{color:var(--global-palette3, #1A202C);}.kb-table-of-content-nav.kb-table-of-content-id7496_59a022-2b .kb-table-of-contents-title{color:var(--global-palette3, #1A202C);letter-spacing:4.9px;font-weight:regular;font-style:normal;text-transform:uppercase;}.kb-table-of-content-nav.kb-table-of-content-id7496_59a022-2b .kb-table-of-content-wrap .kb-table-of-content-list{color:var(--global-palette3, #1A202C);font-size:20px;letter-spacing:-0.1px;font-weight:bold;font-style:normal;text-transform:none;margin-top:var(--global-kb-spacing-sm, 1.5rem);margin-right:0px;margin-bottom:0px;margin-left:0px;}.kb-table-of-content-nav.kb-table-of-content-id7496_59a022-2b .kb-table-of-content-wrap .kb-table-of-content-list .active > .kb-table-of-contents__entry{color:var(--global-palette7, #EDF2F7);}.kb-table-of-content-nav.kb-table-of-content-id7496_59a022-2b .kb-toggle-icon-style-basiccircle .kb-table-of-contents-icon-trigger:after, .kb-table-of-content-nav.kb-table-of-content-id7496_59a022-2b .kb-toggle-icon-style-basiccircle .kb-table-of-contents-icon-trigger:before, .kb-table-of-content-nav.kb-table-of-content-id7496_59a022-2b .kb-toggle-icon-style-arrowcircle .kb-table-of-contents-icon-trigger:after, .kb-table-of-content-nav.kb-table-of-content-id7496_59a022-2b .kb-toggle-icon-style-arrowcircle .kb-table-of-contents-icon-trigger:before, .kb-table-of-content-nav.kb-table-of-content-id7496_59a022-2b .kb-toggle-icon-style-xclosecircle .kb-table-of-contents-icon-trigger:after, .kb-table-of-content-nav.kb-table-of-content-id7496_59a022-2b .kb-toggle-icon-style-xclosecircle .kb-table-of-contents-icon-trigger:before{background-color:var(--global-palette1, #3182CE);}@media all and (max-width: 767px){.kb-table-of-content-nav.kb-table-of-content-id7496_59a022-2b .kb-table-of-contents-title{font-size:var(--global-kb-font-size-md, 1.25rem);}.kb-table-of-content-nav.kb-table-of-content-id7496_59a022-2b .kb-table-of-content-wrap .kb-table-of-content-list{font-size:var(--global-kb-font-size-md, 1.25rem);}}<\/style>\n\n\n<h2 class=\"wp-block-heading\">L'enfance et l'\u00e9ducation de Salvador Dal\u00ed<\/h2>\n\n\n\n<p>Le parcours de Salvador Dal\u00ed pour devenir l'un des personnages les plus influents de l'histoire de l'humanit\u00e9. <a href=\"https:\/\/masterful-artists.com\/fr\/artistes\/\">artistes surr\u00e9alistes<\/a> a commenc\u00e9 d\u00e8s son enfance en Espagne. Son \u00e9ducation et son d\u00e9veloppement artistique pr\u00e9coce ont jet\u00e9 les bases de son style distinctif et de sa vision cr\u00e9ative.<\/p>\n\n\n\n<h3 class=\"wp-block-heading\">Naissance et enfance<\/h3>\n\n\n\n<p>Salvador Dal\u00ed est n\u00e9 le 11 mai 1904 \u00e0 Figueres, en Espagne, une petite ville de Catalogne proche de la fronti\u00e8re fran\u00e7aise. Son p\u00e8re, Salvador Dal\u00ed i Cus\u00ed, travaille comme notaire et maintient une discipline stricte \u00e0 la maison. Sa m\u00e8re, Felipa Domenech Ferr\u00e9s, encourage les int\u00e9r\u00eats artistiques du jeune Salvador.<\/p>\n\n\n\n<figure class=\"wp-block-gallery has-nested-images columns-default is-cropped wp-block-gallery-1 is-layout-flex wp-block-gallery-is-layout-flex\">\n<figure class=\"wp-block-image size-large\"><img loading=\"lazy\" decoding=\"async\" width=\"640\" height=\"359\" data-id=\"8490\" src=\"https:\/\/masterful-artists.com\/wp-content\/uploads\/2025\/03\/composition-1-e1741871407151.jpg\" alt=\"Composition, 1928 refl\u00e8te l&#039;adh\u00e9sion croissante de Dal\u00ed au surr\u00e9alisme, m\u00ealant l&#039;abstraction \u00e0 l&#039;imagerie onirique.\" class=\"wp-image-8490\" srcset=\"https:\/\/masterful-artists.com\/wp-content\/uploads\/2025\/03\/composition-1-e1741871407151.jpg 640w, https:\/\/masterful-artists.com\/wp-content\/uploads\/2025\/03\/composition-1-e1741871407151-300x168.jpg 300w\" sizes=\"auto, (max-width: 640px) 100vw, 640px\" \/><\/figure>\n<\/figure>\n\n\n\n<p class=\"has-text-align-center\"><em><sub>Composition, 1928 par Salvador Dal\u00ed<\/sub><\/em><\/p>\n\n\n\n<p>Les parents de Dal\u00ed lui avaient dit qu'il \u00e9tait la r\u00e9incarnation de son fr\u00e8re a\u00een\u00e9, \u00e9galement nomm\u00e9 Salvador, qui \u00e9tait mort neuf mois avant sa naissance. Il en r\u00e9sulte une relation complexe avec l'identit\u00e9 qui influencera son \u0153uvre ult\u00e9rieure.<\/p>\n\n\n\n<p>Les paysages de Catalogne, avec ses formations rocheuses uniques au cap Creus, ont fait une impression durable sur le jeune Dal\u00ed. Ces formes appara\u00eetront plus tard dans nombre de ses peintures.<\/p>\n\n\n\n<h3 class=\"wp-block-heading\">Les ann\u00e9es de formation \u00e0 l'art<\/h3>\n\n\n\n<p>D\u00e8s son plus jeune \u00e2ge, Dal\u00ed fait preuve d'un talent artistique remarquable. \u00c0 10 ans, il re\u00e7oit ses premi\u00e8res le\u00e7ons de dessin de l'artiste local Ram\u00f3n Pichot, un ami de la famille.<\/p>\n\n\n\n<p>\u00c0 l'\u00e2ge de 13 ans, Dal\u00ed pr\u00e9sente sa premi\u00e8re exposition publique au th\u00e9\u00e2tre municipal de Figueres. Son p\u00e8re a am\u00e9nag\u00e9 une petite pi\u00e8ce dans leur maison pour en faire son premier atelier, soutenant le d\u00e9veloppement artistique de son fils tout en s'inqui\u00e9tant de son choix de carri\u00e8re.<\/p>\n\n\n\n<p>En 1916, Dal\u00ed d\u00e9couvre la peinture moderne lors de vacances d'\u00e9t\u00e9 \u00e0 Cadaqu\u00e9s. Cette exposition \u00e0 l'art contemporain lui ouvre les yeux sur de nouvelles possibilit\u00e9s. Il exp\u00e9rimente alors diff\u00e9rents styles, dont l'impressionnisme et le pointillisme.<\/p>\n\n\n\n<p>Ses premi\u00e8res \u0153uvres t\u00e9moignent d'une remarquable habilet\u00e9 technique, avec un souci du d\u00e9tail qui deviendra sa marque de fabrique plus tard dans sa vie.<\/p>\n\n\n\n<h3 class=\"wp-block-heading\">Influence de l'impressionnisme et du cubisme<\/h3>\n\n\n\n<p>Entre 1918 et 1921, Dal\u00ed s'impr\u00e8gne de divers mouvements artistiques qui fa\u00e7onnent son style. Il \u00e9tudie les \u0153uvres de ma\u00eetres impressionnistes comme Claude Monet et est fascin\u00e9 par leur utilisation de la lumi\u00e8re et de la couleur.<\/p>\n\n\n\n<figure class=\"wp-block-gallery has-nested-images columns-default is-cropped wp-block-gallery-2 is-layout-flex wp-block-gallery-is-layout-flex\">\n<figure class=\"wp-block-image size-large\"><img loading=\"lazy\" decoding=\"async\" width=\"750\" height=\"445\" data-id=\"8488\" src=\"https:\/\/masterful-artists.com\/wp-content\/uploads\/2025\/03\/the-enigma-of-william-tell.jpgLarge-e1741871389105.jpg\" alt=\"L&#039;\u00e9nigme de Guillaume Tell, 1933 refl\u00e8te les conflits psychologiques de Dal\u00ed, en particulier sa relation troubl\u00e9e avec son p\u00e8re.\" class=\"wp-image-8488\" srcset=\"https:\/\/masterful-artists.com\/wp-content\/uploads\/2025\/03\/the-enigma-of-william-tell.jpgLarge-e1741871389105.jpg 750w, https:\/\/masterful-artists.com\/wp-content\/uploads\/2025\/03\/the-enigma-of-william-tell.jpgLarge-e1741871389105-300x178.jpg 300w\" sizes=\"auto, (max-width: 750px) 100vw, 750px\" \/><\/figure>\n<\/figure>\n\n\n\n<p class=\"has-text-align-center\"><em><sub>L'\u00e9nigme de Guillaume Tell, 1933 par Salvador Dal\u00ed<\/sub><\/em><\/p>\n\n\n\n<p>Le cubisme a eu un impact profond sur les premi\u00e8res \u0153uvres de Dal\u00ed. Il \u00e9tudie l'approche r\u00e9volutionnaire des formes et de l'espace de Pablo Picasso. Les perspectives fragment\u00e9es du cubisme ont \u00e9veill\u00e9 l'int\u00e9r\u00eat de Dal\u00ed pour la perception et la r\u00e9alit\u00e9.<\/p>\n\n\n\n<p>Il s'est \u00e9galement inspir\u00e9 de ma\u00eetres espagnols comme Diego Vel\u00e1zquez et Francisco Goya. Leur pr\u00e9cision technique et leurs th\u00e8mes parfois sombres r\u00e9sonnent avec sa sensibilit\u00e9.<\/p>\n\n\n\n<p>Au cours de cette p\u00e9riode, Dal\u00ed produit des \u0153uvres qui refl\u00e8tent ces influences tout en d\u00e9veloppant sa propre approche. Ses peintures commencent \u00e0 montrer les d\u00e9tails m\u00e9ticuleux et la pr\u00e9cision qui d\u00e9finiront plus tard son travail de maturit\u00e9.<\/p>\n\n\n\n<h3 class=\"wp-block-heading\">Acad\u00e9mie de San Fernando<\/h3>\n\n\n\n<p>En 1922, Dal\u00ed s'inscrit \u00e0 l'Acad\u00e9mie royale des beaux-arts de San Fernando \u00e0 Madrid. Cette prestigieuse institution a form\u00e9 de nombreux artistes espagnols de premier plan. Malgr\u00e9 son talent, le s\u00e9jour de Dal\u00ed \u00e0 l'Acad\u00e9mie est mouvement\u00e9.<\/p>\n\n\n\n<p>Son comportement excentrique et son apparence flamboyante - notamment ses cheveux longs et ses v\u00eatements inhabituels - le distinguent de ses pairs. Il a d\u00e9lib\u00e9r\u00e9ment cultiv\u00e9 cette image pour en faire une partie de son identit\u00e9 artistique.<\/p>\n\n\n\n<p>\u00c0 l'acad\u00e9mie, Dal\u00ed ma\u00eetrise les techniques traditionnelles tout en continuant \u00e0 explorer les mouvements modernes. Ses professeurs remarquent ses qualit\u00e9s exceptionnelles de dessinateur et de technicien. Cependant, il se heurte aux figures d'autorit\u00e9 et finit par \u00eatre renvoy\u00e9 en 1926, juste avant ses examens finaux.<\/p>\n\n\n\n<p>Pendant son s\u00e9jour \u00e0 Madrid, Dal\u00ed noue d'importantes amiti\u00e9s avec de futures personnalit\u00e9s influentes, dont le cin\u00e9aste Luis Bu\u00f1uel et le po\u00e8te Federico Garc\u00eda Lorca. Ces relations auront un impact significatif sur son d\u00e9veloppement artistique et ses collaborations ult\u00e9rieures.<\/p>\n\n\n\n<h2 class=\"wp-block-heading\">\u0152uvres principales et style artistique<\/h2>\n\n\n\n<p>Salvador Dal\u00ed a cr\u00e9\u00e9 des \u0153uvres d'art remarquables qui t\u00e9moignent de sa vision unique et de sa capacit\u00e9 \u00e0 s'adapter \u00e0 l'\u00e9volution du monde. <a href=\"https:\/\/masterful-artists.com\/fr\/le-realisme-dans-lart\/\">comp\u00e9tence technique<\/a>. Ses peintures combinent des \u00e9l\u00e9ments oniriques et une ex\u00e9cution pr\u00e9cise, ce qui lui vaut d'\u00eatre consid\u00e9r\u00e9 comme un des plus grands artistes de l'histoire de l'art. <a href=\"https:\/\/masterful-artists.com\/fr\/galerie\/\">ma\u00eetre du surr\u00e9alisme<\/a>.<\/p>\n\n\n\n<h3 class=\"wp-block-heading\">La persistance de la m\u00e9moire<\/h3>\n\n\n\n<p>\"La persistance de la m\u00e9moire\" (1931) reste le chef-d'\u0153uvre le plus connu de Dal\u00ed. Le tableau repr\u00e9sente des montres \u00e0 gousset fondantes drap\u00e9es sur divers objets dans un paysage aride. Ces montres molles repr\u00e9sentent l'id\u00e9e de Dal\u00ed selon laquelle le temps n'est pas rigide mais fluide.<\/p>\n\n\n\n<figure class=\"wp-block-gallery has-nested-images columns-default is-cropped wp-block-gallery-3 is-layout-flex wp-block-gallery-is-layout-flex\">\n<figure class=\"wp-block-image size-large\"><img loading=\"lazy\" decoding=\"async\" width=\"368\" height=\"271\" data-id=\"8497\" src=\"https:\/\/masterful-artists.com\/wp-content\/uploads\/2025\/03\/The_Persistence_of_Memory-1-e1741871474548.jpg\" alt=\"La Persistance de la m\u00e9moire, 1931, de Salvador Dal\u00ed, refl\u00e8te la fluidit\u00e9 du temps et l&#039;instabilit\u00e9 de la r\u00e9alit\u00e9. \" class=\"wp-image-8497\" srcset=\"https:\/\/masterful-artists.com\/wp-content\/uploads\/2025\/03\/The_Persistence_of_Memory-1-e1741871474548.jpg 368w, https:\/\/masterful-artists.com\/wp-content\/uploads\/2025\/03\/The_Persistence_of_Memory-1-e1741871474548-300x221.jpg 300w\" sizes=\"auto, (max-width: 368px) 100vw, 368px\" \/><\/figure>\n<\/figure>\n\n\n\n<p class=\"has-text-align-center\"><em><sub>La persistance de la m\u00e9moire, 1931, Salvador Dal\u00ed<\/sub><\/em><\/p>\n\n\n\n<p>Le petit personnage central aux yeux ferm\u00e9s sugg\u00e8re un visage endormi, ce qui renforce le caract\u00e8re onirique de l'\u0153uvre. Le tableau ne mesure que 24 \u00d7 33 cm mais a eu un impact \u00e9norme sur l'art et la culture populaire.<\/p>\n\n\n\n<p>Dal\u00ed a peint cette \u0153uvre avec une attention m\u00e9ticuleuse aux d\u00e9tails, en utilisant une technique qu'il appelait \"photographies de r\u00eave peintes \u00e0 la main\". Les montres molles sont devenues un symbole embl\u00e9matique du surr\u00e9alisme et de la vision artistique de Dal\u00ed.<\/p>\n\n\n\n<h3 class=\"wp-block-heading\">Galat\u00e9e des sph\u00e8res<\/h3>\n\n\n\n<p>\"Galat\u00e9e des sph\u00e8res\" (1952) montre le visage de Gala, l'\u00e9pouse de Dal\u00ed, bris\u00e9 en sph\u00e8res flottantes. Cette peinture marque l'int\u00e9r\u00eat de Dal\u00ed pour la physique nucl\u00e9aire et la th\u00e9orie atomique apr\u00e8s les bombardements d'Hiroshima et de Nagasaki.<\/p>\n\n\n\n<figure class=\"wp-block-gallery has-nested-images columns-default is-cropped wp-block-gallery-4 is-layout-flex wp-block-gallery-is-layout-flex\">\n<figure class=\"wp-block-image size-large\"><img loading=\"lazy\" decoding=\"async\" width=\"276\" height=\"361\" data-id=\"8496\" src=\"https:\/\/masterful-artists.com\/wp-content\/uploads\/2025\/03\/Galaofspheres-e1741871464477.jpeg\" alt=\"Galatea of the Spheres, 1952, refl\u00e8te la fascination de Dal\u00ed pour la th\u00e9orie atomique et l&#039;intersection de la science et de l&#039;art. \" class=\"wp-image-8496\" srcset=\"https:\/\/masterful-artists.com\/wp-content\/uploads\/2025\/03\/Galaofspheres-e1741871464477.jpeg 276w, https:\/\/masterful-artists.com\/wp-content\/uploads\/2025\/03\/Galaofspheres-e1741871464477-229x300.jpeg 229w\" sizes=\"auto, (max-width: 276px) 100vw, 276px\" \/><figcaption class=\"wp-element-caption\"><em>Galat\u00e9e des sph\u00e8res, 1952 par Salvador Dal\u00ed<\/em><\/figcaption><\/figure>\n\n\n\n<figure class=\"wp-block-image size-large\"><img loading=\"lazy\" decoding=\"async\" width=\"477\" height=\"600\" data-id=\"8489\" src=\"https:\/\/masterful-artists.com\/wp-content\/uploads\/2025\/03\/inaugural-gooseflesh.jpgLarge-e1741871399732.jpg\" alt=\"Chair de poule inaugurale, 1928 de Salvador Dal\u00ed explore le subconscient \u00e0 travers une imagerie onirique et symbolique.\" class=\"wp-image-8489\" srcset=\"https:\/\/masterful-artists.com\/wp-content\/uploads\/2025\/03\/inaugural-gooseflesh.jpgLarge-e1741871399732.jpg 477w, https:\/\/masterful-artists.com\/wp-content\/uploads\/2025\/03\/inaugural-gooseflesh.jpgLarge-e1741871399732-239x300.jpg 239w\" sizes=\"auto, (max-width: 477px) 100vw, 477px\" \/><figcaption class=\"wp-element-caption\"><em>Chair de poule inaugurale, 1928 par Salvador Dal\u00ed<\/em><\/figcaption><\/figure>\n<\/figure>\n\n\n\n<p>Les sph\u00e8res semblent flotter dans l'espace tout en formant un portrait reconnaissable. Dal\u00ed a obtenu cet effet gr\u00e2ce \u00e0 une planification et une peinture m\u00e9ticuleuses.<\/p>\n\n\n\n<p>Cette \u0153uvre t\u00e9moigne de l'\u00e9volution du style de Dal\u00ed dans les ann\u00e9es 1950, o\u00f9 il combine des th\u00e8mes religieux et classiques traditionnels avec des concepts scientifiques modernes. La peinture mesure 65 \u00d7 54 cm et est conserv\u00e9e au Th\u00e9\u00e2tre-mus\u00e9e Dal\u00ed de Figueres, en Espagne.<\/p>\n\n\n\n<h3 class=\"wp-block-heading\">Les \u00e9l\u00e9phants<\/h3>\n\n\n\n<p>\"The Elephants\" (1948) met en sc\u00e8ne deux \u00e9l\u00e9phants allong\u00e9s aux pattes incroyablement minces, semblables \u00e0 des \u00e9chasses. Ces cr\u00e9atures se tiennent dans un paysage aust\u00e8re, portant des ob\u00e9lisques sur leur dos.<\/p>\n\n\n\n<figure class=\"wp-block-gallery has-nested-images columns-default is-cropped wp-block-gallery-5 is-layout-flex wp-block-gallery-is-layout-flex\">\n<figure class=\"wp-block-image size-large\"><img loading=\"lazy\" decoding=\"async\" width=\"362\" height=\"275\" data-id=\"8495\" src=\"https:\/\/masterful-artists.com\/wp-content\/uploads\/2025\/03\/Dali_Elephants-1-e1741871456251.jpg\" alt=\"Les \u00e9l\u00e9phants, 1948 de Salvador Dal\u00ed refl\u00e8te les th\u00e8mes de la force, de la fragilit\u00e9 et du paradoxe.\" class=\"wp-image-8495\" srcset=\"https:\/\/masterful-artists.com\/wp-content\/uploads\/2025\/03\/Dali_Elephants-1-e1741871456251.jpg 362w, https:\/\/masterful-artists.com\/wp-content\/uploads\/2025\/03\/Dali_Elephants-1-e1741871456251-300x228.jpg 300w\" sizes=\"auto, (max-width: 362px) 100vw, 362px\" \/><\/figure>\n<\/figure>\n\n\n\n<p class=\"has-text-align-center\"><em><sub>Les \u00e9l\u00e9phants, 1948 par Salvador Dal\u00ed<\/sub><\/em><\/p>\n\n\n\n<p>Les \u00e9l\u00e9phants repr\u00e9sentent la force et la puissance fragilis\u00e9es par leurs pattes improbables. Cette contradiction est un th\u00e8me r\u00e9current dans l'\u0153uvre de Dal\u00ed.<\/p>\n\n\n\n<p>La peinture m\u00e9lange des \u00e9l\u00e9ments de diff\u00e9rentes cultures, l'\u00e9l\u00e9phant s'inspirant de la sculpture du Bernin \u00e0 Rome. Les proportions d\u00e9form\u00e9es cr\u00e9ent un sentiment d'apesanteur malgr\u00e9 les corps massifs des \u00e9l\u00e9phants.<\/p>\n\n\n\n<p>Dal\u00ed a repris le motif de l'\u00e9l\u00e9phant dans plusieurs \u0153uvres tout au long de sa carri\u00e8re, en faisant l'une de ses images embl\u00e9matiques avec les montres fondantes.<\/p>\n\n\n\n<h3 class=\"wp-block-heading\">Exploration du surr\u00e9alisme<\/h3>\n\n\n\n<p>Dal\u00ed adh\u00e8re \u00e0 l'objectif du surr\u00e9alisme d'acc\u00e9der \u00e0 l'inconscient. Il a d\u00e9velopp\u00e9 sa \"m\u00e9thode parano\u00efaque-critique\", qui consiste \u00e0 provoquer des \u00e9tats hallucinatoires pour inspirer son art.<\/p>\n\n\n\n<p>Cette technique lui permet de cr\u00e9er des images doubles o\u00f9 les objets peuvent \u00eatre vus de plusieurs fa\u00e7ons. Par exemple, dans \"Swans Reflecting Elephants\" (1937), les reflets des cygnes se transforment en t\u00eates d'\u00e9l\u00e9phants.<\/p>\n\n\n\n<p>Les \u0153uvres surr\u00e9alistes de Dal\u00ed sont souvent incluses :<\/p>\n\n\n\n<ul class=\"wp-block-list\">\n<li>Paysages de r\u00eave<\/li>\n\n\n\n<li>Des objets transform\u00e9s de mani\u00e8re inattendue<\/li>\n\n\n\n<li>Symbolisme sexuel<\/li>\n\n\n\n<li>R\u00e9f\u00e9rences \u00e0 ses souvenirs d'enfance<\/li>\n\n\n\n<li>Concepts scientifiques et math\u00e9matiques<\/li>\n<\/ul>\n\n\n\n<p>Contrairement \u00e0 d'autres surr\u00e9alistes qui utilisent des techniques automatiques, Dal\u00ed maintient une pr\u00e9cision technique tout en explorant des sujets irrationnels.<\/p>\n\n\n\n<h3 class=\"wp-block-heading\">Utilisation des illusions d'optique<\/h3>\n\n\n\n<p>Dal\u00ed \u00e9tait fascin\u00e9 par les illusions d'optique et les tours de passe-passe visuels. Il incorporait souvent des images doubles o\u00f9 une image pouvait \u00eatre vue de plusieurs fa\u00e7ons selon la perspective du spectateur.<\/p>\n\n\n\n<p>Dans \"March\u00e9 aux esclaves avec le buste disparu de Voltaire\" (1940), le spectateur peut voir soit un groupe de personnages dans un march\u00e9, soit le visage de Voltaire. Cette technique n\u00e9cessite une composition et une ex\u00e9cution soign\u00e9es.<\/p>\n\n\n\n<p>Les derni\u00e8res \u0153uvres de Dal\u00ed explorent l'holographie, l'art st\u00e9r\u00e9oscopique et les exp\u00e9riences sur la perception. Il cr\u00e9e des images qui jouent avec la profondeur et la dimension, mettant le spectateur au d\u00e9fi de voir au-del\u00e0 de l'\u00e9vidence.<\/p>\n\n\n\n<p>Son tableau \"Tuna Fishing\" (1966-1967) utilise des techniques optiques pour cr\u00e9er une sc\u00e8ne chaotique mais pr\u00e9cis\u00e9ment arrang\u00e9e qui r\u00e9v\u00e8le diff\u00e9rents \u00e9l\u00e9ments au fur et \u00e0 mesure que le spectateur continue \u00e0 la regarder.<\/p>\n\n\n\n<h2 class=\"wp-block-heading\">Impact et h\u00e9ritage<\/h2>\n\n\n\n<figure class=\"wp-block-gallery has-nested-images columns-default is-cropped wp-block-gallery-6 is-layout-flex wp-block-gallery-is-layout-flex\">\n<figure class=\"wp-block-image size-large\"><img loading=\"lazy\" decoding=\"async\" width=\"640\" height=\"377\" data-id=\"8493\" src=\"https:\/\/masterful-artists.com\/wp-content\/uploads\/2025\/03\/view-of-cadaques-from-playa-poal-e1741871436955.jpg\" alt=\"Vue de Cadaqu\u00e9s depuis Playa Poal, 1920 - Salvador Dal\u00ed capture la beaut\u00e9 sereine de la c\u00f4te de Cadaqu\u00e9s.\" class=\"wp-image-8493\" srcset=\"https:\/\/masterful-artists.com\/wp-content\/uploads\/2025\/03\/view-of-cadaques-from-playa-poal-e1741871436955.jpg 640w, https:\/\/masterful-artists.com\/wp-content\/uploads\/2025\/03\/view-of-cadaques-from-playa-poal-e1741871436955-300x177.jpg 300w\" sizes=\"auto, (max-width: 640px) 100vw, 640px\" \/><\/figure>\n<\/figure>\n\n\n\n<p class=\"has-text-align-center\"><em><sub>Vue de Cadaqu\u00e9s depuis Playa Poal, 1920 - Salvador Dal\u00ed<\/sub><\/em><\/p>\n\n\n\n<p>Salvador Dal\u00ed <a href=\"https:\/\/masterful-artists.com\/fr\/alexandre-antigna-peintre-realisme-francais\/\">influence<\/a> s'\u00e9tend bien au-del\u00e0 de ses peintures, fa\u00e7onnant <a href=\"https:\/\/masterful-artists.com\/fr\/bernat-martorell-peintre-gothique-catalan\/\">mouvements artistiques<\/a> et la culture populaire dans le monde entier. Ses <a href=\"https:\/\/masterful-artists.com\/fr\/jules-bastien-lepage-peintre-realisme-francais\/\">style distinctif<\/a> et sa personnalit\u00e9 excentrique ont laiss\u00e9 une marque ind\u00e9l\u00e9bile qui continue de fasciner le public aujourd'hui.<\/p>\n\n\n\n<h3 class=\"wp-block-heading\">Influence sur le surr\u00e9alisme<\/h3>\n\n\n\n<p>Dal\u00ed a transform\u00e9 le surr\u00e9alisme avec sa \"m\u00e9thode parano\u00efaque-critique\", une technique qui lui permettait d'acc\u00e9der \u00e0 son subconscient. Cette approche a contribu\u00e9 \u00e0 d\u00e9finir le langage visuel du surr\u00e9alisme dans les ann\u00e9es 1930 et 1940.<\/p>\n\n\n\n<p>Ses horloges en fusion, ses paysages oniriques et ses juxtapositions \u00e9tranges sont devenus des symboles embl\u00e9matiques du mouvement. Des artistes comme Ren\u00e9 Magritte et Max Ernst ont \u00e9t\u00e9 influenc\u00e9s par sa technique pr\u00e9cise et son style. <a href=\"https:\/\/masterful-artists.com\/fr\/jean-malouel-peintre-art-gothique-hollandais\/\">th\u00e8mes psychologiques<\/a>.<\/p>\n\n\n\n<p>Au-del\u00e0 du surr\u00e9alisme, l'\u0153uvre de Dal\u00ed a influenc\u00e9 les mouvements artistiques ult\u00e9rieurs, notamment le pop art et l'art conceptuel. Ses explorations du <a href=\"https:\/\/masterful-artists.com\/fr\/bartolome-bermejo-peintre-art-gothique\/\">symbolisme<\/a> et la psychologie ont constitu\u00e9 une base sur laquelle les futurs artistes pourront s'appuyer.<\/p>\n\n\n\n<h3 class=\"wp-block-heading\">Impact mus\u00e9al et culturel<\/h3>\n\n\n\n<p>Le th\u00e9\u00e2tre-mus\u00e9e Dal\u00ed de Figueres, en Espagne, con\u00e7u par l'artiste lui-m\u00eame, attire plus de 1,5 million de visiteurs par an. Ce b\u00e2timent abrite la plus grande collection d'\u0153uvres de l'artiste et constitue \u00e0 lui seul une \u0153uvre d'art surr\u00e9aliste.<\/p>\n\n\n\n<p>Sa maison de Port Lligat, aujourd'hui transform\u00e9e en mus\u00e9e, offre un aper\u00e7u de sa vie priv\u00e9e et de son processus cr\u00e9atif. Le Salvador Dal\u00ed Museum de St. Petersburg, en Floride, abrite la plus grande collection d'\u0153uvres de Dal\u00ed en dehors de l'Europe.<\/p>\n\n\n\n<p>L'impact de Dal\u00ed s'\u00e9tend au cin\u00e9ma, \u00e0 la mode et \u00e0 la publicit\u00e9. Il a collabor\u00e9 avec des cin\u00e9astes comme Alfred Hitchcock et Walt Disney, et sa moustache caract\u00e9ristique est devenue une ic\u00f4ne culturelle \u00e0 part enti\u00e8re.<\/p>\n\n\n\n<h3 class=\"wp-block-heading\">Une popularit\u00e9 durable<\/h3>\n\n\n\n<p>Les \u0153uvres de Dal\u00ed continuent d'atteindre des prix \u00e9lev\u00e9s lors des ventes aux ench\u00e8res. Son tableau \"Portrait de Paul \u00c9luard\" a \u00e9t\u00e9 vendu pour $22,4 millions en 2011, d\u00e9montrant ainsi sa valeur marchande durable.<\/p>\n\n\n\n<figure class=\"wp-block-gallery has-nested-images columns-default is-cropped wp-block-gallery-7 is-layout-flex wp-block-gallery-is-layout-flex\">\n<figure class=\"wp-block-image size-large\"><img loading=\"lazy\" decoding=\"async\" width=\"640\" height=\"442\" data-id=\"8492\" src=\"https:\/\/masterful-artists.com\/wp-content\/uploads\/2025\/03\/two-gypsy-lads-1921-e1741871427489.jpg\" alt=\"Deux gitans, 1920-1921 refl\u00e8te la fascination de Dal\u00ed pour les th\u00e8mes espagnols traditionnels et sa formation acad\u00e9mique au r\u00e9alisme. \" class=\"wp-image-8492\" srcset=\"https:\/\/masterful-artists.com\/wp-content\/uploads\/2025\/03\/two-gypsy-lads-1921-e1741871427489.jpg 640w, https:\/\/masterful-artists.com\/wp-content\/uploads\/2025\/03\/two-gypsy-lads-1921-e1741871427489-300x207.jpg 300w\" sizes=\"auto, (max-width: 640px) 100vw, 640px\" \/><\/figure>\n<\/figure>\n\n\n\n<p class=\"has-text-align-center\"><em><sub>Deux gitans, 1920-1921 par Salvador Dal\u00ed<\/sub><\/em><\/p>\n\n\n\n<p>Son imagerie saisissante appara\u00eet sur des marchandises dans le monde entier, des affiches aux v\u00eatements. Cette pr\u00e9sence commerciale a permis de faire conna\u00eetre son travail \u00e0 de nouvelles g\u00e9n\u00e9rations.<\/p>\n\n\n\n<p>Les m\u00e9dias sociaux ont amplifi\u00e9 l'attrait de Dal\u00ed, avec des millions de posts pr\u00e9sentant ses \u0153uvres. Les jeunes sont particuli\u00e8rement attir\u00e9s par son imagerie onirique et ses th\u00e8mes provocateurs.<\/p>\n\n\n\n<h3 class=\"wp-block-heading\">Comment les \u00e9v\u00e9nements historiques et les exp\u00e9riences personnelles ont-ils fa\u00e7onn\u00e9 l'\u00e9volution artistique de Salvador Dal\u00ed ?<\/h3>\n\n\n\n<p>La guerre civile espagnole et la Seconde Guerre mondiale ont profond\u00e9ment marqu\u00e9 l'\u0153uvre de Dal\u00ed. Les peintures qu'il r\u00e9alise pendant ces conflits font souvent r\u00e9f\u00e9rence \u00e0 la violence et \u00e0 la d\u00e9cadence. Cela refl\u00e8te l'anxi\u00e9t\u00e9 de l'\u00e9poque.<\/p>\n\n\n\n<p>Sa relation avec sa femme et muse, Gala, a transform\u00e9 son art. Apr\u00e8s l'avoir rencontr\u00e9e en 1929, elle est devenue un sujet fr\u00e9quent et une force stabilisatrice dans sa vie et son processus cr\u00e9atif.<\/p>\n\n\n\n<p>L'exil de Dal\u00ed aux \u00c9tats-Unis de 1940 \u00e0 1948 l'a expos\u00e9 \u00e0 de nouveaux publics et \u00e0 de nouvelles opportunit\u00e9s commerciales. Cette p\u00e9riode l'a vu embrasser le statut de c\u00e9l\u00e9brit\u00e9 et d\u00e9velopper un portefeuille plus diversifi\u00e9 de projets cr\u00e9atifs.<\/p>\n\n\n<style>.wp-block-kadence-advancedgallery .kb-gallery-type-masonry.kb-gallery-id-7496_a0e22a-cf{margin:-5.5px;}.kb-gallery-type-masonry.kb-gallery-id-7496_a0e22a-cf .kadence-blocks-gallery-item{padding:5.5px;}.kb-gallery-id-7496_a0e22a-cf .kadence-blocks-gallery-item .kb-gal-image-radius, .kb-gallery-id-7496_a0e22a-cf .kb-slide-item .kb-gal-image-radius img{border-radius:0px 0px 0px 0px;;}.kb-gallery-caption-style-bottom.kb-gallery-id-7496_a0e22a-cf .kadence-blocks-gallery-item .kadence-blocks-gallery-item-inner .kadence-blocks-gallery-item__caption, .kb-gallery-caption-style-bottom-hover.kb-gallery-id-7496_a0e22a-cf .kadence-blocks-gallery-item .kadence-blocks-gallery-item-inner .kadence-blocks-gallery-item__caption{background:linear-gradient(0deg, #000000 0, rgba(0, 0, 0, 0) 100%);}<\/style><div class=\"kb-gallery-wrap-id-7496_a0e22a-cf alignwide alignwide wp-block-kadence-advancedgallery\"><ul class=\"kb-gallery-ul kb-gallery-non-static kb-gallery-type-masonry kb-masonry-init kb-gallery-id-7496_a0e22a-cf kb-gallery-caption-style-bottom-hover kb-gallery-filter-none kb-gallery-magnific-init\" data-image-filter=\"none\" data-item-selector=\".kadence-blocks-gallery-item\" data-lightbox-caption=\"true\" data-columns-xxl=\"3\" data-columns-xl=\"3\" data-columns-md=\"3\" data-columns-sm=\"2\" data-columns-xs=\"1\" data-columns-ss=\"1\"><li class=\"kadence-blocks-gallery-item\"><div class=\"kadence-blocks-gallery-item-inner\"><figure class=\"kb-gallery-figure kb-gallery-item-has-link kadence-blocks-gallery-item-has-caption\"><a href=\"https:\/\/masterful-artists.com\/wp-content\/uploads\/2025\/03\/two-gypsy-lads-1921-e1741871427489.jpg\" data-description=\"Two Gypsy Lads, 1920\u20131921 by Salvador Dal\u00ed\" class=\"kb-gallery-item-link\"   role=\"button\" aria-haspopup=\"dialog\"><div class=\"kb-gal-image-radius\" style=\"max-width:640px;\"><div class=\"kb-gallery-image-contain kadence-blocks-gallery-intrinsic\" style=\"padding-bottom:69%;\"><img loading=\"lazy\" decoding=\"async\" src=\"https:\/\/masterful-artists.com\/wp-content\/uploads\/2025\/03\/two-gypsy-lads-1921-e1741871427489.jpg\" width=\"640\" height=\"442\" alt=\"\" data-full-image=\"https:\/\/masterful-artists.com\/wp-content\/uploads\/2025\/03\/two-gypsy-lads-1921-e1741871427489.jpg\" data-light-image=\"https:\/\/masterful-artists.com\/wp-content\/uploads\/2025\/03\/two-gypsy-lads-1921-e1741871427489.jpg\" data-id=\"8492\" class=\"wp-image-8492\" srcset=\"https:\/\/masterful-artists.com\/wp-content\/uploads\/2025\/03\/two-gypsy-lads-1921-e1741871427489.jpg 640w, https:\/\/masterful-artists.com\/wp-content\/uploads\/2025\/03\/two-gypsy-lads-1921-e1741871427489-300x207.jpg 300w\" sizes=\"auto, (max-width: 640px) 100vw, 640px\" \/><\/div><div class=\"kadence-blocks-gallery-item__caption\"><em>Deux gitans, 1920-1921 par Salvador Dal\u00ed<\/em><\/div><\/div><\/a><\/figure><\/div><\/li><li class=\"kadence-blocks-gallery-item\"><div class=\"kadence-blocks-gallery-item-inner\"><figure class=\"kb-gallery-figure kb-gallery-item-has-link kadence-blocks-gallery-item-has-caption\"><a href=\"https:\/\/masterful-artists.com\/wp-content\/uploads\/2025\/03\/Dali_Harcourt_1936-e1741871380990.jpg\" data-description=\"Salvador Dal\u00ed, photographed by Studio Harcourt in 1936\" data-alt=\"Salvador Dal\u00ed, photographed by Studio Harcourt in 1936\" class=\"kb-gallery-item-link\"   role=\"button\" aria-haspopup=\"dialog\"><div class=\"kb-gal-image-radius\" style=\"max-width:432px;\"><div class=\"kb-gallery-image-contain kadence-blocks-gallery-intrinsic\" style=\"padding-bottom:150%;\"><img loading=\"lazy\" decoding=\"async\" src=\"https:\/\/masterful-artists.com\/wp-content\/uploads\/2025\/03\/Dali_Harcourt_1936-e1741871380990.jpg\" width=\"432\" height=\"650\" alt=\"Salvador Dal\u00ed, photographi\u00e9 par Studio Harcourt en 1936\" data-full-image=\"https:\/\/masterful-artists.com\/wp-content\/uploads\/2025\/03\/Dali_Harcourt_1936-e1741871380990.jpg\" data-light-image=\"https:\/\/masterful-artists.com\/wp-content\/uploads\/2025\/03\/Dali_Harcourt_1936-e1741871380990.jpg\" data-id=\"8487\" class=\"wp-image-8487\" srcset=\"https:\/\/masterful-artists.com\/wp-content\/uploads\/2025\/03\/Dali_Harcourt_1936-e1741871380990.jpg 432w, https:\/\/masterful-artists.com\/wp-content\/uploads\/2025\/03\/Dali_Harcourt_1936-e1741871380990-199x300.jpg 199w\" sizes=\"auto, (max-width: 432px) 100vw, 432px\" \/><\/div><div class=\"kadence-blocks-gallery-item__caption\"><em>Salvador Dal\u00ed, photographi\u00e9 par Studio Harcourt en 1936<\/em><\/div><\/div><\/a><\/figure><\/div><\/li><li class=\"kadence-blocks-gallery-item\"><div class=\"kadence-blocks-gallery-item-inner\"><figure class=\"kb-gallery-figure kb-gallery-item-has-link kadence-blocks-gallery-item-has-caption\"><a href=\"https:\/\/masterful-artists.com\/wp-content\/uploads\/2025\/03\/dali-salvador_-femmes-aux-papillons-e1741871372207.webp\" data-description=\"Femmes aux papillons by Salvador Dali\" data-alt=\"Femmes aux papillons by Salvador Dali\" class=\"kb-gallery-item-link\"   role=\"button\" aria-haspopup=\"dialog\"><div class=\"kb-gal-image-radius\" style=\"max-width:1000px;\"><div class=\"kb-gallery-image-contain kadence-blocks-gallery-intrinsic\" style=\"padding-bottom:56%;\"><img loading=\"lazy\" decoding=\"async\" src=\"https:\/\/masterful-artists.com\/wp-content\/uploads\/2025\/03\/dali-salvador_-femmes-aux-papillons-e1741871372207.webp\" width=\"1000\" height=\"563\" alt=\"Femmes aux papillons de Salvador Dali\" data-full-image=\"https:\/\/masterful-artists.com\/wp-content\/uploads\/2025\/03\/dali-salvador_-femmes-aux-papillons-e1741871372207.webp\" data-light-image=\"https:\/\/masterful-artists.com\/wp-content\/uploads\/2025\/03\/dali-salvador_-femmes-aux-papillons-e1741871372207.webp\" data-id=\"8486\" class=\"wp-image-8486\" srcset=\"https:\/\/masterful-artists.com\/wp-content\/uploads\/2025\/03\/dali-salvador_-femmes-aux-papillons-e1741871372207.webp 1000w, https:\/\/masterful-artists.com\/wp-content\/uploads\/2025\/03\/dali-salvador_-femmes-aux-papillons-e1741871372207-300x169.webp 300w, https:\/\/masterful-artists.com\/wp-content\/uploads\/2025\/03\/dali-salvador_-femmes-aux-papillons-e1741871372207-768x432.webp 768w\" sizes=\"auto, (max-width: 1000px) 100vw, 1000px\" \/><\/div><div class=\"kadence-blocks-gallery-item__caption\"><em>Femmes aux papillons de Salvador Dali<\/em><\/div><\/div><\/a><\/figure><\/div><\/li><li class=\"kadence-blocks-gallery-item\"><div class=\"kadence-blocks-gallery-item-inner\"><figure class=\"kb-gallery-figure kb-gallery-item-has-link kadence-blocks-gallery-item-has-caption\"><a href=\"https:\/\/masterful-artists.com\/wp-content\/uploads\/2025\/03\/composition-1-e1741871407151.jpg\" data-description=\"Composition, 1928 by Salvador Dal\u00ed\" class=\"kb-gallery-item-link\"   role=\"button\" aria-haspopup=\"dialog\"><div class=\"kb-gal-image-radius\" style=\"max-width:640px;\"><div class=\"kb-gallery-image-contain kadence-blocks-gallery-intrinsic\" style=\"padding-bottom:56%;\"><img loading=\"lazy\" decoding=\"async\" src=\"https:\/\/masterful-artists.com\/wp-content\/uploads\/2025\/03\/composition-1-e1741871407151.jpg\" width=\"640\" height=\"359\" alt=\"\" data-full-image=\"https:\/\/masterful-artists.com\/wp-content\/uploads\/2025\/03\/composition-1-e1741871407151.jpg\" data-light-image=\"https:\/\/masterful-artists.com\/wp-content\/uploads\/2025\/03\/composition-1-e1741871407151.jpg\" data-id=\"8490\" class=\"wp-image-8490\" srcset=\"https:\/\/masterful-artists.com\/wp-content\/uploads\/2025\/03\/composition-1-e1741871407151.jpg 640w, https:\/\/masterful-artists.com\/wp-content\/uploads\/2025\/03\/composition-1-e1741871407151-300x168.jpg 300w\" sizes=\"auto, (max-width: 640px) 100vw, 640px\" \/><\/div><div class=\"kadence-blocks-gallery-item__caption\"><em>Composition, 1928 par Salvador Dal\u00ed<\/em><\/div><\/div><\/a><\/figure><\/div><\/li><li class=\"kadence-blocks-gallery-item\"><div class=\"kadence-blocks-gallery-item-inner\"><figure class=\"kb-gallery-figure kb-gallery-item-has-link kadence-blocks-gallery-item-has-caption\"><a href=\"https:\/\/masterful-artists.com\/wp-content\/uploads\/2025\/03\/inaugural-gooseflesh.jpgLarge-e1741871399732.jpg\" data-description=\"Inaugural Gooseflesh, 1928 by Salvador Dal\u00ed\" class=\"kb-gallery-item-link\"   role=\"button\" aria-haspopup=\"dialog\"><div class=\"kb-gal-image-radius\" style=\"max-width:477px;\"><div class=\"kb-gallery-image-contain kadence-blocks-gallery-intrinsic\" style=\"padding-bottom:125%;\"><img loading=\"lazy\" decoding=\"async\" src=\"https:\/\/masterful-artists.com\/wp-content\/uploads\/2025\/03\/inaugural-gooseflesh.jpgLarge-e1741871399732.jpg\" width=\"477\" height=\"600\" alt=\"\" data-full-image=\"https:\/\/masterful-artists.com\/wp-content\/uploads\/2025\/03\/inaugural-gooseflesh.jpgLarge-e1741871399732.jpg\" data-light-image=\"https:\/\/masterful-artists.com\/wp-content\/uploads\/2025\/03\/inaugural-gooseflesh.jpgLarge-e1741871399732.jpg\" data-id=\"8489\" class=\"wp-image-8489\" srcset=\"https:\/\/masterful-artists.com\/wp-content\/uploads\/2025\/03\/inaugural-gooseflesh.jpgLarge-e1741871399732.jpg 477w, https:\/\/masterful-artists.com\/wp-content\/uploads\/2025\/03\/inaugural-gooseflesh.jpgLarge-e1741871399732-239x300.jpg 239w\" sizes=\"auto, (max-width: 477px) 100vw, 477px\" \/><\/div><div class=\"kadence-blocks-gallery-item__caption\"><em>Chair de poule inaugurale, 1928 par Salvador Dal\u00ed<\/em><\/div><\/div><\/a><\/figure><\/div><\/li><li class=\"kadence-blocks-gallery-item\"><div class=\"kadence-blocks-gallery-item-inner\"><figure class=\"kb-gallery-figure kb-gallery-item-has-link kadence-blocks-gallery-item-has-caption\"><a href=\"https:\/\/masterful-artists.com\/wp-content\/uploads\/2025\/03\/the-enigma-of-william-tell.jpgLarge-e1741871389105.jpg\" data-description=\"The Enigma of William Tell, 1933 by Salvador Dal\u00ed\" class=\"kb-gallery-item-link\"   role=\"button\" aria-haspopup=\"dialog\"><div class=\"kb-gal-image-radius\" style=\"max-width:750px;\"><div class=\"kb-gallery-image-contain kadence-blocks-gallery-intrinsic\" style=\"padding-bottom:59%;\"><img loading=\"lazy\" decoding=\"async\" src=\"https:\/\/masterful-artists.com\/wp-content\/uploads\/2025\/03\/the-enigma-of-william-tell.jpgLarge-e1741871389105.jpg\" width=\"750\" height=\"445\" alt=\"\" data-full-image=\"https:\/\/masterful-artists.com\/wp-content\/uploads\/2025\/03\/the-enigma-of-william-tell.jpgLarge-e1741871389105.jpg\" data-light-image=\"https:\/\/masterful-artists.com\/wp-content\/uploads\/2025\/03\/the-enigma-of-william-tell.jpgLarge-e1741871389105.jpg\" data-id=\"8488\" class=\"wp-image-8488\" srcset=\"https:\/\/masterful-artists.com\/wp-content\/uploads\/2025\/03\/the-enigma-of-william-tell.jpgLarge-e1741871389105.jpg 750w, https:\/\/masterful-artists.com\/wp-content\/uploads\/2025\/03\/the-enigma-of-william-tell.jpgLarge-e1741871389105-300x178.jpg 300w\" sizes=\"auto, (max-width: 750px) 100vw, 750px\" \/><\/div><div class=\"kadence-blocks-gallery-item__caption\"><em>L'\u00e9nigme de Guillaume Tell, 1933 par Salvador Dal\u00ed<\/em><\/div><\/div><\/a><\/figure><\/div><\/li><li class=\"kadence-blocks-gallery-item\"><div class=\"kadence-blocks-gallery-item-inner\"><figure class=\"kb-gallery-figure kb-gallery-item-has-link kadence-blocks-gallery-item-has-caption\"><a href=\"https:\/\/masterful-artists.com\/wp-content\/uploads\/2025\/03\/The_Persistence_of_Memory-1-e1741871474548.jpg\" data-description=\"The Persistence of Memory, 1931 by Salvador Dal\u00ed\" class=\"kb-gallery-item-link\"   role=\"button\" aria-haspopup=\"dialog\"><div class=\"kb-gal-image-radius\" style=\"max-width:368px;\"><div class=\"kb-gallery-image-contain kadence-blocks-gallery-intrinsic\" style=\"padding-bottom:73%;\"><img loading=\"lazy\" decoding=\"async\" src=\"https:\/\/masterful-artists.com\/wp-content\/uploads\/2025\/03\/The_Persistence_of_Memory-1-e1741871474548.jpg\" width=\"368\" height=\"271\" alt=\"\" data-full-image=\"https:\/\/masterful-artists.com\/wp-content\/uploads\/2025\/03\/The_Persistence_of_Memory-1-e1741871474548.jpg\" data-light-image=\"https:\/\/masterful-artists.com\/wp-content\/uploads\/2025\/03\/The_Persistence_of_Memory-1-e1741871474548.jpg\" data-id=\"8497\" class=\"wp-image-8497\" srcset=\"https:\/\/masterful-artists.com\/wp-content\/uploads\/2025\/03\/The_Persistence_of_Memory-1-e1741871474548.jpg 368w, https:\/\/masterful-artists.com\/wp-content\/uploads\/2025\/03\/The_Persistence_of_Memory-1-e1741871474548-300x221.jpg 300w\" sizes=\"auto, (max-width: 368px) 100vw, 368px\" \/><\/div><div class=\"kadence-blocks-gallery-item__caption\"><em>La persistance de la m\u00e9moire, 1931, Salvador Dal\u00ed<\/em><\/div><\/div><\/a><\/figure><\/div><\/li><li class=\"kadence-blocks-gallery-item\"><div class=\"kadence-blocks-gallery-item-inner\"><figure class=\"kb-gallery-figure kb-gallery-item-has-link kadence-blocks-gallery-item-has-caption\"><a href=\"https:\/\/masterful-artists.com\/wp-content\/uploads\/2025\/03\/Galaofspheres-e1741871464477.jpeg\" data-description=\"Galatea of the Spheres, 1952 by Salvador Dal\u00ed\" class=\"kb-gallery-item-link\"   role=\"button\" aria-haspopup=\"dialog\"><div class=\"kb-gal-image-radius\" style=\"max-width:276px;\"><div class=\"kb-gallery-image-contain kadence-blocks-gallery-intrinsic\" style=\"padding-bottom:130%;\"><img loading=\"lazy\" decoding=\"async\" src=\"https:\/\/masterful-artists.com\/wp-content\/uploads\/2025\/03\/Galaofspheres-e1741871464477.jpeg\" width=\"276\" height=\"361\" alt=\"\" data-full-image=\"https:\/\/masterful-artists.com\/wp-content\/uploads\/2025\/03\/Galaofspheres-e1741871464477.jpeg\" data-light-image=\"https:\/\/masterful-artists.com\/wp-content\/uploads\/2025\/03\/Galaofspheres-e1741871464477.jpeg\" data-id=\"8496\" class=\"wp-image-8496\" srcset=\"https:\/\/masterful-artists.com\/wp-content\/uploads\/2025\/03\/Galaofspheres-e1741871464477.jpeg 276w, https:\/\/masterful-artists.com\/wp-content\/uploads\/2025\/03\/Galaofspheres-e1741871464477-229x300.jpeg 229w\" sizes=\"auto, (max-width: 276px) 100vw, 276px\" \/><\/div><div class=\"kadence-blocks-gallery-item__caption\"><em>Galat\u00e9e des sph\u00e8res, 1952 par Salvador Dal\u00ed<\/em><\/div><\/div><\/a><\/figure><\/div><\/li><li class=\"kadence-blocks-gallery-item\"><div class=\"kadence-blocks-gallery-item-inner\"><figure class=\"kb-gallery-figure kb-gallery-item-has-link kadence-blocks-gallery-item-has-caption\"><a href=\"https:\/\/masterful-artists.com\/wp-content\/uploads\/2025\/03\/Dali_Elephants-1-e1741871456251.jpg\" data-description=\"The Elephants, 1948 by Salvador Dal\u00ed\" class=\"kb-gallery-item-link\"   role=\"button\" aria-haspopup=\"dialog\"><div class=\"kb-gal-image-radius\" style=\"max-width:362px;\"><div class=\"kb-gallery-image-contain kadence-blocks-gallery-intrinsic\" style=\"padding-bottom:75%;\"><img loading=\"lazy\" decoding=\"async\" src=\"https:\/\/masterful-artists.com\/wp-content\/uploads\/2025\/03\/Dali_Elephants-1-e1741871456251.jpg\" width=\"362\" height=\"275\" alt=\"\" data-full-image=\"https:\/\/masterful-artists.com\/wp-content\/uploads\/2025\/03\/Dali_Elephants-1-e1741871456251.jpg\" data-light-image=\"https:\/\/masterful-artists.com\/wp-content\/uploads\/2025\/03\/Dali_Elephants-1-e1741871456251.jpg\" data-id=\"8495\" class=\"wp-image-8495\" srcset=\"https:\/\/masterful-artists.com\/wp-content\/uploads\/2025\/03\/Dali_Elephants-1-e1741871456251.jpg 362w, https:\/\/masterful-artists.com\/wp-content\/uploads\/2025\/03\/Dali_Elephants-1-e1741871456251-300x228.jpg 300w\" sizes=\"auto, (max-width: 362px) 100vw, 362px\" \/><\/div><div class=\"kadence-blocks-gallery-item__caption\"><em>Les \u00e9l\u00e9phants, 1948 par Salvador Dal\u00ed<\/em><\/div><\/div><\/a><\/figure><\/div><\/li><li class=\"kadence-blocks-gallery-item\"><div class=\"kadence-blocks-gallery-item-inner\"><figure class=\"kb-gallery-figure kb-gallery-item-has-link kadence-blocks-gallery-item-has-caption\"><a href=\"https:\/\/masterful-artists.com\/wp-content\/uploads\/2025\/03\/view-of-cadaques-from-playa-poal-e1741871436955.jpg\" data-description=\"View of Cadaqu\u00e9s from Playa Poal, 1920 \u2013 Salvador Dal\u00ed\" class=\"kb-gallery-item-link\"   role=\"button\" aria-haspopup=\"dialog\"><div class=\"kb-gal-image-radius\" style=\"max-width:640px;\"><div class=\"kb-gallery-image-contain kadence-blocks-gallery-intrinsic\" style=\"padding-bottom:58%;\"><img loading=\"lazy\" decoding=\"async\" src=\"https:\/\/masterful-artists.com\/wp-content\/uploads\/2025\/03\/view-of-cadaques-from-playa-poal-e1741871436955.jpg\" width=\"640\" height=\"377\" alt=\"\" data-full-image=\"https:\/\/masterful-artists.com\/wp-content\/uploads\/2025\/03\/view-of-cadaques-from-playa-poal-e1741871436955.jpg\" data-light-image=\"https:\/\/masterful-artists.com\/wp-content\/uploads\/2025\/03\/view-of-cadaques-from-playa-poal-e1741871436955.jpg\" data-id=\"8493\" class=\"wp-image-8493\" srcset=\"https:\/\/masterful-artists.com\/wp-content\/uploads\/2025\/03\/view-of-cadaques-from-playa-poal-e1741871436955.jpg 640w, https:\/\/masterful-artists.com\/wp-content\/uploads\/2025\/03\/view-of-cadaques-from-playa-poal-e1741871436955-300x177.jpg 300w\" sizes=\"auto, (max-width: 640px) 100vw, 640px\" \/><\/div><div class=\"kadence-blocks-gallery-item__caption\"><em>Vue de Cadaqu\u00e9s depuis Playa Poal, 1920 - Salvador Dal\u00ed<\/em><\/div><\/div><\/a><\/figure><\/div><\/li><\/ul><\/div>\n\n\n<p><\/p>","protected":false},"excerpt":{"rendered":"<p>Explorez les peintures de Salvador Dal\u00ed, o\u00f9 les visions oniriques, les d\u00e9tails m\u00e9ticuleux et l'imagination surr\u00e9aliste red\u00e9finissent les limites de l'art moderne.<\/p>","protected":false},"author":3,"featured_media":8486,"comment_status":"closed","ping_status":"closed","sticky":false,"template":"","format":"standard","meta":{"_kad_blocks_custom_css":"","_kad_blocks_head_custom_js":"","_kad_blocks_body_custom_js":"","_kad_blocks_footer_custom_js":"","_kad_post_transparent":"","_kad_post_title":"","_kad_post_layout":"","_kad_post_sidebar_id":"","_kad_post_content_style":"","_kad_post_vertical_padding":"","_kad_post_feature":"","_kad_post_feature_position":"","_kad_post_header":false,"_kad_post_footer":false,"_kad_post_classname":"","footnotes":""},"categories":[65,177,124,77,52,151,165,147],"tags":[31,26,188,158,152,66,27,148],"class_list":["post-7496","post","type-post","status-publish","format-standard","has-post-thumbnail","hentry","category-spanish","category-cubism","category-impressionism","category-master","category-painters","category-pointillism","category-surrealism","category-symbolism","tag-cubism","tag-impressionism","tag-master","tag-painter","tag-pointillism","tag-spanish","tag-surrealism","tag-symbolism"],"taxonomy_info":{"category":[{"value":65,"label":"Spanish"},{"value":177,"label":"Cubism"},{"value":124,"label":"Impressionism"},{"value":77,"label":"Master"},{"value":52,"label":"Painters"},{"value":151,"label":"Pointillism"},{"value":165,"label":"Surrealism"},{"value":147,"label":"Symbolism"}],"post_tag":[{"value":31,"label":"Cubism"},{"value":26,"label":"Impressionism"},{"value":188,"label":"master"},{"value":158,"label":"Painter"},{"value":152,"label":"Pointillism"},{"value":66,"label":"Spanish"},{"value":27,"label":"Surrealism"},{"value":148,"label":"Symbolism"}]},"featured_image_src_large":["https:\/\/masterful-artists.com\/wp-content\/uploads\/2025\/03\/dali-salvador_-femmes-aux-papillons-e1741871372207.webp",1000,563,false],"author_info":{"display_name":"Richard J. Sheppard","author_link":"https:\/\/masterful-artists.com\/fr\/author\/koala\/"},"comment_info":0,"category_info":[{"term_id":65,"name":"Spanish","slug":"spanish","term_group":0,"term_taxonomy_id":65,"taxonomy":"category","description":"","parent":0,"count":19,"filter":"raw","cat_ID":65,"category_count":19,"category_description":"","cat_name":"Spanish","category_nicename":"spanish","category_parent":0},{"term_id":177,"name":"Cubism","slug":"cubism","term_group":0,"term_taxonomy_id":177,"taxonomy":"category","description":"","parent":0,"count":27,"filter":"raw","cat_ID":177,"category_count":27,"category_description":"","cat_name":"Cubism","category_nicename":"cubism","category_parent":0},{"term_id":124,"name":"Impressionism","slug":"impressionism","term_group":0,"term_taxonomy_id":124,"taxonomy":"category","description":"","parent":0,"count":103,"filter":"raw","cat_ID":124,"category_count":103,"category_description":"","cat_name":"Impressionism","category_nicename":"impressionism","category_parent":0},{"term_id":77,"name":"Master","slug":"master","term_group":0,"term_taxonomy_id":77,"taxonomy":"category","description":"","parent":0,"count":172,"filter":"raw","cat_ID":77,"category_count":172,"category_description":"","cat_name":"Master","category_nicename":"master","category_parent":0},{"term_id":52,"name":"Painters","slug":"painters","term_group":0,"term_taxonomy_id":52,"taxonomy":"category","description":"","parent":0,"count":404,"filter":"raw","cat_ID":52,"category_count":404,"category_description":"","cat_name":"Painters","category_nicename":"painters","category_parent":0},{"term_id":151,"name":"Pointillism","slug":"pointillism","term_group":0,"term_taxonomy_id":151,"taxonomy":"category","description":"","parent":0,"count":8,"filter":"raw","cat_ID":151,"category_count":8,"category_description":"","cat_name":"Pointillism","category_nicename":"pointillism","category_parent":0},{"term_id":165,"name":"Surrealism","slug":"surrealism","term_group":0,"term_taxonomy_id":165,"taxonomy":"category","description":"","parent":0,"count":30,"filter":"raw","cat_ID":165,"category_count":30,"category_description":"","cat_name":"Surrealism","category_nicename":"surrealism","category_parent":0},{"term_id":147,"name":"Symbolism","slug":"symbolism","term_group":0,"term_taxonomy_id":147,"taxonomy":"category","description":"","parent":0,"count":105,"filter":"raw","cat_ID":147,"category_count":105,"category_description":"","cat_name":"Symbolism","category_nicename":"symbolism","category_parent":0}],"tag_info":[{"term_id":31,"name":"Cubism","slug":"cubism","term_group":0,"term_taxonomy_id":31,"taxonomy":"post_tag","description":"","parent":0,"count":26,"filter":"raw"},{"term_id":26,"name":"Impressionism","slug":"impressionism","term_group":0,"term_taxonomy_id":26,"taxonomy":"post_tag","description":"","parent":0,"count":104,"filter":"raw"},{"term_id":188,"name":"master","slug":"master","term_group":0,"term_taxonomy_id":188,"taxonomy":"post_tag","description":"","parent":0,"count":102,"filter":"raw"},{"term_id":158,"name":"Painter","slug":"painter","term_group":0,"term_taxonomy_id":158,"taxonomy":"post_tag","description":"","parent":0,"count":246,"filter":"raw"},{"term_id":152,"name":"Pointillism","slug":"pointillism","term_group":0,"term_taxonomy_id":152,"taxonomy":"post_tag","description":"","parent":0,"count":5,"filter":"raw"},{"term_id":66,"name":"Spanish","slug":"spanish","term_group":0,"term_taxonomy_id":66,"taxonomy":"post_tag","description":"","parent":0,"count":18,"filter":"raw"},{"term_id":27,"name":"Surrealism","slug":"surrealism","term_group":0,"term_taxonomy_id":27,"taxonomy":"post_tag","description":"","parent":0,"count":43,"filter":"raw"},{"term_id":148,"name":"Symbolism","slug":"symbolism","term_group":0,"term_taxonomy_id":148,"taxonomy":"post_tag","description":"","parent":0,"count":86,"filter":"raw"}],"_links":{"self":[{"href":"https:\/\/masterful-artists.com\/fr\/wp-json\/wp\/v2\/posts\/7496","targetHints":{"allow":["GET"]}}],"collection":[{"href":"https:\/\/masterful-artists.com\/fr\/wp-json\/wp\/v2\/posts"}],"about":[{"href":"https:\/\/masterful-artists.com\/fr\/wp-json\/wp\/v2\/types\/post"}],"author":[{"embeddable":true,"href":"https:\/\/masterful-artists.com\/fr\/wp-json\/wp\/v2\/users\/3"}],"replies":[{"embeddable":true,"href":"https:\/\/masterful-artists.com\/fr\/wp-json\/wp\/v2\/comments?post=7496"}],"version-history":[{"count":1,"href":"https:\/\/masterful-artists.com\/fr\/wp-json\/wp\/v2\/posts\/7496\/revisions"}],"predecessor-version":[{"id":8498,"href":"https:\/\/masterful-artists.com\/fr\/wp-json\/wp\/v2\/posts\/7496\/revisions\/8498"}],"wp:featuredmedia":[{"embeddable":true,"href":"https:\/\/masterful-artists.com\/fr\/wp-json\/wp\/v2\/media\/8486"}],"wp:attachment":[{"href":"https:\/\/masterful-artists.com\/fr\/wp-json\/wp\/v2\/media?parent=7496"}],"wp:term":[{"taxonomy":"category","embeddable":true,"href":"https:\/\/masterful-artists.com\/fr\/wp-json\/wp\/v2\/categories?post=7496"},{"taxonomy":"post_tag","embeddable":true,"href":"https:\/\/masterful-artists.com\/fr\/wp-json\/wp\/v2\/tags?post=7496"}],"curies":[{"name":"wp","href":"https:\/\/api.w.org\/{rel}","templated":true}]}}